{"id":4610,"date":"2013-01-14T07:13:22","date_gmt":"2013-01-14T06:13:22","guid":{"rendered":"http:\/\/blogs.diariosur.es\/tormentas-y-rayos\/?p=4610"},"modified":"2013-01-14T07:13:22","modified_gmt":"2013-01-14T06:13:22","slug":"el-martes-el-terral-de-invierno-soplara-fuerte-probabilidad-que-se-active-la-alerta-amarilla-por-vientos","status":"publish","type":"post","link":"https:\/\/blogs.diariosur.es\/tormentas-y-rayos\/2013\/01\/14\/el-martes-el-terral-de-invierno-soplara-fuerte-probabilidad-que-se-active-la-alerta-amarilla-por-vientos\/","title":{"rendered":"El martes el terral de invierno soplara fuerte.Probabilidad de lluvias a partir del jueves."},"content":{"rendered":"<p><strong>\u00a0<\/strong><\/p>\n<p><strong>\u00a0Son las seis de la ma\u00f1ana, registro 10 grados y los cielos est\u00e1n poco nubosos. El terral de invierno sigue de protagonista, ha estado soplando entre moderado y fuerte toda la pasada noche. Durante el dia de hoy seguir\u00e1 soplando un poco mas flojo. Pero ma\u00f1ana martes, de nuevo las rachas ser\u00e1n fuertes.<\/strong><\/p>\n<p><strong>Se cumplieron los pron\u00f3sticos este pasado domingo, bajaron las temperaturas, soplo fuerte el viento, y se registraron chubascos a primera hora de la madrugada. Mi pluvi\u00f3metro registro casi dos litros, destacando el Torcal con casi 10 litros. La maxima no paso de 14 grados el domingo y la\u00a0m\u00ednima\u00a0fue de 10 grados pero a la una de la madrugada.<\/strong><\/p>\n<p><strong>\u00a0\u00a0Os paso en im\u00e1genes lo que dio de si el domingo. Sobre las siete de la ma\u00f1ana empez\u00f3 a llover. En esta imagen del radar de lluvias de la Aemet se ve claramente.\u00a0<\/strong><\/p>\n<p><a href=\"https:\/\/blogs.diariosur.es\/tormentas-y-rayos\/2013\/01\/14\/el-martes-el-terral-de-invierno-soplara-fuerte-probabilidad-que-se-active-la-alerta-amarilla-por-vientos\/lli\/\" rel=\"attachment wp-att-4611\"><img loading=\"lazy\" class=\"aligncenter size-full wp-image-4611\" title=\"lli\" src=\"\/tormentas-y-rayos\/wp-content\/uploads\/sites\/12\/2013\/01\/lli.jpg\" alt=\"\" width=\"581\" height=\"596\" srcset=\"https:\/\/static-blogs.diariosur.es\/wp-content\/uploads\/sites\/12\/2013\/01\/lli.jpg 581w, https:\/\/static-blogs.diariosur.es\/wp-content\/uploads\/sites\/12\/2013\/01\/lli-390x400.jpg 390w\" sizes=\"(max-width: 581px) 100vw, 581px\" \/><\/a><\/p>\n<p>&nbsp;<\/p>\n<p><strong>\u00a0Cog\u00ed el coche y tire para la playa, cuando llegue a las ocho hab\u00eda poca luz y solo se distingu\u00eda hacia el este un peque\u00f1o candilazo, que logre fotografiar, pero la foto es de mala calidad.\u00a0<\/strong><\/p>\n<p>&nbsp;<\/p>\n<p>&nbsp;<\/p>\n<p><a href=\"https:\/\/blogs.diariosur.es\/tormentas-y-rayos\/2013\/01\/14\/el-martes-el-terral-de-invierno-soplara-fuerte-probabilidad-que-se-active-la-alerta-amarilla-por-vientos\/olympus-digital-camera-1033\/\" rel=\"attachment wp-att-4612\"><img loading=\"lazy\" class=\"aligncenter size-full wp-image-4612\" title=\"OLYMPUS DIGITAL CAMERA\" src=\"\/tormentas-y-rayos\/wp-content\/uploads\/sites\/12\/2013\/01\/005.jpg\" alt=\"\" width=\"670\" height=\"258\" srcset=\"https:\/\/static-blogs.diariosur.es\/wp-content\/uploads\/sites\/12\/2013\/01\/005.jpg 670w, https:\/\/static-blogs.diariosur.es\/wp-content\/uploads\/sites\/12\/2013\/01\/005-640x246.jpg 640w\" sizes=\"(max-width: 670px) 100vw, 670px\" \/><\/a><\/p>\n<p>&nbsp;<\/p>\n<p><strong>Ya de vuelta a casa se habr\u00edan claros, y a eso de las once de la ma\u00f1ana cuando volv\u00ed a bajar a la playa, el sol y el viento eran los protagonistas.\u00a0\u00a0\u00a0<\/strong><\/p>\n<p><a href=\"https:\/\/blogs.diariosur.es\/tormentas-y-rayos\/2013\/01\/14\/el-martes-el-terral-de-invierno-soplara-fuerte-probabilidad-que-se-active-la-alerta-amarilla-por-vientos\/olympus-digital-camera-1034\/\" rel=\"attachment wp-att-4613\"><img loading=\"lazy\" class=\"aligncenter size-full wp-image-4613\" title=\"OLYMPUS DIGITAL CAMERA\" src=\"\/tormentas-y-rayos\/wp-content\/uploads\/sites\/12\/2013\/01\/012.jpg\" alt=\"\" width=\"670\" height=\"503\" srcset=\"https:\/\/static-blogs.diariosur.es\/wp-content\/uploads\/sites\/12\/2013\/01\/012.jpg 670w, https:\/\/static-blogs.diariosur.es\/wp-content\/uploads\/sites\/12\/2013\/01\/012-533x400.jpg 533w\" sizes=\"(max-width: 670px) 100vw, 670px\" \/><\/a><\/p>\n<p>&nbsp;<\/p>\n<p><strong>Por la tarde\u00a0sigui\u00f3\u00a0la misma\u00a0t\u00f3nica, rachas moderadas de terral, sensaci\u00f3n\u00a0t\u00e9rmica\u00a0de fr\u00edo y cielos poco nubosos. Paqui Carnero nos manda esta bonita foto desde San Ant\u00f3n, que tomo por la tarde.<\/strong><\/p>\n<p><a href=\"https:\/\/blogs.diariosur.es\/tormentas-y-rayos\/2013\/01\/14\/el-martes-el-terral-de-invierno-soplara-fuerte-probabilidad-que-se-active-la-alerta-amarilla-por-vientos\/paqui-2\/\" rel=\"attachment wp-att-4615\"><img loading=\"lazy\" class=\"aligncenter size-full wp-image-4615\" title=\"paqui\" src=\"\/tormentas-y-rayos\/wp-content\/uploads\/sites\/12\/2013\/01\/paqui.jpg\" alt=\"\" width=\"670\" height=\"377\" srcset=\"https:\/\/static-blogs.diariosur.es\/wp-content\/uploads\/sites\/12\/2013\/01\/paqui.jpg 670w, https:\/\/static-blogs.diariosur.es\/wp-content\/uploads\/sites\/12\/2013\/01\/paqui-640x360.jpg 640w\" sizes=\"(max-width: 670px) 100vw, 670px\" \/><\/a><\/p>\n<p>&nbsp;<\/p>\n<p><strong>Antes de daros la predicci\u00f3n para estos primeros dias de la semana, os doy la soluci\u00f3n del juego. Si amigos\u00a0hab\u00e9is\u00a0acertado y es un\u00a0heli\u00f3grafo. Esta en el Centro\u00a0Meteorol\u00f3gico\u00a0que tiene la Aemet en Teatinos.\u00a0\u00a0Francisco Canela nos decia esto en \u00a0comentario.<\/strong><\/p>\n<div id=\"dsq-comment-message-764075968\">\n<div id=\"dsq-comment-text-764075968\">\n<p><span style=\"color: #0000ff;\"><strong>Buenas tardes Jos\u00e9 Luis, el &#8220;aparatejo&#8221; en cuesti\u00f3n es un heli\u00f3grafo, sirve para medir la duraci\u00f3n de la radiaci\u00f3n solar, la esfera hace de lente y va quemado una cartulina graduada. Este en concreto no lo he visto pero he visto uno en la estaci\u00f3n meteorol\u00f3gica que hay junto a la presa del Conde de Guadalhorce.<\/strong><\/span><\/p>\n<p><span style=\"color: #0000ff;\"><strong>Saludos<\/strong><\/span><\/p>\n<\/div>\n<\/div>\n<p><strong>Desde aqui dar las gracias\u00a0tambi\u00e9n\u00a0 a Kiko por dejarme la foto. Y muchas gracias por participar.<\/strong><\/p>\n<p><span style=\"color: #ff0000;\"><strong>PREDICCI\u00d3N PRIMEROS DIAS DE LA SEMANA<\/strong><\/span>.<\/p>\n<p><strong>Como os comentaba mas arriba, el terral de invierno\u00a0seguir\u00e1\u00a0de protagonista, a veces soplando moderado, otras flojo y en momentos puntuales fuerte, como sera el caso del martes. \u00a0Las isos 850 hpa\u00a0seguir\u00e1n\u00a0bajas en\u00a0Andaluc\u00eda, \u00a0pero se recuperaran a partir del jueves. Ese mismo dia hay posibilidad de que un frente traiga algunos chubascos a nuestra provincia. Fuente Gfs<\/strong><\/p>\n<p><a href=\"https:\/\/blogs.diariosur.es\/tormentas-y-rayos\/2013\/01\/14\/el-martes-el-terral-de-invierno-soplara-fuerte-probabilidad-que-se-active-la-alerta-amarilla-por-vientos\/captura-125\/\" rel=\"attachment wp-att-4614\"><img loading=\"lazy\" class=\"aligncenter size-full wp-image-4614\" title=\"Captura\" src=\"\/tormentas-y-rayos\/wp-content\/uploads\/sites\/12\/2013\/01\/Captura5.jpg\" alt=\"\" width=\"670\" height=\"343\" srcset=\"https:\/\/static-blogs.diariosur.es\/wp-content\/uploads\/sites\/12\/2013\/01\/Captura5.jpg 670w, https:\/\/static-blogs.diariosur.es\/wp-content\/uploads\/sites\/12\/2013\/01\/Captura5-640x328.jpg 640w\" sizes=\"(max-width: 670px) 100vw, 670px\" \/><\/a><\/p>\n<p>&nbsp;<\/p>\n<p>&nbsp;<\/p>\n<p><strong>\u00a0La borrasca que no ha estado afectando se marcha, pero una nueva borrasca bajara desde Francia \u00a0y se situara ma\u00f1ana al medio dia en el Golfo de Genova. Os paso estos mapas del hirlam, en el primero se puede ver la situaci\u00f3n de hoy lunes a las siete de la ma\u00f1ana.<\/strong><\/p>\n<p><a href=\"https:\/\/blogs.diariosur.es\/tormentas-y-rayos\/2013\/01\/14\/el-martes-el-terral-de-invierno-soplara-fuerte-probabilidad-que-se-active-la-alerta-amarilla-por-vientos\/hoy-4\/\" rel=\"attachment wp-att-4620\"><img loading=\"lazy\" class=\"aligncenter size-full wp-image-4620\" title=\"hoy\" src=\"\/tormentas-y-rayos\/wp-content\/uploads\/sites\/12\/2013\/01\/hoy.jpg\" alt=\"\" width=\"712\" height=\"464\" srcset=\"https:\/\/static-blogs.diariosur.es\/wp-content\/uploads\/sites\/12\/2013\/01\/hoy.jpg 712w, https:\/\/static-blogs.diariosur.es\/wp-content\/uploads\/sites\/12\/2013\/01\/hoy-614x400.jpg 614w\" sizes=\"(max-width: 712px) 100vw, 712px\" \/><\/a><\/p>\n<p><strong>En la siguiente que os pongo es el previsto para ma\u00f1ana al\u00a0mediod\u00eda. Al estar\u00a0tambi\u00e9n\u00a0tan cerca el Anticicl\u00f3n, har\u00e1 que las isobaras se junten mucho y que tengamos fuertes rachas de viento.<\/strong><\/p>\n<p><a href=\"https:\/\/blogs.diariosur.es\/tormentas-y-rayos\/2013\/01\/14\/el-martes-el-terral-de-invierno-soplara-fuerte-probabilidad-que-se-active-la-alerta-amarilla-por-vientos\/martes\/\" rel=\"attachment wp-att-4621\"><img loading=\"lazy\" class=\"aligncenter size-full wp-image-4621\" title=\"martes\" src=\"\/tormentas-y-rayos\/wp-content\/uploads\/sites\/12\/2013\/01\/martes.jpg\" alt=\"\" width=\"702\" height=\"471\" srcset=\"https:\/\/static-blogs.diariosur.es\/wp-content\/uploads\/sites\/12\/2013\/01\/martes.jpg 702w, https:\/\/static-blogs.diariosur.es\/wp-content\/uploads\/sites\/12\/2013\/01\/martes-596x400.jpg 596w\" sizes=\"(max-width: 702px) 100vw, 702px\" \/><\/a><\/p>\n<p><strong>Esta borrasca\u00a0traer\u00e1\u00a0fuertes nevadas a los pirineos.<\/strong><\/p>\n<p><strong>Poco mas que contar amigos, las\u00a0m\u00e1ximas\u00a0no creo que pasen de los 15 o 16 grados, que unido al viento de terral\u00a0har\u00e1\u00a0 que \u00a0la sensaci\u00f3n sea de mas fr\u00edo. Las\u00a0m\u00ednimas\u00a0ser\u00e1n\u00a0bajas y calculo que rondaran hasta el\u00a0mi\u00e9rcoles\u00a0los 7 grados o menos.<\/strong><\/p>\n<p>&nbsp;<\/p>\n<p>&nbsp;<\/p>\n<p><strong>El\u00a0mi\u00e9rcoles\u00a0os\u00a0abrir\u00e9\u00a0otro nuevo post, para confirmar los posibles chubascos que se puedan dar el jueves.<\/strong><\/p>\n<p><strong>Os paso una serie de\u00a0fotograf\u00edas\u00a0que me\u00a0hab\u00e9is\u00a0mandado.<\/strong><\/p>\n<p><strong>La primera es de Miguel Angel \u00c1vila, el viernes pasado cazo este parhelio en la playa de la misericordia.\u00a0<\/strong><\/p>\n<p><a href=\"https:\/\/blogs.diariosur.es\/tormentas-y-rayos\/2013\/01\/14\/el-martes-el-terral-de-invierno-soplara-fuerte-probabilidad-que-se-active-la-alerta-amarilla-por-vientos\/miguel-angel-avila\/\" rel=\"attachment wp-att-4616\"><img loading=\"lazy\" class=\"aligncenter size-full wp-image-4616\" title=\"miguel angel \u00e1vila\" src=\"\/tormentas-y-rayos\/wp-content\/uploads\/sites\/12\/2013\/01\/miguel-angel-\u00e1vila.jpg\" alt=\"\" width=\"670\" height=\"447\" srcset=\"https:\/\/static-blogs.diariosur.es\/wp-content\/uploads\/sites\/12\/2013\/01\/miguel-angel-\u00e1vila.jpg 670w, https:\/\/static-blogs.diariosur.es\/wp-content\/uploads\/sites\/12\/2013\/01\/miguel-angel-\u00e1vila-600x400.jpg 600w\" sizes=\"(max-width: 670px) 100vw, 670px\" \/><\/a><\/p>\n<p><strong>La segunda foto es de\u00a0nuestro\u00a0amigo Fernando Berrocal, un atardecer desde la zona del palo. Que chula amigo<\/strong><\/p>\n<p><a href=\"https:\/\/blogs.diariosur.es\/tormentas-y-rayos\/2013\/01\/14\/el-martes-el-terral-de-invierno-soplara-fuerte-probabilidad-que-se-active-la-alerta-amarilla-por-vientos\/fernando-berrocal\/\" rel=\"attachment wp-att-4617\"><img loading=\"lazy\" class=\"aligncenter size-full wp-image-4617\" title=\"fernando berrocal\" src=\"\/tormentas-y-rayos\/wp-content\/uploads\/sites\/12\/2013\/01\/fernando-berrocal.jpg\" alt=\"\" width=\"370\" height=\"656\" srcset=\"https:\/\/static-blogs.diariosur.es\/wp-content\/uploads\/sites\/12\/2013\/01\/fernando-berrocal.jpg 370w, https:\/\/static-blogs.diariosur.es\/wp-content\/uploads\/sites\/12\/2013\/01\/fernando-berrocal-226x400.jpg 226w\" sizes=\"(max-width: 370px) 100vw, 370px\" \/><\/a><\/p>\n<p><strong>Y la ultima de Antonio Portillo, que junto a Paqui Carnero y Miguel Angel disfrutaron de un bonito amanecer el viernes pasado. Muy bonita Antonio.<\/strong><\/p>\n<p><a href=\"https:\/\/blogs.diariosur.es\/tormentas-y-rayos\/2013\/01\/14\/el-martes-el-terral-de-invierno-soplara-fuerte-probabilidad-que-se-active-la-alerta-amarilla-por-vientos\/antonio-portillo-9\/\" rel=\"attachment wp-att-4618\"><img loading=\"lazy\" class=\"aligncenter size-full wp-image-4618\" title=\"antonio portillo\" src=\"\/tormentas-y-rayos\/wp-content\/uploads\/sites\/12\/2013\/01\/antonio-portillo2.jpg\" alt=\"\" width=\"670\" height=\"447\" srcset=\"https:\/\/static-blogs.diariosur.es\/wp-content\/uploads\/sites\/12\/2013\/01\/antonio-portillo2.jpg 670w, https:\/\/static-blogs.diariosur.es\/wp-content\/uploads\/sites\/12\/2013\/01\/antonio-portillo2-600x400.jpg 600w\" sizes=\"(max-width: 670px) 100vw, 670px\" \/><\/a><\/p>\n<p>&nbsp;<\/p>\n<p><strong><span><span><span style=\"color: #ff0000;\">\u00a0Os dejo que este foton de Cristophe Suarez. Impresionantes\u00a0rel\u00e1mpagos\u00a0amigos, una pasada. Que\u00a0dar\u00eda\u00a0yo por poder fotografiar eso.<\/span><\/span><\/span><\/strong><\/p>\n<p><a href=\"https:\/\/blogs.diariosur.es\/tormentas-y-rayos\/2013\/01\/14\/el-martes-el-terral-de-invierno-soplara-fuerte-probabilidad-que-se-active-la-alerta-amarilla-por-vientos\/74523_10151241897343925_272655508_n\/\" rel=\"attachment wp-att-4619\"><img loading=\"lazy\" class=\"aligncenter size-full wp-image-4619\" title=\"74523_10151241897343925_272655508_n\" src=\"\/tormentas-y-rayos\/wp-content\/uploads\/sites\/12\/2013\/01\/74523_10151241897343925_272655508_n.jpg\" alt=\"\" width=\"690\" height=\"459\" srcset=\"https:\/\/static-blogs.diariosur.es\/wp-content\/uploads\/sites\/12\/2013\/01\/74523_10151241897343925_272655508_n.jpg 690w, https:\/\/static-blogs.diariosur.es\/wp-content\/uploads\/sites\/12\/2013\/01\/74523_10151241897343925_272655508_n-601x400.jpg 601w\" sizes=\"(max-width: 690px) 100vw, 690px\" \/><\/a><\/p>\n","protected":false},"excerpt":{"rendered":"<p>\u00a0 \u00a0Son las seis de la ma\u00f1ana, registro 10 grados y los cielos est\u00e1n poco nubosos. El terral de invierno sigue de protagonista, ha estado soplando entre moderado y fuerte toda la pasada noche. Durante el dia de hoy seguir\u00e1 soplando un poco mas flojo. Pero ma\u00f1ana martes, de nuevo las rachas ser\u00e1n fuertes. Se [&hellip;]<\/p>\n","protected":false},"author":16,"featured_media":4619,"comment_status":"open","ping_status":"closed","sticky":false,"template":"","format":"standard","meta":[],"categories":[2],"tags":[63,91,975,1059],"_links":{"self":[{"href":"https:\/\/blogs.diariosur.es\/tormentas-y-rayos\/wp-json\/wp\/v2\/posts\/4610"}],"collection":[{"href":"https:\/\/blogs.diariosur.es\/tormentas-y-rayos\/wp-json\/wp\/v2\/posts"}],"about":[{"href":"https:\/\/blogs.diariosur.es\/tormentas-y-rayos\/wp-json\/wp\/v2\/types\/post"}],"author":[{"embeddable":true,"href":"https:\/\/blogs.diariosur.es\/tormentas-y-rayos\/wp-json\/wp\/v2\/users\/16"}],"replies":[{"embeddable":true,"href":"https:\/\/blogs.diariosur.es\/tormentas-y-rayos\/wp-json\/wp\/v2\/comments?post=4610"}],"version-history":[{"count":0,"href":"https:\/\/blogs.diariosur.es\/tormentas-y-rayos\/wp-json\/wp\/v2\/posts\/4610\/revisions"}],"wp:featuredmedia":[{"embeddable":true,"href":"https:\/\/blogs.diariosur.es\/tormentas-y-rayos\/wp-json\/wp\/v2\/media\/4619"}],"wp:attachment":[{"href":"https:\/\/blogs.diariosur.es\/tormentas-y-rayos\/wp-json\/wp\/v2\/media?parent=4610"}],"wp:term":[{"taxonomy":"category","embeddable":true,"href":"https:\/\/blogs.diariosur.es\/tormentas-y-rayos\/wp-json\/wp\/v2\/categories?post=4610"},{"taxonomy":"post_tag","embeddable":true,"href":"https:\/\/blogs.diariosur.es\/tormentas-y-rayos\/wp-json\/wp\/v2\/tags?post=4610"}],"curies":[{"name":"wp","href":"https:\/\/api.w.org\/{rel}","templated":true}]}}