{"id":46105,"date":"2025-09-10T08:10:28","date_gmt":"2025-09-10T06:10:28","guid":{"rendered":"https:\/\/blogs.diariosur.es\/tormentas-y-rayos\/?p=46105"},"modified":"2025-10-03T18:07:41","modified_gmt":"2025-10-03T16:07:41","slug":"cuando-se-quitaran-las-rachas-fuertes-de-poniente-y-terral-velez-malaga-registra-la-temperatura-maxima-de-espana","status":"publish","type":"post","link":"https:\/\/blogs.diariosur.es\/tormentas-y-rayos\/2025\/09\/10\/cuando-se-quitaran-las-rachas-fuertes-de-poniente-y-terral-velez-malaga-registra-la-temperatura-maxima-de-espana\/","title":{"rendered":"\u00bfCu\u00e1ndo se quitar\u00e1n las rachas fuertes de poniente y terral? V\u00e9lez-M\u00e1laga registra la temperatura m\u00e1xima de Espa\u00f1a."},"content":{"rendered":"<p><a href=\"https:\/\/static-blogs.diariosur.es\/wp-content\/uploads\/sites\/12\/2025\/07\/444912498_10228884468795449_97962860407814916_n-1.jpg\"><img loading=\"lazy\" class=\"aligncenter size-thumbnail wp-image-45529\" src=\"https:\/\/static-blogs.diariosur.es\/wp-content\/uploads\/sites\/12\/2025\/07\/444912498_10228884468795449_97962860407814916_n-1-150x150.jpg\" alt=\"\" width=\"150\" height=\"150\" \/><\/a><\/p>\n<p data-pm-slice=\"1 1 []\">Buenos d\u00edas, amigos de la meteo. Comentarme si se sigue bloqueando el blog. Pon\u00e9rmelo en los comentarios de Facebook o del blog.<\/p>\n<p>Cuando son las ocho de la ma\u00f1ana en M\u00e1laga capital, la temperatura m\u00ednima la han registrado las estaciones de la Aemet del Aeropuerto con 22,1 \u00baC y el Centro Meteorol\u00f3gico con <strong>20,9<\/strong>. Destacar Antequera con <strong>12,9 \u00baC<\/strong> y Archidona y Archidona Vega con <strong>9,6 <\/strong>\u00baC. Fuentes: Aemet y Meteoclimatic.<\/p>\n<p>V\u00e9lez M\u00e1laga registr\u00f3 ayer la temperatura m\u00e1xima de Espa\u00f1a con 32,6 \u00baC; destacar el Aeropuerto con 32 \u00baC y Rinc\u00f3n de la Victoria con 31,9 \u00baC. En algunos puntos de la costa malague\u00f1a se registraron rachas fuertes de viento, destacar Marbella con 60km\/h. En la zona de Torre del Mar y Almayate, tambi\u00e9n se dieron rachas fuertes. Os pongo un video de esa zona de mi amiga Beatriz Pe\u00f1a Castellano. Una pasada.<\/p>\n<p>&nbsp;<\/p>\n<p><iframe loading=\"lazy\" title=\"Mi amiga Beatriz Pe\u00f1a, me manda este impresionante video desde Almayate en V\u00e9lez M\u00e1laga.  \" width=\"500\" height=\"281\" src=\"https:\/\/www.youtube.com\/embed\/2BYlMIaiYJI?feature=oembed\" frameborder=\"0\" allow=\"accelerometer; autoplay; clipboard-write; encrypted-media; gyroscope; picture-in-picture; web-share\" referrerpolicy=\"strict-origin-when-cross-origin\" allowfullscreen><\/iframe><\/p>\n<p>&nbsp;<\/p>\n<p data-pm-slice=\"1 1 []\">Hoy seguiremos con rachas fuertes de poniente y terral, m\u00e1s probables por la tarde. Aunque no estemos en aviso, tener precauci\u00f3n con los deportes acu\u00e1ticos. No espero temperaturas muy altas.<\/p>\n<h3><strong>\u00bfCu\u00e1ndo se quitar\u00e1n las rachas fuertes de poniente y terral?<\/strong><\/h3>\n<p>Durante la madrugada de ma\u00f1ana jueves sigue habiendo probabilidad de rachas fuertes, a partir de primeras horas de la ma\u00f1ana (10:30) ir\u00e1n bajando de intensidad. Por la tarde el viento soplar\u00e1 flojo. Subir\u00e1n las m\u00e1ximas por el interior del Valle del Guadalhorce, entre los 31 \u00b0C y 34 \u00b0C.<\/p>\n<p>&nbsp;<\/p>\n<p>Os dejo con esta bonita foto de hace unos a\u00f1os, que le hice a una cr\u00eda de gaviota, cuando soplaba poniente fuerte.<\/p>\n<p>&nbsp;<\/p>\n<p><a href=\"https:\/\/static-blogs.diariosur.es\/wp-content\/uploads\/sites\/12\/2025\/09\/zzzz-e1757484527465.jpg\"><img loading=\"lazy\" class=\"aligncenter size-full wp-image-46110\" src=\"https:\/\/static-blogs.diariosur.es\/wp-content\/uploads\/sites\/12\/2025\/09\/zzzz-e1757484527465.jpg\" alt=\"\" width=\"1200\" height=\"659\" \/><\/a><\/p>\n<p>&nbsp;<\/p>\n<p>&nbsp;<\/p>\n<p>&nbsp;<\/p>\n<p>&nbsp;<\/p>\n","protected":false},"excerpt":{"rendered":"<p>Buenos d\u00edas, amigos de la meteo. Comentarme si se sigue bloqueando el blog. Pon\u00e9rmelo en los comentarios de Facebook o del blog. Cuando son las ocho de la ma\u00f1ana en M\u00e1laga capital, la temperatura m\u00ednima la han registrado las estaciones de la Aemet del Aeropuerto con 22,1 \u00baC y el Centro Meteorol\u00f3gico con 20,9. Destacar [&hellip;]<\/p>\n","protected":false},"author":16,"featured_media":46110,"comment_status":"open","ping_status":"open","sticky":false,"template":"","format":"standard","meta":[],"categories":[2],"tags":[100,358,440,587,791,840,975],"_links":{"self":[{"href":"https:\/\/blogs.diariosur.es\/tormentas-y-rayos\/wp-json\/wp\/v2\/posts\/46105"}],"collection":[{"href":"https:\/\/blogs.diariosur.es\/tormentas-y-rayos\/wp-json\/wp\/v2\/posts"}],"about":[{"href":"https:\/\/blogs.diariosur.es\/tormentas-y-rayos\/wp-json\/wp\/v2\/types\/post"}],"author":[{"embeddable":true,"href":"https:\/\/blogs.diariosur.es\/tormentas-y-rayos\/wp-json\/wp\/v2\/users\/16"}],"replies":[{"embeddable":true,"href":"https:\/\/blogs.diariosur.es\/tormentas-y-rayos\/wp-json\/wp\/v2\/comments?post=46105"}],"version-history":[{"count":18,"href":"https:\/\/blogs.diariosur.es\/tormentas-y-rayos\/wp-json\/wp\/v2\/posts\/46105\/revisions"}],"predecessor-version":[{"id":46452,"href":"https:\/\/blogs.diariosur.es\/tormentas-y-rayos\/wp-json\/wp\/v2\/posts\/46105\/revisions\/46452"}],"wp:featuredmedia":[{"embeddable":true,"href":"https:\/\/blogs.diariosur.es\/tormentas-y-rayos\/wp-json\/wp\/v2\/media\/46110"}],"wp:attachment":[{"href":"https:\/\/blogs.diariosur.es\/tormentas-y-rayos\/wp-json\/wp\/v2\/media?parent=46105"}],"wp:term":[{"taxonomy":"category","embeddable":true,"href":"https:\/\/blogs.diariosur.es\/tormentas-y-rayos\/wp-json\/wp\/v2\/categories?post=46105"},{"taxonomy":"post_tag","embeddable":true,"href":"https:\/\/blogs.diariosur.es\/tormentas-y-rayos\/wp-json\/wp\/v2\/tags?post=46105"}],"curies":[{"name":"wp","href":"https:\/\/api.w.org\/{rel}","templated":true}]}}