{"id":46126,"date":"2025-09-11T08:56:54","date_gmt":"2025-09-11T06:56:54","guid":{"rendered":"https:\/\/blogs.diariosur.es\/tormentas-y-rayos\/?p=46126"},"modified":"2025-10-03T18:04:39","modified_gmt":"2025-10-03T16:04:39","slug":"que-tiempo-toca-manana-viernes-en-la-provincia-de-malaga","status":"publish","type":"post","link":"https:\/\/blogs.diariosur.es\/tormentas-y-rayos\/2025\/09\/11\/que-tiempo-toca-manana-viernes-en-la-provincia-de-malaga\/","title":{"rendered":"\u00bfQu\u00e9 tiempo toca ma\u00f1ana viernes en la provincia de M\u00e1laga?"},"content":{"rendered":"<p><a href=\"https:\/\/static-blogs.diariosur.es\/wp-content\/uploads\/sites\/12\/2025\/07\/72999690_10217709542349272_7908844429161529344_n.jpg\"><img loading=\"lazy\" class=\"aligncenter size-thumbnail wp-image-45292\" src=\"https:\/\/static-blogs.diariosur.es\/wp-content\/uploads\/sites\/12\/2025\/07\/72999690_10217709542349272_7908844429161529344_n-150x150.jpg\" alt=\"\" width=\"150\" height=\"150\" \/><\/a><\/p>\n<p>&nbsp;<\/p>\n<p data-pm-slice=\"1 1 []\">Buenos d\u00edas, amigos de la meteo. Madrugada t\u00f3rrida en las estaciones de la Aemet del Aeropuerto y Puerto; no han bajado de los 25 \u00baC. En el Centro Meteorol\u00f3gico de Teatinos empez\u00f3 a bajar de los 25 \u00baC a las cuatro de la madrugada; aqu\u00ed hemos tenido t\u00f3rrida y a \u00faltima hora de la madrugada tropical. Hoy jueves subir\u00e1n las temperaturas m\u00e1ximas por el interior del Valle del Guadalhorce; rondar\u00e1n entre los 31 \u00baC y 35 \u00baC, en M\u00e1laga capital los 31 \u00baC o 32 \u00baC. A partir de las primeras horas de la tarde se ir\u00e1 quitando el viento.<\/p>\n<h3><strong>\u00bfQu\u00e9 tiempo toca ma\u00f1ana viernes en la provincia de M\u00e1laga?<\/strong><\/h3>\n<p>Ma\u00f1ana el viento soplar\u00e1 flojo de componente este en la costa, a \u00faltima hora de la tarde moderado. Por el interior de la provincia, moderados, con alguna racha fuerte de levante en las comarcas de Antequera y Ronda.<\/p>\n<p>Hay probabilidad de nubes bajas y altas, sin descartar tar\u00f3 en alta mar; esto \u00faltimo, la probabilidad es m\u00e1s baja.<\/p>\n<p>La temperatura del agua del mar rondar\u00e1, seg\u00fan zonas de la costa malague\u00f1a, entre los 18 \u00baC y 20 \u00baC.<\/p>\n<p>La probabilidad de precipitaciones es del 0%.<\/p>\n<p>Os pongo las temperaturas m\u00e1ximas y m\u00ednimas que prev\u00e9 la Aemet ma\u00f1ana viernes.<\/p>\n<p>&nbsp;<\/p>\n<p>&nbsp;<\/p>\n<p><a href=\"https:\/\/static-blogs.diariosur.es\/wp-content\/uploads\/sites\/12\/2025\/09\/viernes.jpg\"><img loading=\"lazy\" class=\"aligncenter size-full wp-image-46127\" src=\"https:\/\/static-blogs.diariosur.es\/wp-content\/uploads\/sites\/12\/2025\/09\/viernes.jpg\" alt=\"\" width=\"1042\" height=\"813\" srcset=\"https:\/\/static-blogs.diariosur.es\/wp-content\/uploads\/sites\/12\/2025\/09\/viernes.jpg 1042w, https:\/\/static-blogs.diariosur.es\/wp-content\/uploads\/sites\/12\/2025\/09\/viernes-513x400.jpg 513w, https:\/\/static-blogs.diariosur.es\/wp-content\/uploads\/sites\/12\/2025\/09\/viernes-523x408.jpg 523w, https:\/\/static-blogs.diariosur.es\/wp-content\/uploads\/sites\/12\/2025\/09\/viernes-768x599.jpg 768w\" sizes=\"(max-width: 1042px) 100vw, 1042px\" \/><\/a><\/p>\n<p>&nbsp;<\/p>\n<p>Nos vemos ma\u00f1ana con la previsi\u00f3n del fin de semana.<\/p>\n<p>Foto de archivo de tal d\u00eda como hoy del a\u00f1o 2021.<\/p>\n<p>&nbsp;<\/p>\n<p><a href=\"https:\/\/static-blogs.diariosur.es\/wp-content\/uploads\/sites\/12\/2025\/09\/474087252_10231423539470629_1253341999449120995_n.jpg\"><img loading=\"lazy\" class=\"aligncenter size-full wp-image-46129\" src=\"https:\/\/static-blogs.diariosur.es\/wp-content\/uploads\/sites\/12\/2025\/09\/474087252_10231423539470629_1253341999449120995_n-e1757573747418.jpg\" alt=\"\" width=\"1000\" height=\"583\" \/><\/a><\/p>\n<p>&nbsp;<\/p>\n<p><a href=\"https:\/\/static-blogs.diariosur.es\/wp-content\/uploads\/sites\/12\/2025\/09\/474373653_10231423540510655_1961018485382591882_n-e1757573798374.jpg\"><img loading=\"lazy\" class=\"aligncenter size-full wp-image-46130\" src=\"https:\/\/static-blogs.diariosur.es\/wp-content\/uploads\/sites\/12\/2025\/09\/474373653_10231423540510655_1961018485382591882_n-e1757573798374.jpg\" alt=\"\" width=\"1000\" height=\"667\" \/><\/a><\/p>\n<p>&nbsp;<\/p>\n<p>&nbsp;<\/p>\n","protected":false},"excerpt":{"rendered":"<p>&nbsp; Buenos d\u00edas, amigos de la meteo. Madrugada t\u00f3rrida en las estaciones de la Aemet del Aeropuerto y Puerto; no han bajado de los 25 \u00baC. En el Centro Meteorol\u00f3gico de Teatinos empez\u00f3 a bajar de los 25 \u00baC a las cuatro de la madrugada; aqu\u00ed hemos tenido t\u00f3rrida y a \u00faltima hora de la [&hellip;]<\/p>\n","protected":false},"author":16,"featured_media":46129,"comment_status":"open","ping_status":"open","sticky":false,"template":"","format":"standard","meta":[],"categories":[2],"tags":[358,587,800],"_links":{"self":[{"href":"https:\/\/blogs.diariosur.es\/tormentas-y-rayos\/wp-json\/wp\/v2\/posts\/46126"}],"collection":[{"href":"https:\/\/blogs.diariosur.es\/tormentas-y-rayos\/wp-json\/wp\/v2\/posts"}],"about":[{"href":"https:\/\/blogs.diariosur.es\/tormentas-y-rayos\/wp-json\/wp\/v2\/types\/post"}],"author":[{"embeddable":true,"href":"https:\/\/blogs.diariosur.es\/tormentas-y-rayos\/wp-json\/wp\/v2\/users\/16"}],"replies":[{"embeddable":true,"href":"https:\/\/blogs.diariosur.es\/tormentas-y-rayos\/wp-json\/wp\/v2\/comments?post=46126"}],"version-history":[{"count":3,"href":"https:\/\/blogs.diariosur.es\/tormentas-y-rayos\/wp-json\/wp\/v2\/posts\/46126\/revisions"}],"predecessor-version":[{"id":46451,"href":"https:\/\/blogs.diariosur.es\/tormentas-y-rayos\/wp-json\/wp\/v2\/posts\/46126\/revisions\/46451"}],"wp:featuredmedia":[{"embeddable":true,"href":"https:\/\/blogs.diariosur.es\/tormentas-y-rayos\/wp-json\/wp\/v2\/media\/46129"}],"wp:attachment":[{"href":"https:\/\/blogs.diariosur.es\/tormentas-y-rayos\/wp-json\/wp\/v2\/media?parent=46126"}],"wp:term":[{"taxonomy":"category","embeddable":true,"href":"https:\/\/blogs.diariosur.es\/tormentas-y-rayos\/wp-json\/wp\/v2\/categories?post=46126"},{"taxonomy":"post_tag","embeddable":true,"href":"https:\/\/blogs.diariosur.es\/tormentas-y-rayos\/wp-json\/wp\/v2\/tags?post=46126"}],"curies":[{"name":"wp","href":"https:\/\/api.w.org\/{rel}","templated":true}]}}