{"id":46134,"date":"2025-09-12T08:01:07","date_gmt":"2025-09-12T06:01:07","guid":{"rendered":"https:\/\/blogs.diariosur.es\/tormentas-y-rayos\/?p=46134"},"modified":"2025-10-01T07:45:29","modified_gmt":"2025-10-01T05:45:29","slug":"se-espera-sorpresa-este-fin-de-semana-en-malaga","status":"publish","type":"post","link":"https:\/\/blogs.diariosur.es\/tormentas-y-rayos\/2025\/09\/12\/se-espera-sorpresa-este-fin-de-semana-en-malaga\/","title":{"rendered":"Se espera sorpresa este fin de semana en M\u00e1laga&#8230;&#8230;"},"content":{"rendered":"<p><a href=\"https:\/\/static-blogs.diariosur.es\/wp-content\/uploads\/sites\/12\/2025\/07\/444912498_10228884468795449_97962860407814916_n-1.jpg\"><img loading=\"lazy\" class=\"aligncenter size-thumbnail wp-image-45529\" src=\"https:\/\/static-blogs.diariosur.es\/wp-content\/uploads\/sites\/12\/2025\/07\/444912498_10228884468795449_97962860407814916_n-1-150x150.jpg\" alt=\"\" width=\"150\" height=\"150\" \/><\/a><\/p>\n<p data-pm-slice=\"1 1 []\">Buenos d\u00edas, amigos de la meteo. Cuando son las siete y media de la ma\u00f1ana en M\u00e1laga capital, la estaci\u00f3n de la Aemet del Aeropuerto registra 19,9 \u00baC\u00a0y el Centro Meteorol\u00f3gico 19,5 \u00baC; los cielos de momento est\u00e1n despejados, pero m\u00e1s tarde tendremos nubes altas y bajas. En alta mar hay probabilidad de tar\u00f3, frente a la costa de Granada y M\u00e1laga. La temperatura del agua del mar en la boya es de 18,3 \u00baC.<\/p>\n<h3><span style=\"color: #ff0000;\"><strong>Se espera sorpresa este fin de semana en M\u00e1laga<\/strong><\/span><\/h3>\n<p><span style=\"color: #0000ff;\"><strong>S\u00e1bado 13 de septiembre<\/strong><\/span><\/p>\n<p>Las temperaturas m\u00e1ximas subir\u00e1n en toda la provincia, sobre todo en el interior del Guadalhorce y comarcas de Ronda y Antequera.<\/p>\n<p>Se esperan nubes altas durante la mayor parte del d\u00eda.<\/p>\n<p>No se esperan rachas fuertes de viento.<\/p>\n<p>La temperatura del agua del mar se espera fresquita.<\/p>\n<p>Os pongo las temperaturas m\u00e1ximas y m\u00ednimas que prev\u00e9 la aemet<\/p>\n<p>&nbsp;<\/p>\n<p><a href=\"https:\/\/static-blogs.diariosur.es\/wp-content\/uploads\/sites\/12\/2025\/09\/sabado.jpg\"><img loading=\"lazy\" class=\"aligncenter size-full wp-image-46136\" src=\"https:\/\/static-blogs.diariosur.es\/wp-content\/uploads\/sites\/12\/2025\/09\/sabado.jpg\" alt=\"\" width=\"1044\" height=\"816\" srcset=\"https:\/\/static-blogs.diariosur.es\/wp-content\/uploads\/sites\/12\/2025\/09\/sabado.jpg 1044w, https:\/\/static-blogs.diariosur.es\/wp-content\/uploads\/sites\/12\/2025\/09\/sabado-512x400.jpg 512w, https:\/\/static-blogs.diariosur.es\/wp-content\/uploads\/sites\/12\/2025\/09\/sabado-522x408.jpg 522w, https:\/\/static-blogs.diariosur.es\/wp-content\/uploads\/sites\/12\/2025\/09\/sabado-768x600.jpg 768w\" sizes=\"(max-width: 1044px) 100vw, 1044px\" \/><\/a><\/p>\n<p>&nbsp;<\/p>\n<p><strong><span style=\"color: #0000ff;\">Domingo 14 de septiembre. Probable sorpresa.<\/span>\u00a0<\/strong><\/p>\n<p data-pm-slice=\"1 1 []\">La probable sorpresa es que a primera hora de la madrugada hay probabilidad de que entre viento de terral. <strong>Pero tranquilos porque solo durar\u00e1 unas horas; sobre las cinco de la madrugada o seis de la ma\u00f1ana cambiar\u00e1 a levante.<\/strong> El domingo veremos en los gr\u00e1ficos de temperatura si al final entr\u00f3 en M\u00e1laga capital.<\/p>\n<p>Las nubes altas se quitar\u00e1n a primera hora de la madrugada.<\/p>\n<p>Las temperaturas m\u00e1ximas bajar\u00e1n en toda la provincia.<\/p>\n<p>Os pongo las temperaturas m\u00e1ximas y m\u00ednimas que prev\u00e9 la Aemet<\/p>\n<p>&nbsp;<\/p>\n<p><a href=\"https:\/\/static-blogs.diariosur.es\/wp-content\/uploads\/sites\/12\/2025\/09\/domingo.jpg\"><img loading=\"lazy\" class=\"aligncenter size-full wp-image-46138\" src=\"https:\/\/static-blogs.diariosur.es\/wp-content\/uploads\/sites\/12\/2025\/09\/domingo.jpg\" alt=\"\" width=\"1054\" height=\"826\" srcset=\"https:\/\/static-blogs.diariosur.es\/wp-content\/uploads\/sites\/12\/2025\/09\/domingo.jpg 1054w, https:\/\/static-blogs.diariosur.es\/wp-content\/uploads\/sites\/12\/2025\/09\/domingo-510x400.jpg 510w, https:\/\/static-blogs.diariosur.es\/wp-content\/uploads\/sites\/12\/2025\/09\/domingo-521x408.jpg 521w, https:\/\/static-blogs.diariosur.es\/wp-content\/uploads\/sites\/12\/2025\/09\/domingo-768x602.jpg 768w\" sizes=\"(max-width: 1054px) 100vw, 1054px\" \/><\/a><\/p>\n<p>&nbsp;<\/p>\n<p>&nbsp;<\/p>\n<p>Os dejo con estas fotos de archivo de tal d\u00eda como hoy del a\u00f1o 2021.<\/p>\n<p>&nbsp;<\/p>\n<p><a href=\"https:\/\/static-blogs.diariosur.es\/wp-content\/uploads\/sites\/12\/2025\/09\/474042934_10231426442023191_56653754047366349_n-e1757656306432.jpg\"><img loading=\"lazy\" class=\"aligncenter size-full wp-image-46139\" src=\"https:\/\/static-blogs.diariosur.es\/wp-content\/uploads\/sites\/12\/2025\/09\/474042934_10231426442023191_56653754047366349_n-e1757656306432.jpg\" alt=\"\" width=\"1000\" height=\"567\" \/><\/a><\/p>\n<p>&nbsp;<\/p>\n<p><a href=\"https:\/\/static-blogs.diariosur.es\/wp-content\/uploads\/sites\/12\/2025\/09\/474171659_10231426439023116_5215501749608210430_n-e1757656333439.jpg\"><img loading=\"lazy\" class=\"aligncenter size-full wp-image-46140\" src=\"https:\/\/static-blogs.diariosur.es\/wp-content\/uploads\/sites\/12\/2025\/09\/474171659_10231426439023116_5215501749608210430_n-e1757656333439.jpg\" alt=\"\" width=\"1000\" height=\"667\" \/><\/a><\/p>\n","protected":false},"excerpt":{"rendered":"<p>Buenos d\u00edas, amigos de la meteo. Cuando son las siete y media de la ma\u00f1ana en M\u00e1laga capital, la estaci\u00f3n de la Aemet del Aeropuerto registra 19,9 \u00baC\u00a0y el Centro Meteorol\u00f3gico 19,5 \u00baC; los cielos de momento est\u00e1n despejados, pero m\u00e1s tarde tendremos nubes altas y bajas. En alta mar hay probabilidad de tar\u00f3, frente [&hellip;]<\/p>\n","protected":false},"author":16,"featured_media":46139,"comment_status":"open","ping_status":"open","sticky":false,"template":"","format":"standard","meta":[],"categories":[2],"tags":[100,358,553,587,800,975],"_links":{"self":[{"href":"https:\/\/blogs.diariosur.es\/tormentas-y-rayos\/wp-json\/wp\/v2\/posts\/46134"}],"collection":[{"href":"https:\/\/blogs.diariosur.es\/tormentas-y-rayos\/wp-json\/wp\/v2\/posts"}],"about":[{"href":"https:\/\/blogs.diariosur.es\/tormentas-y-rayos\/wp-json\/wp\/v2\/types\/post"}],"author":[{"embeddable":true,"href":"https:\/\/blogs.diariosur.es\/tormentas-y-rayos\/wp-json\/wp\/v2\/users\/16"}],"replies":[{"embeddable":true,"href":"https:\/\/blogs.diariosur.es\/tormentas-y-rayos\/wp-json\/wp\/v2\/comments?post=46134"}],"version-history":[{"count":10,"href":"https:\/\/blogs.diariosur.es\/tormentas-y-rayos\/wp-json\/wp\/v2\/posts\/46134\/revisions"}],"predecessor-version":[{"id":46414,"href":"https:\/\/blogs.diariosur.es\/tormentas-y-rayos\/wp-json\/wp\/v2\/posts\/46134\/revisions\/46414"}],"wp:featuredmedia":[{"embeddable":true,"href":"https:\/\/blogs.diariosur.es\/tormentas-y-rayos\/wp-json\/wp\/v2\/media\/46139"}],"wp:attachment":[{"href":"https:\/\/blogs.diariosur.es\/tormentas-y-rayos\/wp-json\/wp\/v2\/media?parent=46134"}],"wp:term":[{"taxonomy":"category","embeddable":true,"href":"https:\/\/blogs.diariosur.es\/tormentas-y-rayos\/wp-json\/wp\/v2\/categories?post=46134"},{"taxonomy":"post_tag","embeddable":true,"href":"https:\/\/blogs.diariosur.es\/tormentas-y-rayos\/wp-json\/wp\/v2\/tags?post=46134"}],"curies":[{"name":"wp","href":"https:\/\/api.w.org\/{rel}","templated":true}]}}