{"id":46149,"date":"2025-09-13T08:30:42","date_gmt":"2025-09-13T06:30:42","guid":{"rendered":"https:\/\/blogs.diariosur.es\/tormentas-y-rayos\/?p=46149"},"modified":"2025-10-01T07:48:18","modified_gmt":"2025-10-01T05:48:18","slug":"necesitamos-los-abregos-el-porcentaje-de-los-embalses-de-malaga-bajan-del-50","status":"publish","type":"post","link":"https:\/\/blogs.diariosur.es\/tormentas-y-rayos\/2025\/09\/13\/necesitamos-los-abregos-el-porcentaje-de-los-embalses-de-malaga-bajan-del-50\/","title":{"rendered":"Necesitamos los \u00e1bregos. El porcentaje de los embalses de M\u00e1laga bajan del 50%"},"content":{"rendered":"<p><a href=\"https:\/\/static-blogs.diariosur.es\/wp-content\/uploads\/sites\/12\/2025\/07\/72999690_10217709542349272_7908844429161529344_n.jpg\"><img loading=\"lazy\" class=\"aligncenter size-thumbnail wp-image-45292\" src=\"https:\/\/static-blogs.diariosur.es\/wp-content\/uploads\/sites\/12\/2025\/07\/72999690_10217709542349272_7908844429161529344_n-150x150.jpg\" alt=\"\" width=\"150\" height=\"150\" \/><\/a><\/p>\n<p data-pm-slice=\"1 1 []\">Buenos d\u00edas, amigos de la meteo. En mayo de este a\u00f1o ten\u00edamos almacenados en los embalses de M\u00e1laga 378 hm\u00b3; hoy s\u00e1bado 13 de septiembre, <strong>305 hm\u00b3<\/strong>. En total se han consumido en un poco m\u00e1s de cuatro meses 73 hm\u00b3. El a\u00f1o pasado, tal d\u00eda como hoy, hab\u00eda almacenados 109,9 hm\u00b3.<\/p>\n<p>Hoy s\u00e1bado el porcentaje est\u00e1 al 49,9% y el a\u00f1o pasado al 17%.<\/p>\n<p>Pero no hay que bajar la guardia; se tienen que terminar todas las infraestructuras previstas. Las danas de oto\u00f1o no arreglan las sequ\u00edas; en el 97% hacen da\u00f1o; solo los \u00e1bregos lo hacen. Los \u00e1bregos son vientos del suroeste h\u00famedos y templados, portadores de lluvias, en marzo de este a\u00f1o lo tuvimos y solucion\u00f3 la sequ\u00eda de muchas zonas de Andaluc\u00eda.<\/p>\n<p>La semana que viene no se esperan lluvias, sino temperaturas por encima de la media en toda Andaluc\u00eda.<\/p>\n<p>La temperatura del agua del mar en la boya de M\u00e1laga marca 18,9 \u00baC.<\/p>\n<p>Os dejo con estas fotos de enero de este a\u00f1o y mayo de La Vi\u00f1uela.<\/p>\n<p>&nbsp;<\/p>\n<p><a href=\"https:\/\/static-blogs.diariosur.es\/wp-content\/uploads\/sites\/12\/2025\/09\/54485482467_a1e77d07dc_b.jpg\"><img loading=\"lazy\" class=\"aligncenter size-full wp-image-46152\" src=\"https:\/\/static-blogs.diariosur.es\/wp-content\/uploads\/sites\/12\/2025\/09\/54485482467_a1e77d07dc_b.jpg\" alt=\"\" width=\"1023\" height=\"341\" srcset=\"https:\/\/static-blogs.diariosur.es\/wp-content\/uploads\/sites\/12\/2025\/09\/54485482467_a1e77d07dc_b.jpg 1023w, https:\/\/static-blogs.diariosur.es\/wp-content\/uploads\/sites\/12\/2025\/09\/54485482467_a1e77d07dc_b-640x213.jpg 640w, https:\/\/static-blogs.diariosur.es\/wp-content\/uploads\/sites\/12\/2025\/09\/54485482467_a1e77d07dc_b-960x320.jpg 960w, https:\/\/static-blogs.diariosur.es\/wp-content\/uploads\/sites\/12\/2025\/09\/54485482467_a1e77d07dc_b-768x256.jpg 768w\" sizes=\"(max-width: 1023px) 100vw, 1023px\" \/><\/a><\/p>\n<p>&nbsp;<\/p>\n<p>&nbsp;<\/p>\n<p>&nbsp;<\/p>\n<p>&nbsp;<\/p>\n<p>&nbsp;<\/p>\n<p>&nbsp;<\/p>\n","protected":false},"excerpt":{"rendered":"<p>Buenos d\u00edas, amigos de la meteo. En mayo de este a\u00f1o ten\u00edamos almacenados en los embalses de M\u00e1laga 378 hm\u00b3; hoy s\u00e1bado 13 de septiembre, 305 hm\u00b3. En total se han consumido en un poco m\u00e1s de cuatro meses 73 hm\u00b3. El a\u00f1o pasado, tal d\u00eda como hoy, hab\u00eda almacenados 109,9 hm\u00b3. Hoy s\u00e1bado el [&hellip;]<\/p>\n","protected":false},"author":16,"featured_media":46152,"comment_status":"open","ping_status":"open","sticky":false,"template":"","format":"standard","meta":[],"categories":[2],"tags":[],"_links":{"self":[{"href":"https:\/\/blogs.diariosur.es\/tormentas-y-rayos\/wp-json\/wp\/v2\/posts\/46149"}],"collection":[{"href":"https:\/\/blogs.diariosur.es\/tormentas-y-rayos\/wp-json\/wp\/v2\/posts"}],"about":[{"href":"https:\/\/blogs.diariosur.es\/tormentas-y-rayos\/wp-json\/wp\/v2\/types\/post"}],"author":[{"embeddable":true,"href":"https:\/\/blogs.diariosur.es\/tormentas-y-rayos\/wp-json\/wp\/v2\/users\/16"}],"replies":[{"embeddable":true,"href":"https:\/\/blogs.diariosur.es\/tormentas-y-rayos\/wp-json\/wp\/v2\/comments?post=46149"}],"version-history":[{"count":4,"href":"https:\/\/blogs.diariosur.es\/tormentas-y-rayos\/wp-json\/wp\/v2\/posts\/46149\/revisions"}],"predecessor-version":[{"id":46415,"href":"https:\/\/blogs.diariosur.es\/tormentas-y-rayos\/wp-json\/wp\/v2\/posts\/46149\/revisions\/46415"}],"wp:featuredmedia":[{"embeddable":true,"href":"https:\/\/blogs.diariosur.es\/tormentas-y-rayos\/wp-json\/wp\/v2\/media\/46152"}],"wp:attachment":[{"href":"https:\/\/blogs.diariosur.es\/tormentas-y-rayos\/wp-json\/wp\/v2\/media?parent=46149"}],"wp:term":[{"taxonomy":"category","embeddable":true,"href":"https:\/\/blogs.diariosur.es\/tormentas-y-rayos\/wp-json\/wp\/v2\/categories?post=46149"},{"taxonomy":"post_tag","embeddable":true,"href":"https:\/\/blogs.diariosur.es\/tormentas-y-rayos\/wp-json\/wp\/v2\/tags?post=46149"}],"curies":[{"name":"wp","href":"https:\/\/api.w.org\/{rel}","templated":true}]}}