{"id":46155,"date":"2025-09-14T07:55:52","date_gmt":"2025-09-14T05:55:52","guid":{"rendered":"https:\/\/blogs.diariosur.es\/tormentas-y-rayos\/?p=46155"},"modified":"2025-10-01T07:51:13","modified_gmt":"2025-10-01T05:51:13","slug":"temperaturas-de-esta-pasada-madrugada-en-la-provincia-malaguena-al-entrar-el-terral","status":"publish","type":"post","link":"https:\/\/blogs.diariosur.es\/tormentas-y-rayos\/2025\/09\/14\/temperaturas-de-esta-pasada-madrugada-en-la-provincia-malaguena-al-entrar-el-terral\/","title":{"rendered":"Temperaturas de esta pasada madrugada en la provincia malague\u00f1a, al entrar el terral"},"content":{"rendered":"<p><a href=\"https:\/\/static-blogs.diariosur.es\/wp-content\/uploads\/sites\/12\/2025\/07\/444912498_10228884468795449_97962860407814916_n-1.jpg\"><img loading=\"lazy\" class=\"aligncenter size-thumbnail wp-image-45529\" src=\"https:\/\/static-blogs.diariosur.es\/wp-content\/uploads\/sites\/12\/2025\/07\/444912498_10228884468795449_97962860407814916_n-1-150x150.jpg\" alt=\"\" width=\"150\" height=\"150\" \/><\/a><\/p>\n<p>&nbsp;<\/p>\n<p data-pm-slice=\"1 1 []\">Buenos d\u00edas, amigos de la meteo. Se cumplieron las previsiones y sobre las dos de la madrugada empez\u00f3 a entrar el terral en algunos puntos de la provincia malague\u00f1a, en M\u00e1laga capital ha ido por barrios, al Puerto no ha llegado. Sobre las seis de la ma\u00f1ana se ha quitado el terral.<\/p>\n<p>Lo que no se cumpli\u00f3 fue lo de las nubes bajas el viernes y s\u00e1bado.<\/p>\n<p>Os pongo algunos registros de Aemet, Meteoclimatic y Wunderground.<\/p>\n<p>Fijaros en Mijas Pueblo, seguro que mi amigo Crist\u00f3bal Gambero lo comentar\u00e1 luego en Facebook. Destacar Torremolinos, que a las 4:30 de la madrugada registraba<strong> 21,4 \u00baC<\/strong> y a las 5:30<strong> 28,4 \u00baC.<\/strong><\/p>\n<p>Mi estaci\u00f3n en Avda. Ortega y Gasset 26,2 \u00b0C a las 3:45 de la madrugada; ahora a las 7:35 de la ma\u00f1ana, 21,8 \u00b0C.<\/p>\n<p>Mijas Pueblo 29,7 \u00b0C<\/p>\n<p>Alhaur\u00edn el Grande\u00a028,1 \u00b0C<\/p>\n<p>Almog\u00eda 27,1 \u00b0C<\/p>\n<p>M\u00e1laga Aeropuerto 26,3 \u00b0C<\/p>\n<p>Centro Meteorol\u00f3gico 25,9 \u00b0C<\/p>\n<p>\u00c1lora 27\u00b0C<\/p>\n<p>Benahav\u00eds 27,7 \u00b0C<\/p>\n<p>Torremolinos\u00a028,4 \u00b0C<\/p>\n<p>Benalm\u00e1dena Arroyo de la Miel 25,1 \u00baC<\/p>\n<p>Os paso estas capturas para que ve\u00e1is los horarios de la m\u00e1xima.<\/p>\n<p>&nbsp;<\/p>\n<p><a href=\"https:\/\/static-blogs.diariosur.es\/wp-content\/uploads\/sites\/12\/2025\/09\/torremolinos-e1757827359227.jpg\"><img loading=\"lazy\" class=\"aligncenter size-full wp-image-46167\" src=\"https:\/\/static-blogs.diariosur.es\/wp-content\/uploads\/sites\/12\/2025\/09\/torremolinos-e1757827359227.jpg\" alt=\"\" width=\"900\" height=\"1151\" \/><\/a><\/p>\n<p>&nbsp;<\/p>\n<p><a href=\"https:\/\/static-blogs.diariosur.es\/wp-content\/uploads\/sites\/12\/2025\/09\/aeropuerto-e1757827388917.jpg\"><img loading=\"lazy\" class=\"aligncenter size-full wp-image-46168\" src=\"https:\/\/static-blogs.diariosur.es\/wp-content\/uploads\/sites\/12\/2025\/09\/aeropuerto-e1757827388917.jpg\" alt=\"\" width=\"900\" height=\"1145\" \/><\/a><\/p>\n<p>&nbsp;<\/p>\n<p>&nbsp;<\/p>\n<p data-pm-slice=\"1 1 []\">La temperatura del agua del mar a las ocho de la ma\u00f1ana est\u00e1 a 18,9 \u00baC.<\/p>\n<p>Nos vemos ma\u00f1ana; os dejo con esta foto de archivo.<\/p>\n<p>&nbsp;<\/p>\n<p><a href=\"https:\/\/static-blogs.diariosur.es\/wp-content\/uploads\/sites\/12\/2025\/09\/53744925426_511e0a5df4_k-2-e1757829156242.jpg\"><img loading=\"lazy\" class=\"aligncenter size-full wp-image-46174\" src=\"https:\/\/static-blogs.diariosur.es\/wp-content\/uploads\/sites\/12\/2025\/09\/53744925426_511e0a5df4_k-2-e1757829156242.jpg\" alt=\"\" width=\"1200\" height=\"793\" \/><\/a><\/p>\n<p>&nbsp;<\/p>\n<p>&nbsp;<\/p>\n","protected":false},"excerpt":{"rendered":"<p>&nbsp; Buenos d\u00edas, amigos de la meteo. Se cumplieron las previsiones y sobre las dos de la madrugada empez\u00f3 a entrar el terral en algunos puntos de la provincia malague\u00f1a, en M\u00e1laga capital ha ido por barrios, al Puerto no ha llegado. Sobre las seis de la ma\u00f1ana se ha quitado el terral. Lo que [&hellip;]<\/p>\n","protected":false},"author":16,"featured_media":46172,"comment_status":"open","ping_status":"open","sticky":false,"template":"","format":"standard","meta":[],"categories":[2],"tags":[358,587,975],"_links":{"self":[{"href":"https:\/\/blogs.diariosur.es\/tormentas-y-rayos\/wp-json\/wp\/v2\/posts\/46155"}],"collection":[{"href":"https:\/\/blogs.diariosur.es\/tormentas-y-rayos\/wp-json\/wp\/v2\/posts"}],"about":[{"href":"https:\/\/blogs.diariosur.es\/tormentas-y-rayos\/wp-json\/wp\/v2\/types\/post"}],"author":[{"embeddable":true,"href":"https:\/\/blogs.diariosur.es\/tormentas-y-rayos\/wp-json\/wp\/v2\/users\/16"}],"replies":[{"embeddable":true,"href":"https:\/\/blogs.diariosur.es\/tormentas-y-rayos\/wp-json\/wp\/v2\/comments?post=46155"}],"version-history":[{"count":21,"href":"https:\/\/blogs.diariosur.es\/tormentas-y-rayos\/wp-json\/wp\/v2\/posts\/46155\/revisions"}],"predecessor-version":[{"id":46416,"href":"https:\/\/blogs.diariosur.es\/tormentas-y-rayos\/wp-json\/wp\/v2\/posts\/46155\/revisions\/46416"}],"wp:featuredmedia":[{"embeddable":true,"href":"https:\/\/blogs.diariosur.es\/tormentas-y-rayos\/wp-json\/wp\/v2\/media\/46172"}],"wp:attachment":[{"href":"https:\/\/blogs.diariosur.es\/tormentas-y-rayos\/wp-json\/wp\/v2\/media?parent=46155"}],"wp:term":[{"taxonomy":"category","embeddable":true,"href":"https:\/\/blogs.diariosur.es\/tormentas-y-rayos\/wp-json\/wp\/v2\/categories?post=46155"},{"taxonomy":"post_tag","embeddable":true,"href":"https:\/\/blogs.diariosur.es\/tormentas-y-rayos\/wp-json\/wp\/v2\/tags?post=46155"}],"curies":[{"name":"wp","href":"https:\/\/api.w.org\/{rel}","templated":true}]}}