{"id":46180,"date":"2025-09-14T08:20:18","date_gmt":"2025-09-14T06:20:18","guid":{"rendered":"https:\/\/blogs.diariosur.es\/tormentas-y-rayos\/?p=46180"},"modified":"2025-09-14T09:01:12","modified_gmt":"2025-09-14T07:01:12","slug":"despues-del-terral-de-esta-pasada-madrugada-entra-el-taro-en-malga","status":"publish","type":"post","link":"https:\/\/blogs.diariosur.es\/tormentas-y-rayos\/2025\/09\/14\/despues-del-terral-de-esta-pasada-madrugada-entra-el-taro-en-malga\/","title":{"rendered":"Despu\u00e9s del terral de esta pasada madrugada, entra el tar\u00f3 en M\u00e1lga"},"content":{"rendered":"<p>&nbsp;<\/p>\n<p><a href=\"https:\/\/static-blogs.diariosur.es\/wp-content\/uploads\/sites\/12\/2025\/07\/72999690_10217709542349272_7908844429161529344_n.jpg\"><img loading=\"lazy\" class=\"aligncenter size-thumbnail wp-image-45292\" src=\"https:\/\/static-blogs.diariosur.es\/wp-content\/uploads\/sites\/12\/2025\/07\/72999690_10217709542349272_7908844429161529344_n-150x150.jpg\" alt=\"\" width=\"150\" height=\"150\" \/><\/a><\/p>\n<p>Buenos d\u00edas de nuevo, amigos de la meteo. <a href=\"https:\/\/blogs.diariosur.es\/tormentas-y-rayos\/2025\/09\/14\/temperaturas-de-esta-pasada-madrugada-en-la-provincia-malaguena-al-entrar-el-terral\/\">Despu\u00e9s del terral de esta pasada madrugada<\/a> , entra el tar\u00f3 en M\u00e1laga capital.<\/p>\n<p>Os paso unas bonitas fotos de mi amigo Francisco Javier Gonz\u00e1lez, que es muy aficionado a la meteorolog\u00eda.<\/p>\n<p>&nbsp;<\/p>\n<p><a href=\"https:\/\/static-blogs.diariosur.es\/wp-content\/uploads\/sites\/12\/2025\/09\/f1-e1757830641591.jpg\"><img loading=\"lazy\" class=\"aligncenter size-full wp-image-46181\" src=\"https:\/\/static-blogs.diariosur.es\/wp-content\/uploads\/sites\/12\/2025\/09\/f1-e1757830641591.jpg\" alt=\"\" width=\"1200\" height=\"583\" \/><\/a><\/p>\n<p>&nbsp;<\/p>\n<p><a href=\"https:\/\/static-blogs.diariosur.es\/wp-content\/uploads\/sites\/12\/2025\/09\/f2-e1757830667452.jpg\"><img loading=\"lazy\" class=\"aligncenter size-full wp-image-46182\" src=\"https:\/\/static-blogs.diariosur.es\/wp-content\/uploads\/sites\/12\/2025\/09\/f2-e1757830667452.jpg\" alt=\"\" width=\"1200\" height=\"563\" \/><\/a><\/p>\n<p>&nbsp;<\/p>\n<p><a href=\"https:\/\/static-blogs.diariosur.es\/wp-content\/uploads\/sites\/12\/2025\/09\/f-e1757830707599.jpg\"><img loading=\"lazy\" class=\"aligncenter size-full wp-image-46183\" src=\"https:\/\/static-blogs.diariosur.es\/wp-content\/uploads\/sites\/12\/2025\/09\/f-e1757830707599.jpg\" alt=\"\" width=\"580\" height=\"1193\" \/><\/a><\/p>\n<p>&nbsp;<\/p>\n<p>Os paso la de la webcam del Balc\u00f3n de Europa en Nerja.<\/p>\n<p>&nbsp;<\/p>\n<p><a href=\"https:\/\/static-blogs.diariosur.es\/wp-content\/uploads\/sites\/12\/2025\/09\/nerja-balcon-de-europa-e1757833251614.jpg\"><img loading=\"lazy\" class=\"aligncenter size-full wp-image-46188\" src=\"https:\/\/static-blogs.diariosur.es\/wp-content\/uploads\/sites\/12\/2025\/09\/nerja-balcon-de-europa-e1757833251614.jpg\" alt=\"\" width=\"1200\" height=\"676\" \/><\/a><\/p>\n","protected":false},"excerpt":{"rendered":"<p>&nbsp; Buenos d\u00edas de nuevo, amigos de la meteo. Despu\u00e9s del terral de esta pasada madrugada , entra el tar\u00f3 en M\u00e1laga capital. Os paso unas bonitas fotos de mi amigo Francisco Javier Gonz\u00e1lez, que es muy aficionado a la meteorolog\u00eda. &nbsp; &nbsp; &nbsp; &nbsp; Os paso la de la webcam del Balc\u00f3n de Europa [&hellip;]<\/p>\n","protected":false},"author":16,"featured_media":46181,"comment_status":"open","ping_status":"open","sticky":false,"template":"","format":"standard","meta":[],"categories":[2],"tags":[587,953,975],"_links":{"self":[{"href":"https:\/\/blogs.diariosur.es\/tormentas-y-rayos\/wp-json\/wp\/v2\/posts\/46180"}],"collection":[{"href":"https:\/\/blogs.diariosur.es\/tormentas-y-rayos\/wp-json\/wp\/v2\/posts"}],"about":[{"href":"https:\/\/blogs.diariosur.es\/tormentas-y-rayos\/wp-json\/wp\/v2\/types\/post"}],"author":[{"embeddable":true,"href":"https:\/\/blogs.diariosur.es\/tormentas-y-rayos\/wp-json\/wp\/v2\/users\/16"}],"replies":[{"embeddable":true,"href":"https:\/\/blogs.diariosur.es\/tormentas-y-rayos\/wp-json\/wp\/v2\/comments?post=46180"}],"version-history":[{"count":4,"href":"https:\/\/blogs.diariosur.es\/tormentas-y-rayos\/wp-json\/wp\/v2\/posts\/46180\/revisions"}],"predecessor-version":[{"id":46189,"href":"https:\/\/blogs.diariosur.es\/tormentas-y-rayos\/wp-json\/wp\/v2\/posts\/46180\/revisions\/46189"}],"wp:featuredmedia":[{"embeddable":true,"href":"https:\/\/blogs.diariosur.es\/tormentas-y-rayos\/wp-json\/wp\/v2\/media\/46181"}],"wp:attachment":[{"href":"https:\/\/blogs.diariosur.es\/tormentas-y-rayos\/wp-json\/wp\/v2\/media?parent=46180"}],"wp:term":[{"taxonomy":"category","embeddable":true,"href":"https:\/\/blogs.diariosur.es\/tormentas-y-rayos\/wp-json\/wp\/v2\/categories?post=46180"},{"taxonomy":"post_tag","embeddable":true,"href":"https:\/\/blogs.diariosur.es\/tormentas-y-rayos\/wp-json\/wp\/v2\/tags?post=46180"}],"curies":[{"name":"wp","href":"https:\/\/api.w.org\/{rel}","templated":true}]}}