{"id":46191,"date":"2025-09-15T08:29:13","date_gmt":"2025-09-15T06:29:13","guid":{"rendered":"https:\/\/blogs.diariosur.es\/tormentas-y-rayos\/?p=46191"},"modified":"2025-10-03T17:58:53","modified_gmt":"2025-10-03T15:58:53","slug":"llegan-los-38-39-y-40-c-a-andalucia-afectaran-a-la-provincia-malaguena","status":"publish","type":"post","link":"https:\/\/blogs.diariosur.es\/tormentas-y-rayos\/2025\/09\/15\/llegan-los-38-39-y-40-c-a-andalucia-afectaran-a-la-provincia-malaguena\/","title":{"rendered":"Llegan los 38, 39, y 40 \u00b0C a Andaluc\u00eda. \u00bfAfectar\u00e1n a la provincia malague\u00f1a?"},"content":{"rendered":"<p><a href=\"https:\/\/static-blogs.diariosur.es\/wp-content\/uploads\/sites\/12\/2025\/07\/444912498_10228884468795449_97962860407814916_n-1.jpg\"><img loading=\"lazy\" class=\"aligncenter size-thumbnail wp-image-45529\" src=\"https:\/\/static-blogs.diariosur.es\/wp-content\/uploads\/sites\/12\/2025\/07\/444912498_10228884468795449_97962860407814916_n-1-150x150.jpg\" alt=\"\" width=\"150\" height=\"150\" \/><\/a><\/p>\n<p>Buenos d\u00edas, amigos de la meteo. Cuando son las siete de la ma\u00f1ana en M\u00e1laga capital, la estaci\u00f3n de la Aemet del Aeropuerto registra 20,3 \u00baC, los cielos est\u00e1n con algunas nubes bajas y el viento sopla flojo de sureste. Nuevamente hay probabilidad de tar\u00f3 en algunos puntos de la costa malague\u00f1a.<\/p>\n<p>Os pongo un peque\u00f1o reportaje que hice ayer del tar\u00f3.<\/p>\n<p>&nbsp;<\/p>\n<p>&nbsp;<\/p>\n<p><a href=\"https:\/\/static-blogs.diariosur.es\/wp-content\/uploads\/sites\/12\/2025\/09\/Z-2-e1757911506314.jpg\"><img loading=\"lazy\" class=\"aligncenter size-full wp-image-46196\" src=\"https:\/\/static-blogs.diariosur.es\/wp-content\/uploads\/sites\/12\/2025\/09\/Z-2-e1757911506314.jpg\" alt=\"\" width=\"1100\" height=\"733\" \/><\/a><\/p>\n<p>&nbsp;<\/p>\n<p><a href=\"https:\/\/static-blogs.diariosur.es\/wp-content\/uploads\/sites\/12\/2025\/09\/547283105_10234393902007836_3837380400085252083_n-e1757911977334.jpg\"><img loading=\"lazy\" class=\"aligncenter size-full wp-image-46197\" src=\"https:\/\/static-blogs.diariosur.es\/wp-content\/uploads\/sites\/12\/2025\/09\/547283105_10234393902007836_3837380400085252083_n-e1757911977334.jpg\" alt=\"\" width=\"1000\" height=\"750\" \/><\/a><\/p>\n<p>&nbsp;<\/p>\n<p><iframe loading=\"lazy\" title=\"La magia del tar\u00f3 en M\u00e1laga capital hoy domingo 14 de septiembre.\" width=\"500\" height=\"281\" src=\"https:\/\/www.youtube.com\/embed\/tmdSfyFmtZA?feature=oembed\" frameborder=\"0\" allow=\"accelerometer; autoplay; clipboard-write; encrypted-media; gyroscope; picture-in-picture; web-share\" referrerpolicy=\"strict-origin-when-cross-origin\" allowfullscreen><\/iframe><\/p>\n<p>&nbsp;<\/p>\n<p><iframe loading=\"lazy\" title=\"La magia del tar\u00f3 en M\u00e1laga capital. Domingo 14 de septiembre. \" width=\"500\" height=\"281\" src=\"https:\/\/www.youtube.com\/embed\/C_UDNEIo8vw?feature=oembed\" frameborder=\"0\" allow=\"accelerometer; autoplay; clipboard-write; encrypted-media; gyroscope; picture-in-picture; web-share\" referrerpolicy=\"strict-origin-when-cross-origin\" allowfullscreen><\/iframe><\/p>\n<p>&nbsp;<\/p>\n<h3><\/h3>\n<h3><span style=\"color: #ff0000;\"><strong>Llegan los 38, 39, y 40 \u00b0C a Andaluc\u00eda. \u00bfAfectar\u00e1n a la provincia malague\u00f1a?<\/strong><\/span><\/h3>\n<p data-pm-slice=\"1 1 []\">A partir de ma\u00f1ana martes y hasta el s\u00e1bado, empezar\u00e1 a afectar en Espa\u00f1a una masa de aire muy c\u00e1lido a 850 hpa (1500 m). Tendremos anomal\u00edas positivas a 1500 m de hasta 10 \u00baC.<\/p>\n<p><em>La Aemet comenta esto: las temperaturas previstas a unos 1500 m de altitud llegar\u00e1n a ser m\u00e1s altas en los pr\u00f3ximos d\u00edas que cualquier registro del per\u00edodo de referencia 1991-2020 para estas fechas. Esto es indicativo de que la masa de aire sobre Espa\u00f1a ser\u00e1 extraordinariamente c\u00e1lida.<\/em><\/p>\n<p>En Andaluc\u00eda, las temperaturas m\u00e1ximas m\u00e1s altas se registrar\u00e1n el jueves; en algunos puntos llegar\u00e1n a los 39 \u00baC Y 40 \u00baC, como es el caso de las provincias de Ja\u00e9n, C\u00f3rdoba y Sevilla. A partir del viernes ir\u00e1n bajando, pero seguir\u00e1n muy por encima de la media.<\/p>\n<p><strong>A la pregunta que hago si llegaran esos grados a la provincia malague\u00f1a esta semana, la respuesta es no. Pero las temperaturas estar\u00e1n por encima de la media<\/strong>.<\/p>\n<p>Os pongo las m\u00e1ximas y m\u00ednimas previstas hasta el viernes en la provincia malague\u00f1a.<\/p>\n<p><strong>MARTES<\/strong><\/p>\n<p>&nbsp;<\/p>\n<p><a href=\"https:\/\/static-blogs.diariosur.es\/wp-content\/uploads\/sites\/12\/2025\/09\/MARTES-1.jpg\"><img loading=\"lazy\" class=\"aligncenter size-full wp-image-46198\" src=\"https:\/\/static-blogs.diariosur.es\/wp-content\/uploads\/sites\/12\/2025\/09\/MARTES-1.jpg\" alt=\"\" width=\"1041\" height=\"823\" srcset=\"https:\/\/static-blogs.diariosur.es\/wp-content\/uploads\/sites\/12\/2025\/09\/MARTES-1.jpg 1041w, https:\/\/static-blogs.diariosur.es\/wp-content\/uploads\/sites\/12\/2025\/09\/MARTES-1-506x400.jpg 506w, https:\/\/static-blogs.diariosur.es\/wp-content\/uploads\/sites\/12\/2025\/09\/MARTES-1-516x408.jpg 516w, https:\/\/static-blogs.diariosur.es\/wp-content\/uploads\/sites\/12\/2025\/09\/MARTES-1-768x607.jpg 768w\" sizes=\"(max-width: 1041px) 100vw, 1041px\" \/><\/a><\/p>\n<p>&nbsp;<\/p>\n<p><strong>MI\u00c9RCOLES<\/strong><\/p>\n<p><a href=\"https:\/\/static-blogs.diariosur.es\/wp-content\/uploads\/sites\/12\/2025\/09\/MIERCOLES.jpg\"><img loading=\"lazy\" class=\"aligncenter size-full wp-image-46199\" src=\"https:\/\/static-blogs.diariosur.es\/wp-content\/uploads\/sites\/12\/2025\/09\/MIERCOLES.jpg\" alt=\"\" width=\"1038\" height=\"814\" srcset=\"https:\/\/static-blogs.diariosur.es\/wp-content\/uploads\/sites\/12\/2025\/09\/MIERCOLES.jpg 1038w, https:\/\/static-blogs.diariosur.es\/wp-content\/uploads\/sites\/12\/2025\/09\/MIERCOLES-510x400.jpg 510w, https:\/\/static-blogs.diariosur.es\/wp-content\/uploads\/sites\/12\/2025\/09\/MIERCOLES-520x408.jpg 520w, https:\/\/static-blogs.diariosur.es\/wp-content\/uploads\/sites\/12\/2025\/09\/MIERCOLES-768x602.jpg 768w\" sizes=\"(max-width: 1038px) 100vw, 1038px\" \/><\/a><\/p>\n<p><strong>JUEVES<\/strong><\/p>\n<p><a href=\"https:\/\/static-blogs.diariosur.es\/wp-content\/uploads\/sites\/12\/2025\/09\/JUEVES.jpg\"><img loading=\"lazy\" class=\"aligncenter size-full wp-image-46200\" src=\"https:\/\/static-blogs.diariosur.es\/wp-content\/uploads\/sites\/12\/2025\/09\/JUEVES.jpg\" alt=\"\" width=\"1039\" height=\"817\" srcset=\"https:\/\/static-blogs.diariosur.es\/wp-content\/uploads\/sites\/12\/2025\/09\/JUEVES.jpg 1039w, https:\/\/static-blogs.diariosur.es\/wp-content\/uploads\/sites\/12\/2025\/09\/JUEVES-509x400.jpg 509w, https:\/\/static-blogs.diariosur.es\/wp-content\/uploads\/sites\/12\/2025\/09\/JUEVES-519x408.jpg 519w, https:\/\/static-blogs.diariosur.es\/wp-content\/uploads\/sites\/12\/2025\/09\/JUEVES-768x604.jpg 768w\" sizes=\"(max-width: 1039px) 100vw, 1039px\" \/><\/a><\/p>\n<p><strong>VIERNES<\/strong><\/p>\n<p><a href=\"https:\/\/static-blogs.diariosur.es\/wp-content\/uploads\/sites\/12\/2025\/09\/VIERNES-1.jpg\"><img loading=\"lazy\" class=\"aligncenter size-full wp-image-46201\" src=\"https:\/\/static-blogs.diariosur.es\/wp-content\/uploads\/sites\/12\/2025\/09\/VIERNES-1.jpg\" alt=\"\" width=\"1050\" height=\"820\" srcset=\"https:\/\/static-blogs.diariosur.es\/wp-content\/uploads\/sites\/12\/2025\/09\/VIERNES-1.jpg 1050w, https:\/\/static-blogs.diariosur.es\/wp-content\/uploads\/sites\/12\/2025\/09\/VIERNES-1-512x400.jpg 512w, https:\/\/static-blogs.diariosur.es\/wp-content\/uploads\/sites\/12\/2025\/09\/VIERNES-1-522x408.jpg 522w, https:\/\/static-blogs.diariosur.es\/wp-content\/uploads\/sites\/12\/2025\/09\/VIERNES-1-768x600.jpg 768w\" sizes=\"(max-width: 1050px) 100vw, 1050px\" \/><\/a><\/p>\n<p>&nbsp;<\/p>\n<p>&nbsp;<\/p>\n<p>&nbsp;<\/p>\n<p>&nbsp;<\/p>\n<p>&nbsp;<\/p>\n","protected":false},"excerpt":{"rendered":"<p>Buenos d\u00edas, amigos de la meteo. Cuando son las siete de la ma\u00f1ana en M\u00e1laga capital, la estaci\u00f3n de la Aemet del Aeropuerto registra 20,3 \u00baC, los cielos est\u00e1n con algunas nubes bajas y el viento sopla flojo de sureste. Nuevamente hay probabilidad de tar\u00f3 en algunos puntos de la costa malague\u00f1a. Os pongo un [&hellip;]<\/p>\n","protected":false},"author":16,"featured_media":46204,"comment_status":"open","ping_status":"open","sticky":false,"template":"","format":"standard","meta":[],"categories":[2],"tags":[81,100,151,212,358,369,587,676,907,962],"_links":{"self":[{"href":"https:\/\/blogs.diariosur.es\/tormentas-y-rayos\/wp-json\/wp\/v2\/posts\/46191"}],"collection":[{"href":"https:\/\/blogs.diariosur.es\/tormentas-y-rayos\/wp-json\/wp\/v2\/posts"}],"about":[{"href":"https:\/\/blogs.diariosur.es\/tormentas-y-rayos\/wp-json\/wp\/v2\/types\/post"}],"author":[{"embeddable":true,"href":"https:\/\/blogs.diariosur.es\/tormentas-y-rayos\/wp-json\/wp\/v2\/users\/16"}],"replies":[{"embeddable":true,"href":"https:\/\/blogs.diariosur.es\/tormentas-y-rayos\/wp-json\/wp\/v2\/comments?post=46191"}],"version-history":[{"count":7,"href":"https:\/\/blogs.diariosur.es\/tormentas-y-rayos\/wp-json\/wp\/v2\/posts\/46191\/revisions"}],"predecessor-version":[{"id":46450,"href":"https:\/\/blogs.diariosur.es\/tormentas-y-rayos\/wp-json\/wp\/v2\/posts\/46191\/revisions\/46450"}],"wp:featuredmedia":[{"embeddable":true,"href":"https:\/\/blogs.diariosur.es\/tormentas-y-rayos\/wp-json\/wp\/v2\/media\/46204"}],"wp:attachment":[{"href":"https:\/\/blogs.diariosur.es\/tormentas-y-rayos\/wp-json\/wp\/v2\/media?parent=46191"}],"wp:term":[{"taxonomy":"category","embeddable":true,"href":"https:\/\/blogs.diariosur.es\/tormentas-y-rayos\/wp-json\/wp\/v2\/categories?post=46191"},{"taxonomy":"post_tag","embeddable":true,"href":"https:\/\/blogs.diariosur.es\/tormentas-y-rayos\/wp-json\/wp\/v2\/tags?post=46191"}],"curies":[{"name":"wp","href":"https:\/\/api.w.org\/{rel}","templated":true}]}}