{"id":46209,"date":"2025-09-16T14:44:31","date_gmt":"2025-09-16T12:44:31","guid":{"rendered":"https:\/\/blogs.diariosur.es\/tormentas-y-rayos\/?p=46209"},"modified":"2025-09-16T16:13:48","modified_gmt":"2025-09-16T14:13:48","slug":"el-pasado-verano-ha-sido-el-mas-calido-de-la-serie-historica","status":"publish","type":"post","link":"https:\/\/blogs.diariosur.es\/tormentas-y-rayos\/2025\/09\/16\/el-pasado-verano-ha-sido-el-mas-calido-de-la-serie-historica\/","title":{"rendered":"El pasado verano ha sido el m\u00e1s c\u00e1lido de la serie hist\u00f3rica en Espa\u00f1a"},"content":{"rendered":"<p><a href=\"https:\/\/static-blogs.diariosur.es\/wp-content\/uploads\/sites\/12\/2025\/08\/466356215_10230699275924493_3594141402557563819_n.jpg\"><img loading=\"lazy\" class=\"aligncenter size-thumbnail wp-image-45845\" src=\"https:\/\/static-blogs.diariosur.es\/wp-content\/uploads\/sites\/12\/2025\/08\/466356215_10230699275924493_3594141402557563819_n-150x150.jpg\" alt=\"\" width=\"150\" height=\"150\" srcset=\"https:\/\/static-blogs.diariosur.es\/wp-content\/uploads\/sites\/12\/2025\/08\/466356215_10230699275924493_3594141402557563819_n-150x150.jpg 150w, https:\/\/static-blogs.diariosur.es\/wp-content\/uploads\/sites\/12\/2025\/08\/466356215_10230699275924493_3594141402557563819_n-400x400.jpg 400w, https:\/\/static-blogs.diariosur.es\/wp-content\/uploads\/sites\/12\/2025\/08\/466356215_10230699275924493_3594141402557563819_n-408x408.jpg 408w, https:\/\/static-blogs.diariosur.es\/wp-content\/uploads\/sites\/12\/2025\/08\/466356215_10230699275924493_3594141402557563819_n-768x768.jpg 768w, https:\/\/static-blogs.diariosur.es\/wp-content\/uploads\/sites\/12\/2025\/08\/466356215_10230699275924493_3594141402557563819_n.jpg 1069w\" sizes=\"(max-width: 150px) 100vw, 150px\" \/><\/a><\/p>\n<p>Buenas tardes, os dejo con el resumen climatol\u00f3gico del verano 2025. Mi amigo Rub\u00e9n del Campo lo explica en el video que os pongo m\u00e1s abajo. El pasado verano ha sido el m\u00e1s c\u00e1lido de la serie hist\u00f3rica en Espa\u00f1a. Uno de cada tres d\u00edas hemos estado bajo ola de calor. Los veranos, cada vez m\u00e1s c\u00e1lidos, tienen consecuencias en los ecosistemas y en la salud de las personas.<\/p>\n<p><span style=\"color: #ff0000;\"><strong>AEMET<\/strong><\/span><\/p>\n<div class=\"texto_entradilla\">\n<p>Con un car\u00e1cter extremadamente c\u00e1lido, tuvo una temperatura media 2.1 \u00b0C por encima del promedio de 1991-2020 y super\u00f3 por una d\u00e9cima al verano m\u00e1s c\u00e1lido hasta ahora, el de 2022. Las precipitaciones quedaron, en conjunto, por debajo de lo normal. En el noroeste peninsular, coincidiendo con algunas \u00e1reas afectadas por grandes incendios forestales, fue un verano muy seco. Lo m\u00e1s probable es que el oto\u00f1o sea m\u00e1s c\u00e1lido de lo normal en todo el pa\u00eds. No hay una tendencia muy clara acerca de las precipitaciones, aunque es poco probable que sea una estaci\u00f3n especialmente lluviosa.<\/p>\n<\/div>\n<div class=\"texto_normal\">\n<p>La Agencia Estatal de Meteorolog\u00eda (AEMET), dependiente del Ministerio para la Transici\u00f3n Ecol\u00f3gica y el Reto Demogr\u00e1fico (MITECO), ha hecho p\u00fablico en rueda de prensa su resumen clim\u00e1tico del verano de 2025: el m\u00e1s c\u00e1lido de la serie hist\u00f3rica y con car\u00e1cter seco. Tambi\u00e9n ha avanzado la tendencia para el trimestre compuesto por septiembre, octubre y noviembre, que componen el oto\u00f1o meteorol\u00f3gico.<\/p>\n<p>&nbsp;<\/p>\n<p>&nbsp;<\/p>\n<p>El verano 2025 (periodo del 1 de junio al 31 de agosto) tuvo un car\u00e1cter extremadamente c\u00e1lido, con una temperatura media en la Espa\u00f1a peninsular de 24,2 \u00b0C, valor que queda 2,1 \u00b0C por encima de la media de esta estaci\u00f3n (periodo de referencia 1991-2020). Fue el verano m\u00e1s c\u00e1lido desde el comienzo de la serie en 1961, superando por 0,1 \u00b0C al verano de 2022, que era hasta ahora el m\u00e1s c\u00e1lido.<\/p>\n<\/div>\n<p><img class=\"imagencentral\" src=\"https:\/\/www.aemet.es\/imagenes_gcd\/noticias\/imagen_noticia_detalle\/2025\/09\/tabla_temperaturas_verano_2025.jpg\" alt=\"Temperatura media, anomal\u00eda y car\u00e1cter del verano de 2025 en diferentes \u00e1mbitos geogr\u00e1ficos.\" \/><\/p>\n<div class=\"notas_pie_img\">Temperatura media, anomal\u00eda y car\u00e1cter del verano de 2025 en diferentes \u00e1mbitos geogr\u00e1ficos.<\/div>\n<div class=\"texto_normal\">\n<p>El verano tuvo un car\u00e1cter extremadamente c\u00e1lido en toda la Espa\u00f1a peninsular salvo en el cuadrante noreste, donde fue predominantemente muy c\u00e1lido. En Baleares y en Canarias result\u00f3 muy c\u00e1lido en la mayor\u00eda de las zonas.<\/p>\n<\/div>\n<p><img class=\"imagencentral\" src=\"https:\/\/www.aemet.es\/imagenes_gcd\/noticias\/imagen_noticia_detalle\/2025\/09\/grafica_anomalias_temp_verano_2025.jpg\" alt=\"Serie de anomal\u00edas de la temperatura media del verano en la Espa\u00f1a peninsular desde 1961 a 2025, tomando el per\u00edodo de referencia 1991-2020\" \/><\/p>\n<div class=\"notas_pie_img\">Serie de anomal\u00edas de la temperatura media del verano en la Espa\u00f1a peninsular desde 1961 a 2025, tomando el per\u00edodo de referencia 1991-2020<\/div>\n<div class=\"texto_normal\">\n<p>Las mayores anomal\u00edas de temperatura, de m\u00e1s de 3 \u00b0C con respecto al promedio normal, se observaron en zonas del interior peninsular, especialmente de Galicia y de las mesetas. Por meses, tanto junio como agosto tuvieron car\u00e1cter extremadamente c\u00e1lido. Ambos fueron los m\u00e1s c\u00e1lidos de sus respectivas series; en el caso de agosto, empatando con el de 2024. Junio fue el mes m\u00e1s an\u00f3malamente c\u00e1lido en Espa\u00f1a desde que hay registros, con 3.6 \u00b0C por encima de la media del per\u00edodo de referencia.<\/p>\n<p>OLAS DE CALOR<\/p>\n<p>A lo largo del verano se registraron tres olas de calor, dos en el \u00e1mbito de la Pen\u00ednsula y Baleares y una en Canarias. Las olas de calor peninsulares transcurrieron entre el 18 de junio y 4 de julio y entre el 3 y 18 de agosto. En el conjunto del verano se registraron 33 d\u00edas bajo ola de calor. Es el segundo verano con mayor n\u00famero de d\u00edas, tras el de 2022, que tuvo 41 d\u00edas.<\/p>\n<p>De la primera ola de calor destacan su duraci\u00f3n (17 d\u00edas) y su extensi\u00f3n (40 provincias afectadas), lo que la convierte en la tercera ola de calor m\u00e1s larga y tambi\u00e9n la tercera m\u00e1s extensa desde, al menos, 1975. La segunda ola de calor fue una de las m\u00e1s importantes de las que se tiene constancia en Espa\u00f1a, pues fue la segunda m\u00e1s intensa, la segunda con mayor extensi\u00f3n y la cuarta m\u00e1s larga, con una anomal\u00eda de 4.2 \u00b0C, 42 provincias afectadas y 16 d\u00edas de duraci\u00f3n.<\/p>\n<\/div>\n<p><img class=\"imagencentral\" src=\"https:\/\/www.aemet.es\/imagenes_gcd\/noticias\/imagen_noticia_detalle\/2025\/09\/mapa_temperaturas_verano_2025.jpg\" alt=\"Anomal\u00edas de la temperatura registrada en el verano de 2025 respecto al promedio normal del per\u00edodo 1991-2020.\" \/><\/p>\n<div class=\"notas_pie_img\">Anomal\u00edas de la temperatura registrada en el verano de 2025 respecto al promedio normal del per\u00edodo 1991-2020.<\/div>\n<div class=\"texto_normal\">\n<p>Las temperaturas m\u00e1s altas entre las estaciones principales correspondieron a Jerez de la Frontera\/aeropuerto, con 45,8 \u00b0C y Mor\u00f3n de la Frontera, con 45,2 \u00b0C, ambas registradas el 17 de agosto. Murcia alcanz\u00f3 45,1 \u00b0C y Alcantarilla\/base a\u00e9rea, 45,0 \u00b0C, las dos el 18 de agosto.<\/p>\n<p>En las estaciones principales de Jerez de la frontera\/aeropuerto, Rota, Murcia\/San Javier y Oviedo se observ\u00f3 la temperatura m\u00e1s alta desde el comienzo de sus respectivas series. Asimismo, en las estaciones principales de Castell\u00f3n y Madrid\/Getafe se registr\u00f3 la temperatura m\u00ednima m\u00e1s alta (la noche m\u00e1s c\u00e1lida) desde el comienzo de las observaciones.<\/p>\n<p>Hubo tambi\u00e9n algunos episodios con temperaturas por debajo de las normales, destacando los de los d\u00edas 19 a 26 de julio, 20 a 22 de agosto y 28 a 29 de agosto. Las temperaturas m\u00e1s bajas registradas en las estaciones principales fueron los 5,0 \u00b0C que se midieron en Puerto de Navacerrada el 21 de julio, los 5,6 \u00b0C de Molina de Arag\u00f3n el 29 de agosto, los 5,8 \u00b0C de Iza\u00f1a el 26 de agosto, y los 6,9 \u00b0C observados en Valladolid\/aeropuerto el 21 de agosto.<\/p>\n<\/div>\n<p>&nbsp;<\/p>\n<p><iframe loading=\"lazy\" title=\"Rueda de prensa estacional del oto\u00f1o de 2025\" width=\"500\" height=\"281\" src=\"https:\/\/www.youtube.com\/embed\/ZTCgbGFzbtI?feature=oembed\" frameborder=\"0\" allow=\"accelerometer; autoplay; clipboard-write; encrypted-media; gyroscope; picture-in-picture; web-share\" referrerpolicy=\"strict-origin-when-cross-origin\" allowfullscreen><\/iframe><\/p>\n","protected":false},"excerpt":{"rendered":"<p>Buenas tardes, os dejo con el resumen climatol\u00f3gico del verano 2025. Mi amigo Rub\u00e9n del Campo lo explica en el video que os pongo m\u00e1s abajo. El pasado verano ha sido el m\u00e1s c\u00e1lido de la serie hist\u00f3rica en Espa\u00f1a. Uno de cada tres d\u00edas hemos estado bajo ola de calor. Los veranos, cada vez [&hellip;]<\/p>\n","protected":false},"author":16,"featured_media":46204,"comment_status":"open","ping_status":"open","sticky":false,"template":"","format":"standard","meta":[],"categories":[2],"tags":[1952,207,614,1052],"_links":{"self":[{"href":"https:\/\/blogs.diariosur.es\/tormentas-y-rayos\/wp-json\/wp\/v2\/posts\/46209"}],"collection":[{"href":"https:\/\/blogs.diariosur.es\/tormentas-y-rayos\/wp-json\/wp\/v2\/posts"}],"about":[{"href":"https:\/\/blogs.diariosur.es\/tormentas-y-rayos\/wp-json\/wp\/v2\/types\/post"}],"author":[{"embeddable":true,"href":"https:\/\/blogs.diariosur.es\/tormentas-y-rayos\/wp-json\/wp\/v2\/users\/16"}],"replies":[{"embeddable":true,"href":"https:\/\/blogs.diariosur.es\/tormentas-y-rayos\/wp-json\/wp\/v2\/comments?post=46209"}],"version-history":[{"count":5,"href":"https:\/\/blogs.diariosur.es\/tormentas-y-rayos\/wp-json\/wp\/v2\/posts\/46209\/revisions"}],"predecessor-version":[{"id":46216,"href":"https:\/\/blogs.diariosur.es\/tormentas-y-rayos\/wp-json\/wp\/v2\/posts\/46209\/revisions\/46216"}],"wp:featuredmedia":[{"embeddable":true,"href":"https:\/\/blogs.diariosur.es\/tormentas-y-rayos\/wp-json\/wp\/v2\/media\/46204"}],"wp:attachment":[{"href":"https:\/\/blogs.diariosur.es\/tormentas-y-rayos\/wp-json\/wp\/v2\/media?parent=46209"}],"wp:term":[{"taxonomy":"category","embeddable":true,"href":"https:\/\/blogs.diariosur.es\/tormentas-y-rayos\/wp-json\/wp\/v2\/categories?post=46209"},{"taxonomy":"post_tag","embeddable":true,"href":"https:\/\/blogs.diariosur.es\/tormentas-y-rayos\/wp-json\/wp\/v2\/tags?post=46209"}],"curies":[{"name":"wp","href":"https:\/\/api.w.org\/{rel}","templated":true}]}}