{"id":46222,"date":"2025-09-18T06:51:32","date_gmt":"2025-09-18T04:51:32","guid":{"rendered":"https:\/\/blogs.diariosur.es\/tormentas-y-rayos\/?p=46222"},"modified":"2025-10-03T17:53:11","modified_gmt":"2025-10-03T15:53:11","slug":"el-tiempo-en-espana-se-activan-avisos-amarillos-y-naranja-hoy-18-de-julio-perdon-de-septiembre","status":"publish","type":"post","link":"https:\/\/blogs.diariosur.es\/tormentas-y-rayos\/2025\/09\/18\/el-tiempo-en-espana-se-activan-avisos-amarillos-y-naranja-hoy-18-de-julio-perdon-de-septiembre\/","title":{"rendered":"El tiempo en Espa\u00f1a. Se activan avisos amarillos y naranja hoy 18 de julio, perd\u00f3n, de septiembre"},"content":{"rendered":"<p><a href=\"https:\/\/static-blogs.diariosur.es\/wp-content\/uploads\/sites\/12\/2025\/07\/444912498_10228884468795449_97962860407814916_n.jpg\"><img loading=\"lazy\" class=\"aligncenter size-thumbnail wp-image-45498\" src=\"https:\/\/static-blogs.diariosur.es\/wp-content\/uploads\/sites\/12\/2025\/07\/444912498_10228884468795449_97962860407814916_n-150x150.jpg\" alt=\"\" width=\"150\" height=\"150\" \/><\/a><\/p>\n<p data-pm-slice=\"1 1 []\">Buenos d\u00edas, amigos de la meteo. Estamos en septiembre, \u00bfverdad? Os paso el mapa de avisos por altas temperaturas para hoy jueves 18 de septiembre. Los avisos amarillos en las provincias de Granada, Ja\u00e9n, C\u00f3rdoba y Sevilla son por 39 \u00baC, incluso en algunos puntos 40\u00b0C, y en la provincia de C\u00e1diz por 38 \u00baC.<\/p>\n<p>Luego veremos c\u00f3mo nos puede afectar la vaguada del domingo.<\/p>\n<p>&nbsp;<\/p>\n<p><a href=\"https:\/\/static-blogs.diariosur.es\/wp-content\/uploads\/sites\/12\/2025\/09\/Captura-de-pantalla-2025-09-17-213114.jpg\"><img loading=\"lazy\" class=\"aligncenter size-full wp-image-46230\" src=\"https:\/\/static-blogs.diariosur.es\/wp-content\/uploads\/sites\/12\/2025\/09\/Captura-de-pantalla-2025-09-17-213114.jpg\" alt=\"\" width=\"1042\" height=\"810\" srcset=\"https:\/\/static-blogs.diariosur.es\/wp-content\/uploads\/sites\/12\/2025\/09\/Captura-de-pantalla-2025-09-17-213114.jpg 1042w, https:\/\/static-blogs.diariosur.es\/wp-content\/uploads\/sites\/12\/2025\/09\/Captura-de-pantalla-2025-09-17-213114-515x400.jpg 515w, https:\/\/static-blogs.diariosur.es\/wp-content\/uploads\/sites\/12\/2025\/09\/Captura-de-pantalla-2025-09-17-213114-525x408.jpg 525w, https:\/\/static-blogs.diariosur.es\/wp-content\/uploads\/sites\/12\/2025\/09\/Captura-de-pantalla-2025-09-17-213114-768x597.jpg 768w\" sizes=\"(max-width: 1042px) 100vw, 1042px\" \/><\/a><\/p>\n<p>&nbsp;<\/p>\n<p><a href=\"https:\/\/static-blogs.diariosur.es\/wp-content\/uploads\/sites\/12\/2025\/09\/Captura-de-pantalla-2025-09-17-213151.jpg\"><img loading=\"lazy\" class=\"aligncenter size-full wp-image-46231\" src=\"https:\/\/static-blogs.diariosur.es\/wp-content\/uploads\/sites\/12\/2025\/09\/Captura-de-pantalla-2025-09-17-213151.jpg\" alt=\"\" width=\"1045\" height=\"811\" srcset=\"https:\/\/static-blogs.diariosur.es\/wp-content\/uploads\/sites\/12\/2025\/09\/Captura-de-pantalla-2025-09-17-213151.jpg 1045w, https:\/\/static-blogs.diariosur.es\/wp-content\/uploads\/sites\/12\/2025\/09\/Captura-de-pantalla-2025-09-17-213151-515x400.jpg 515w, https:\/\/static-blogs.diariosur.es\/wp-content\/uploads\/sites\/12\/2025\/09\/Captura-de-pantalla-2025-09-17-213151-526x408.jpg 526w, https:\/\/static-blogs.diariosur.es\/wp-content\/uploads\/sites\/12\/2025\/09\/Captura-de-pantalla-2025-09-17-213151-768x596.jpg 768w\" sizes=\"(max-width: 1045px) 100vw, 1045px\" \/><\/a><\/p>\n<p>&nbsp;<\/p>\n<p data-pm-slice=\"1 1 []\">Con respecto a la vaguada que nos afectar\u00e1 el s\u00e1bado y el domingo, hay mucha incertidumbre; lo m\u00e1s claro, que bajar\u00e1n las temperaturas m\u00e1ximas donde estos d\u00edas han tenido temperaturas tan altas. El s\u00e1bado con los modelos actualizados veremos en qu\u00e9 zonas de Andaluc\u00eda hay probabilidad de tormentas.<\/p>\n<p>Hasta el s\u00e1bado.<\/p>\n","protected":false},"excerpt":{"rendered":"<p>Buenos d\u00edas, amigos de la meteo. Estamos en septiembre, \u00bfverdad? Os paso el mapa de avisos por altas temperaturas para hoy jueves 18 de septiembre. Los avisos amarillos en las provincias de Granada, Ja\u00e9n, C\u00f3rdoba y Sevilla son por 39 \u00baC, incluso en algunos puntos 40\u00b0C, y en la provincia de C\u00e1diz por 38 \u00baC. [&hellip;]<\/p>\n","protected":false},"author":16,"featured_media":46232,"comment_status":"open","ping_status":"open","sticky":false,"template":"","format":"standard","meta":[],"categories":[2],"tags":[81,100,154,375,962],"_links":{"self":[{"href":"https:\/\/blogs.diariosur.es\/tormentas-y-rayos\/wp-json\/wp\/v2\/posts\/46222"}],"collection":[{"href":"https:\/\/blogs.diariosur.es\/tormentas-y-rayos\/wp-json\/wp\/v2\/posts"}],"about":[{"href":"https:\/\/blogs.diariosur.es\/tormentas-y-rayos\/wp-json\/wp\/v2\/types\/post"}],"author":[{"embeddable":true,"href":"https:\/\/blogs.diariosur.es\/tormentas-y-rayos\/wp-json\/wp\/v2\/users\/16"}],"replies":[{"embeddable":true,"href":"https:\/\/blogs.diariosur.es\/tormentas-y-rayos\/wp-json\/wp\/v2\/comments?post=46222"}],"version-history":[{"count":16,"href":"https:\/\/blogs.diariosur.es\/tormentas-y-rayos\/wp-json\/wp\/v2\/posts\/46222\/revisions"}],"predecessor-version":[{"id":46419,"href":"https:\/\/blogs.diariosur.es\/tormentas-y-rayos\/wp-json\/wp\/v2\/posts\/46222\/revisions\/46419"}],"wp:featuredmedia":[{"embeddable":true,"href":"https:\/\/blogs.diariosur.es\/tormentas-y-rayos\/wp-json\/wp\/v2\/media\/46232"}],"wp:attachment":[{"href":"https:\/\/blogs.diariosur.es\/tormentas-y-rayos\/wp-json\/wp\/v2\/media?parent=46222"}],"wp:term":[{"taxonomy":"category","embeddable":true,"href":"https:\/\/blogs.diariosur.es\/tormentas-y-rayos\/wp-json\/wp\/v2\/categories?post=46222"},{"taxonomy":"post_tag","embeddable":true,"href":"https:\/\/blogs.diariosur.es\/tormentas-y-rayos\/wp-json\/wp\/v2\/tags?post=46222"}],"curies":[{"name":"wp","href":"https:\/\/api.w.org\/{rel}","templated":true}]}}