{"id":4623,"date":"2013-01-16T06:51:29","date_gmt":"2013-01-16T05:51:29","guid":{"rendered":"http:\/\/blogs.diariosur.es\/tormentas-y-rayos\/?p=4623"},"modified":"2013-01-16T06:51:29","modified_gmt":"2013-01-16T05:51:29","slug":"alerta-amarilla-por-fuertes-rachas-de-viento-en-malaga-y-su-provincia-chubascos-esporadicos-en-nuestra-provincia","status":"publish","type":"post","link":"https:\/\/blogs.diariosur.es\/tormentas-y-rayos\/2013\/01\/16\/alerta-amarilla-por-fuertes-rachas-de-viento-en-malaga-y-su-provincia-chubascos-esporadicos-en-nuestra-provincia\/","title":{"rendered":"Alerta amarilla por fuertes rachas de viento en M\u00e1laga y su provincia. Chubascos espor\u00e1dicos en nuestra provincia."},"content":{"rendered":"<p>&nbsp;<\/p>\n<p><span style=\"color: #ff0000;\"><strong>ACTUALIZACI\u00d3N: 17-1-13 POSIBLE CICLOG\u00c9NESIS ENCIMA DE LA\u00a0<\/strong><\/span><span style=\"color: #ff0000;\"><strong>PEN\u00cdNSULA<\/strong><\/span><\/p>\n<p><span><strong><span style=\"color: #ff0000;\">Buenos dias amigos de la meteo. Son las siete de la ma\u00f1ana, lo mas estacado ahora mismo es la m\u00ednima que registramos, casi 16 grados. Una masa de aire humedad y caliente nos esta afectando ahora mismo. El viento ha soplado fuerte esta pasada noche y los chubascos mas importantes se han dado por el interior de la provincia. En nuestra capital no hemos llegado al medio litro, mi pluvi\u00f3metro ha medido 0,4 d\u00e9cimas de litro. Esta tarde noche a ultima hora o de madrigada, de nuevo pueden caer algunos chubascos\u00a0espor\u00e1dicos\u00a0en nuestra provincia.<\/span><\/strong><\/span><br \/>\n<span style=\"color: #ff0000;\"><strong>Aqui estoy mirando mapas y modelos, hay posibilidad, de que el\u00a0s\u00e1bado\u00a0si tengamos lluvias mas importantes. Una borrasca puede pasar por la vertical de la pen\u00ednsula. Cuando venga del curro seguire atento a lo que pueda pasar y abrir\u00e9 un nuevo post esta noche o ma\u00f1ana a primera hora, seg\u00fan como lo tenga de claro. Incluso <span style=\"color: #0000ff;\">la alerta amarilla por lluvias nos puede acompa\u00f1ar el s\u00e1bado.<\/span><\/strong><\/span><br \/>\n<span style=\"color: #ff0000;\"><strong>Un abrazo a todos os dejo que en un rato tiro para el curro.<\/strong><\/span><\/p>\n<p>&nbsp;<\/p>\n<p><strong>Buenos dias amigos de la meteo. Son las seis de la ma\u00f1ana, registro 12 grados y los cielos est\u00e1n \u00a0nubosos. El viento de terral de invierno sigue de protagonista, se han alcanzado rachas cercanas a los 50 km\/h, esto ha hecho que la sensaci\u00f3n t\u00e9rmica de fr\u00edo sea mayor.\u00a0<\/strong><strong>Si ayer martes la m\u00e1xima rondo los 14 grados, la sensaci\u00f3n t\u00e9rmica fue de 7 grados.<\/strong><\/p>\n<p><strong>La AEMET \u00a0ha activado la alerta amarilla en M\u00e1laga Capital, Guadalhorce y Axarquia, por fuertes rachas de viento.\u00a0Seguir\u00e1\u00a0vigente \u00a0hasta las 00.00 del jueves.\u00a0Tambi\u00e9n\u00a0se activa por nieve en las Provincias de Granada, Almer\u00eda y\u00a0Ja\u00e9n. \u00a0<\/strong><\/p>\n<p><a href=\"https:\/\/blogs.diariosur.es\/tormentas-y-rayos\/2013\/01\/16\/alerta-amarilla-por-fuertes-rachas-de-viento-en-malaga-y-su-provincia-chubascos-esporadicos-en-nuestra-provincia\/alerta-por-vientos\/\" rel=\"attachment wp-att-4638\"><img loading=\"lazy\" class=\"aligncenter size-full wp-image-4638\" title=\"alerta por vientos\" src=\"\/tormentas-y-rayos\/wp-content\/uploads\/sites\/12\/2013\/01\/alerta-por-vientos.jpg\" alt=\"\" width=\"535\" height=\"432\" srcset=\"https:\/\/static-blogs.diariosur.es\/wp-content\/uploads\/sites\/12\/2013\/01\/alerta-por-vientos.jpg 535w, https:\/\/static-blogs.diariosur.es\/wp-content\/uploads\/sites\/12\/2013\/01\/alerta-por-vientos-495x400.jpg 495w\" sizes=\"(max-width: 535px) 100vw, 535px\" \/><\/a><\/p>\n<p><a href=\"https:\/\/blogs.diariosur.es\/tormentas-y-rayos\/2013\/01\/16\/alerta-amarilla-por-fuertes-rachas-de-viento-en-malaga-y-su-provincia-chubascos-esporadicos-en-nuestra-provincia\/alert\/\" rel=\"attachment wp-att-4639\"><img loading=\"lazy\" class=\"aligncenter size-full wp-image-4639\" title=\"alert\" src=\"\/tormentas-y-rayos\/wp-content\/uploads\/sites\/12\/2013\/01\/alert.jpg\" alt=\"\" width=\"628\" height=\"263\" \/><\/a><\/p>\n<p><strong>Os hago como siempre un peque\u00f1o resumen en fotos, del lunes y del martes. <span style=\"color: #ff0000;\">\u00a0Al final del post, os hablare de los cambios que se\u00a0dar\u00e1n\u00a0a partir de hoy y hasta el\u00a0s\u00e1bado. Se\u00a0prev\u00e9n chubascos.<\/span><\/strong><\/p>\n<p>&nbsp;<\/p>\n<p><strong>El lunes, el terral soplo entre moderado y fuerte. Y que mejor que esta foto de nuestro amigo Antonio Portillo para ilustrar el viento de terral.<\/strong><\/p>\n<p><a href=\"https:\/\/blogs.diariosur.es\/tormentas-y-rayos\/2013\/01\/16\/alerta-amarilla-por-fuertes-rachas-de-viento-en-malaga-y-su-provincia-chubascos-esporadicos-en-nuestra-provincia\/antonio-portillo-10\/\" rel=\"attachment wp-att-4624\"><img loading=\"lazy\" class=\"aligncenter size-full wp-image-4624\" title=\"antonio portillo\" src=\"\/tormentas-y-rayos\/wp-content\/uploads\/sites\/12\/2013\/01\/antonio-portillo3.jpg\" alt=\"\" width=\"670\" height=\"447\" srcset=\"https:\/\/static-blogs.diariosur.es\/wp-content\/uploads\/sites\/12\/2013\/01\/antonio-portillo3.jpg 670w, https:\/\/static-blogs.diariosur.es\/wp-content\/uploads\/sites\/12\/2013\/01\/antonio-portillo3-600x400.jpg 600w\" sizes=\"(max-width: 670px) 100vw, 670px\" \/><\/a><\/p>\n<p><strong>Adem\u00e1s del viento, \u00a0los lenticularis fueron los protagonistas el lunes.\u00a0As\u00ed\u00a0que por la tarde tire para la playa para fotografiarlos. Os paso un par de fotos desde la Playa de la Misericordia.\u00a0<\/strong><\/p>\n<p><a href=\"https:\/\/blogs.diariosur.es\/tormentas-y-rayos\/2013\/01\/16\/alerta-amarilla-por-fuertes-rachas-de-viento-en-malaga-y-su-provincia-chubascos-esporadicos-en-nuestra-provincia\/olympus-digital-camera-1035\/\" rel=\"attachment wp-att-4625\"><img loading=\"lazy\" class=\"aligncenter size-full wp-image-4625\" title=\"OLYMPUS DIGITAL CAMERA\" src=\"\/tormentas-y-rayos\/wp-content\/uploads\/sites\/12\/2013\/01\/030.jpg\" alt=\"\" width=\"670\" height=\"503\" srcset=\"https:\/\/static-blogs.diariosur.es\/wp-content\/uploads\/sites\/12\/2013\/01\/030.jpg 670w, https:\/\/static-blogs.diariosur.es\/wp-content\/uploads\/sites\/12\/2013\/01\/030-533x400.jpg 533w\" sizes=\"(max-width: 670px) 100vw, 670px\" \/><\/a><\/p>\n<p><a href=\"https:\/\/blogs.diariosur.es\/tormentas-y-rayos\/2013\/01\/16\/alerta-amarilla-por-fuertes-rachas-de-viento-en-malaga-y-su-provincia-chubascos-esporadicos-en-nuestra-provincia\/olympus-digital-camera-1036\/\" rel=\"attachment wp-att-4626\"><img loading=\"lazy\" class=\"aligncenter size-full wp-image-4626\" title=\"OLYMPUS DIGITAL CAMERA\" src=\"\/tormentas-y-rayos\/wp-content\/uploads\/sites\/12\/2013\/01\/033.jpg\" alt=\"\" width=\"661\" height=\"427\" srcset=\"https:\/\/static-blogs.diariosur.es\/wp-content\/uploads\/sites\/12\/2013\/01\/033.jpg 661w, https:\/\/static-blogs.diariosur.es\/wp-content\/uploads\/sites\/12\/2013\/01\/033-619x400.jpg 619w\" sizes=\"(max-width: 661px) 100vw, 661px\" \/><\/a><\/p>\n<p>&nbsp;<\/p>\n<p><strong>Estos lenticularis, no solo eran visibles desde la playa, tambi\u00e9n desde la zona deTeatinos se ve\u00edan estupendamente. Nuestro amigo Fernando Berrocal me manda esta foto. Preciosa foto.<\/strong><\/p>\n<p><a href=\"https:\/\/blogs.diariosur.es\/tormentas-y-rayos\/2013\/01\/16\/alerta-amarilla-por-fuertes-rachas-de-viento-en-malaga-y-su-provincia-chubascos-esporadicos-en-nuestra-provincia\/fernando-berroccal\/\" rel=\"attachment wp-att-4627\"><img loading=\"lazy\" class=\"aligncenter size-full wp-image-4627\" title=\"fernando berroccal\" src=\"\/tormentas-y-rayos\/wp-content\/uploads\/sites\/12\/2013\/01\/fernando-berroccal.jpg\" alt=\"\" width=\"670\" height=\"378\" srcset=\"https:\/\/static-blogs.diariosur.es\/wp-content\/uploads\/sites\/12\/2013\/01\/fernando-berroccal.jpg 670w, https:\/\/static-blogs.diariosur.es\/wp-content\/uploads\/sites\/12\/2013\/01\/fernando-berroccal-640x361.jpg 640w\" sizes=\"(max-width: 670px) 100vw, 670px\" \/><\/a><\/p>\n<p><strong>Paqui Carnero\u00a0tambi\u00e9n\u00a0los cazaba. Impresionante.<\/strong><\/p>\n<p><a href=\"https:\/\/blogs.diariosur.es\/tormentas-y-rayos\/2013\/01\/16\/alerta-amarilla-por-fuertes-rachas-de-viento-en-malaga-y-su-provincia-chubascos-esporadicos-en-nuestra-provincia\/paqui-carnero_1\/\" rel=\"attachment wp-att-4628\"><img loading=\"lazy\" class=\"aligncenter size-full wp-image-4628\" title=\"paqui carnero_1\" src=\"\/tormentas-y-rayos\/wp-content\/uploads\/sites\/12\/2013\/01\/paqui-carnero_1.jpg\" alt=\"\" width=\"670\" height=\"377\" srcset=\"https:\/\/static-blogs.diariosur.es\/wp-content\/uploads\/sites\/12\/2013\/01\/paqui-carnero_1.jpg 670w, https:\/\/static-blogs.diariosur.es\/wp-content\/uploads\/sites\/12\/2013\/01\/paqui-carnero_1-640x360.jpg 640w\" sizes=\"(max-width: 670px) 100vw, 670px\" \/><\/a><\/p>\n<p><strong>La temperatura maxima del lunes fue de 16 y la minima de 8,6 grados.<\/strong><\/p>\n<p><strong>El martes el amanecer fue precioso, pero tuve que fotografiarlo llegando al trabajo.<\/strong><\/p>\n<p><a href=\"https:\/\/blogs.diariosur.es\/tormentas-y-rayos\/2013\/01\/16\/alerta-amarilla-por-fuertes-rachas-de-viento-en-malaga-y-su-provincia-chubascos-esporadicos-en-nuestra-provincia\/001-13\/\" rel=\"attachment wp-att-4629\"><img loading=\"lazy\" class=\"aligncenter size-full wp-image-4629\" title=\"001\" src=\"\/tormentas-y-rayos\/wp-content\/uploads\/sites\/12\/2013\/01\/001.jpg\" alt=\"\" width=\"670\" height=\"447\" srcset=\"https:\/\/static-blogs.diariosur.es\/wp-content\/uploads\/sites\/12\/2013\/01\/001.jpg 670w, https:\/\/static-blogs.diariosur.es\/wp-content\/uploads\/sites\/12\/2013\/01\/001-600x400.jpg 600w\" sizes=\"(max-width: 670px) 100vw, 670px\" \/><\/a><\/p>\n<p><strong>Pero como mis amigos siempre est\u00e1n atentos, Antonio Portillo lo\u00a0fotografi\u00f3\u00a0cerca del Espig\u00f3n de la Termica.<\/strong><\/p>\n<p><strong><a href=\"https:\/\/blogs.diariosur.es\/tormentas-y-rayos\/2013\/01\/16\/alerta-amarilla-por-fuertes-rachas-de-viento-en-malaga-y-su-provincia-chubascos-esporadicos-en-nuestra-provincia\/256436_3717212908125_642419796_o\/\" rel=\"attachment wp-att-4630\"><img loading=\"lazy\" class=\"aligncenter size-full wp-image-4630\" title=\"256436_3717212908125_642419796_o\" src=\"\/tormentas-y-rayos\/wp-content\/uploads\/sites\/12\/2013\/01\/256436_3717212908125_642419796_o.jpg\" alt=\"\" width=\"670\" height=\"447\" srcset=\"https:\/\/static-blogs.diariosur.es\/wp-content\/uploads\/sites\/12\/2013\/01\/256436_3717212908125_642419796_o.jpg 670w, https:\/\/static-blogs.diariosur.es\/wp-content\/uploads\/sites\/12\/2013\/01\/256436_3717212908125_642419796_o-600x400.jpg 600w\" sizes=\"(max-width: 670px) 100vw, 670px\" \/><\/a><\/strong><\/p>\n<p><strong>Y Paco Martin desde Torremolinos. Preciosa foto Paco.<\/strong><\/p>\n<p><a href=\"https:\/\/blogs.diariosur.es\/tormentas-y-rayos\/2013\/01\/16\/alerta-amarilla-por-fuertes-rachas-de-viento-en-malaga-y-su-provincia-chubascos-esporadicos-en-nuestra-provincia\/256488_542012599144791_58302149_o\/\" rel=\"attachment wp-att-4631\"><img loading=\"lazy\" class=\"aligncenter size-full wp-image-4631\" title=\"256488_542012599144791_58302149_o\" src=\"\/tormentas-y-rayos\/wp-content\/uploads\/sites\/12\/2013\/01\/256488_542012599144791_58302149_o.jpg\" alt=\"\" width=\"670\" height=\"503\" srcset=\"https:\/\/static-blogs.diariosur.es\/wp-content\/uploads\/sites\/12\/2013\/01\/256488_542012599144791_58302149_o.jpg 670w, https:\/\/static-blogs.diariosur.es\/wp-content\/uploads\/sites\/12\/2013\/01\/256488_542012599144791_58302149_o-533x400.jpg 533w\" sizes=\"(max-width: 670px) 100vw, 670px\" \/><\/a><\/p>\n<p><strong>Por la tarde los cielos se\u00a0adornaron\u00a0de cirros,\u00a0tambi\u00e9n\u00a0 de\u00a0c\u00famulos\u00a0mediocris y humilis, que dejaron un bonita puesta de sol. Os paso estas fotos que tome desde la terraza.<\/strong><\/p>\n<p><a href=\"https:\/\/blogs.diariosur.es\/tormentas-y-rayos\/2013\/01\/16\/alerta-amarilla-por-fuertes-rachas-de-viento-en-malaga-y-su-provincia-chubascos-esporadicos-en-nuestra-provincia\/olympus-digital-camera-1037\/\" rel=\"attachment wp-att-4632\"><img loading=\"lazy\" class=\"aligncenter size-full wp-image-4632\" title=\"OLYMPUS DIGITAL CAMERA\" src=\"\/tormentas-y-rayos\/wp-content\/uploads\/sites\/12\/2013\/01\/0051.jpg\" alt=\"\" width=\"670\" height=\"503\" srcset=\"https:\/\/static-blogs.diariosur.es\/wp-content\/uploads\/sites\/12\/2013\/01\/0051.jpg 670w, https:\/\/static-blogs.diariosur.es\/wp-content\/uploads\/sites\/12\/2013\/01\/0051-533x400.jpg 533w\" sizes=\"(max-width: 670px) 100vw, 670px\" \/><\/a><\/p>\n<p>&nbsp;<\/p>\n<p>&nbsp;<\/p>\n<p><a href=\"https:\/\/blogs.diariosur.es\/tormentas-y-rayos\/2013\/01\/16\/alerta-amarilla-por-fuertes-rachas-de-viento-en-malaga-y-su-provincia-chubascos-esporadicos-en-nuestra-provincia\/olympus-digital-camera-1038\/\" rel=\"attachment wp-att-4636\"><img loading=\"lazy\" class=\"aligncenter size-full wp-image-4636\" title=\"OLYMPUS DIGITAL CAMERA\" src=\"\/tormentas-y-rayos\/wp-content\/uploads\/sites\/12\/2013\/01\/006.jpg\" alt=\"\" width=\"670\" height=\"503\" srcset=\"https:\/\/static-blogs.diariosur.es\/wp-content\/uploads\/sites\/12\/2013\/01\/006.jpg 670w, https:\/\/static-blogs.diariosur.es\/wp-content\/uploads\/sites\/12\/2013\/01\/006-533x400.jpg 533w\" sizes=\"(max-width: 670px) 100vw, 670px\" \/><\/a><\/p>\n<p><strong>La maxima fue de 14,8 grados y la\u00a0m\u00ednima\u00a0de 8,9. Fuente Aemet.<\/strong><\/p>\n<p><a href=\"https:\/\/blogs.diariosur.es\/tormentas-y-rayos\/2013\/01\/16\/alerta-amarilla-por-fuertes-rachas-de-viento-en-malaga-y-su-provincia-chubascos-esporadicos-en-nuestra-provincia\/temperatura-4\/\" rel=\"attachment wp-att-4633\"><img loading=\"lazy\" class=\"aligncenter size-medium wp-image-4633\" title=\"temperatura\" src=\"\/tormentas-y-rayos\/wp-content\/uploads\/sites\/12\/2013\/01\/temperatura.jpg\" alt=\"\" width=\"600\" height=\"251\" srcset=\"https:\/\/static-blogs.diariosur.es\/wp-content\/uploads\/sites\/12\/2013\/01\/temperatura.jpg 733w, https:\/\/static-blogs.diariosur.es\/wp-content\/uploads\/sites\/12\/2013\/01\/temperatura-640x268.jpg 640w\" sizes=\"(max-width: 600px) 100vw, 600px\" \/><\/a><\/p>\n<p>&nbsp;<\/p>\n<p><strong><span><span style=\"color: #ff0000;\">Bueno amigos, os comento un poco lo de las posibles lluvias, que se pueden dar a partir de esta noche o madrugada del jueves hasta el\u00a0s\u00e1bado\u00a0en\u00a0Andaluc\u00eda\u00a0y nuestra Provincia Malague\u00f1a.<\/span><\/span><\/strong><\/p>\n<p><span style=\"color: #ff00ff;\">Antes de nada comentaros que como esta la situaci\u00f3n es muy\u00a0dif\u00edcil\u00a0de modelizar a mas de 3 dias vistos.<\/span><\/p>\n<p><strong><span style=\"color: #0000ff;\">El anticicl\u00f3n de las Azores se retira, y esto favorecer\u00e1 que los frentes lleguen vivos a buena parte de la\u00a0pen\u00ednsula, \u00a0siendo la zona del levante mediterr\u00e1neo la menos favorecida. Aqui pod\u00e9is ver la situaci\u00f3n del anticicl\u00f3n en este mapa del modelo gfs hasta el\u00a0s\u00e1bado.<\/span><\/strong><\/p>\n<p><a href=\"https:\/\/blogs.diariosur.es\/tormentas-y-rayos\/2013\/01\/16\/alerta-amarilla-por-fuertes-rachas-de-viento-en-malaga-y-su-provincia-chubascos-esporadicos-en-nuestra-provincia\/wetter\/\" rel=\"attachment wp-att-4634\"><img loading=\"lazy\" class=\"aligncenter size-full wp-image-4634\" title=\"wetter\" src=\"\/tormentas-y-rayos\/wp-content\/uploads\/sites\/12\/2013\/01\/wetter.jpg\" alt=\"\" width=\"671\" height=\"265\" srcset=\"https:\/\/static-blogs.diariosur.es\/wp-content\/uploads\/sites\/12\/2013\/01\/wetter.jpg 671w, https:\/\/static-blogs.diariosur.es\/wp-content\/uploads\/sites\/12\/2013\/01\/wetter-640x253.jpg 640w\" sizes=\"(max-width: 671px) 100vw, 671px\" \/><\/a><\/p>\n<p><a href=\"https:\/\/blogs.diariosur.es\/tormentas-y-rayos\/2013\/01\/16\/alerta-amarilla-por-fuertes-rachas-de-viento-en-malaga-y-su-provincia-chubascos-esporadicos-en-nuestra-provincia\/ww\/\" rel=\"attachment wp-att-4635\"><img loading=\"lazy\" class=\"aligncenter size-full wp-image-4635\" title=\"ww\" src=\"\/tormentas-y-rayos\/wp-content\/uploads\/sites\/12\/2013\/01\/ww.jpg\" alt=\"\" width=\"659\" height=\"264\" srcset=\"https:\/\/static-blogs.diariosur.es\/wp-content\/uploads\/sites\/12\/2013\/01\/ww.jpg 659w, https:\/\/static-blogs.diariosur.es\/wp-content\/uploads\/sites\/12\/2013\/01\/ww-640x256.jpg 640w\" sizes=\"(max-width: 659px) 100vw, 659px\" \/><\/a><\/p>\n<p>&nbsp;<\/p>\n<p><strong><span style=\"color: #0000ff;\">Esta tarde noche y de madrugada nos cruzara un frente, que dejara algunos chubascos. El viento de terral seguir\u00e1 soplando fuerte y a veces \u00a0con rachas muy fuerte durante el dia de hoy. Las\u00a0m\u00e1ximas\u00a0rondaran los 15 grados y las m\u00ednimas subir\u00e1n un poco. En esta imagen que guarde ayer por la noche, se ve la nueva borrasca y el frente que afectara a nuestra regi\u00f3n. Fuente eumetsat, meteogalicia.<\/span><\/strong><\/p>\n<p><a href=\"https:\/\/blogs.diariosur.es\/tormentas-y-rayos\/2013\/01\/16\/alerta-amarilla-por-fuertes-rachas-de-viento-en-malaga-y-su-provincia-chubascos-esporadicos-en-nuestra-provincia\/boy-fret\/\" rel=\"attachment wp-att-4637\"><img loading=\"lazy\" class=\"aligncenter size-medium wp-image-4637\" title=\"boy fret\" src=\"\/tormentas-y-rayos\/wp-content\/uploads\/sites\/12\/2013\/01\/boy-fret.jpg\" alt=\"\" width=\"597\" height=\"400\" srcset=\"https:\/\/static-blogs.diariosur.es\/wp-content\/uploads\/sites\/12\/2013\/01\/boy-fret.jpg 745w, https:\/\/static-blogs.diariosur.es\/wp-content\/uploads\/sites\/12\/2013\/01\/boy-fret-597x400.jpg 597w\" sizes=\"(max-width: 597px) 100vw, 597px\" \/><\/a><\/p>\n<p>&nbsp;<\/p>\n<p><span style=\"color: #0000ff;\"><strong>Esta nueva imagen que os pongo es de las seis de la ma\u00f1ana, ya se ve claramente como el frente cubre casi toda la\u00a0Pen\u00ednsula.<\/strong><\/span><\/p>\n<p><a href=\"https:\/\/blogs.diariosur.es\/tormentas-y-rayos\/2013\/01\/16\/alerta-amarilla-por-fuertes-rachas-de-viento-en-malaga-y-su-provincia-chubascos-esporadicos-en-nuestra-provincia\/miercoles\/\" rel=\"attachment wp-att-4640\"><img loading=\"lazy\" class=\"aligncenter size-medium wp-image-4640\" title=\"miercoles\" src=\"\/tormentas-y-rayos\/wp-content\/uploads\/sites\/12\/2013\/01\/miercoles.jpg\" alt=\"\" width=\"555\" height=\"400\" srcset=\"https:\/\/static-blogs.diariosur.es\/wp-content\/uploads\/sites\/12\/2013\/01\/miercoles.jpg 744w, https:\/\/static-blogs.diariosur.es\/wp-content\/uploads\/sites\/12\/2013\/01\/miercoles-555x400.jpg 555w\" sizes=\"(max-width: 555px) 100vw, 555px\" \/><\/a><\/p>\n<p>&nbsp;<\/p>\n<p><span style=\"color: #0000ff;\"><strong>No ser\u00e1n lluvias muy copiosas, pero por lo menos rompe la monoton\u00eda, que hemos tenido durante casi dos meses en toda\u00a0Andaluc\u00eda. Aqui en nuestra provincia solo\u00a0ser\u00e1n\u00a0chubascos\u00a0espor\u00e1dicos.<\/strong><\/span><\/p>\n<p><span style=\"color: #0000ff;\"><strong> Ma\u00f1ana jueves de nuevo hay posibilidad de que a ultima hora de la noche y madrugada del viernes, nos veamos afectados por otra linea de inestabilidad, que\u00a0dejar\u00eda\u00a0algunos chubascos. El viernes os\u00a0dar\u00e9\u00a0<\/strong><strong>la predicci\u00f3n del fin de semana, algunos modelos dan lluvias mas copiosas el\u00a0s\u00e1bado, pero esto lo veremos mas\u00a0tranquilamente en el nuevo post.\u00a0<\/strong><\/span><\/p>\n<p><span style=\"color: #008000;\"><strong>Un abrazo a todos amigos y gracias por comentar el blog<\/strong><\/span>.<\/p>\n<p>&nbsp;<\/p>\n","protected":false},"excerpt":{"rendered":"<p>&nbsp; ACTUALIZACI\u00d3N: 17-1-13 POSIBLE CICLOG\u00c9NESIS ENCIMA DE LA\u00a0PEN\u00cdNSULA Buenos dias amigos de la meteo. Son las siete de la ma\u00f1ana, lo mas estacado ahora mismo es la m\u00ednima que registramos, casi 16 grados. Una masa de aire humedad y caliente nos esta afectando ahora mismo. El viento ha soplado fuerte esta pasada noche y los [&hellip;]<\/p>\n","protected":false},"author":16,"featured_media":4638,"comment_status":"open","ping_status":"closed","sticky":false,"template":"","format":"standard","meta":[],"categories":[2],"tags":[63,91,249,840,1059],"_links":{"self":[{"href":"https:\/\/blogs.diariosur.es\/tormentas-y-rayos\/wp-json\/wp\/v2\/posts\/4623"}],"collection":[{"href":"https:\/\/blogs.diariosur.es\/tormentas-y-rayos\/wp-json\/wp\/v2\/posts"}],"about":[{"href":"https:\/\/blogs.diariosur.es\/tormentas-y-rayos\/wp-json\/wp\/v2\/types\/post"}],"author":[{"embeddable":true,"href":"https:\/\/blogs.diariosur.es\/tormentas-y-rayos\/wp-json\/wp\/v2\/users\/16"}],"replies":[{"embeddable":true,"href":"https:\/\/blogs.diariosur.es\/tormentas-y-rayos\/wp-json\/wp\/v2\/comments?post=4623"}],"version-history":[{"count":0,"href":"https:\/\/blogs.diariosur.es\/tormentas-y-rayos\/wp-json\/wp\/v2\/posts\/4623\/revisions"}],"wp:featuredmedia":[{"embeddable":true,"href":"https:\/\/blogs.diariosur.es\/tormentas-y-rayos\/wp-json\/wp\/v2\/media\/4638"}],"wp:attachment":[{"href":"https:\/\/blogs.diariosur.es\/tormentas-y-rayos\/wp-json\/wp\/v2\/media?parent=4623"}],"wp:term":[{"taxonomy":"category","embeddable":true,"href":"https:\/\/blogs.diariosur.es\/tormentas-y-rayos\/wp-json\/wp\/v2\/categories?post=4623"},{"taxonomy":"post_tag","embeddable":true,"href":"https:\/\/blogs.diariosur.es\/tormentas-y-rayos\/wp-json\/wp\/v2\/tags?post=4623"}],"curies":[{"name":"wp","href":"https:\/\/api.w.org\/{rel}","templated":true}]}}