{"id":46240,"date":"2025-09-20T08:31:35","date_gmt":"2025-09-20T06:31:35","guid":{"rendered":"https:\/\/blogs.diariosur.es\/tormentas-y-rayos\/?p=46240"},"modified":"2025-09-20T08:31:35","modified_gmt":"2025-09-20T06:31:35","slug":"danas-toca-leer","status":"publish","type":"post","link":"https:\/\/blogs.diariosur.es\/tormentas-y-rayos\/2025\/09\/20\/danas-toca-leer\/","title":{"rendered":"Danas, toca leer"},"content":{"rendered":"<p><a href=\"https:\/\/static-blogs.diariosur.es\/wp-content\/uploads\/sites\/12\/2025\/07\/72999690_10217709542349272_7908844429161529344_n.jpg\"><img loading=\"lazy\" class=\"aligncenter size-thumbnail wp-image-45292\" src=\"https:\/\/static-blogs.diariosur.es\/wp-content\/uploads\/sites\/12\/2025\/07\/72999690_10217709542349272_7908844429161529344_n-150x150.jpg\" alt=\"\" width=\"150\" height=\"150\" \/><\/a><\/p>\n<p>Buenos d\u00edas, amigos de la meteo. Llevo unos d\u00edas leyendo el libro de mi amigo \u00c1ngel Rivera, os lo recomiendo.<\/p>\n<p>Os dejo con mi amigo \u00c1ngel Rivera.<\/p>\n<p>La ocurrencia de la catastr\u00f3fica inundaci\u00f3n del 29 de octubre pasado en L\u00b4Horta Sud despert\u00f3 en m\u00ed un c\u00famulo de sensaciones y pensamientos de todo tipo, pero sobre todo mucho dolor porque no se hubiera evitado el elevad\u00edsimo n\u00famero de v\u00edctimas que se produjeron. Me di cuenta que, junto a la acci\u00f3n y a la reflexi\u00f3n pol\u00edtica y social para conocer -y corregir- los fallos que se hubieran cometido a nivel organizativo y operativo, era necesaria una reflexi\u00f3n individual sobre\u00a0\u00a0qu\u00e9 pod\u00eda hacer cada persona para socorrer, aliviar, organizar o clarificar. Todo ello coincidi\u00f3 con la idea que ten\u00eda desde hace tiempo de escribir un libro sobre las danas y su conjunci\u00f3n me anim\u00f3 definitivamente a escribirlo. Ahora ya puedo anunciar su publicaci\u00f3n.<\/p>\n<p>&nbsp;<\/p>\n<div class=\"separator\"><a href=\"https:\/\/blogger.googleusercontent.com\/img\/b\/R29vZ2xl\/AVvXsEhOe0yQdr3llo59-ESwjgATdvKoJC6wK6o-Hwt42kckL1rmxwMg4HvkPgy_SNXcgbQY-pbfvgeuEAeK0YsoCgjzrkKzzZEKxGbRABZfJwsjykbrsrjXkihikOReqw740so3zvHJaGAEI-hqZ4O9tZs1jUiLoy09c13GaacdYfKdP-Zjk5Q9D2OM8nBLC6lh\/s696\/Captura%20de%20pantalla%202025-09-08%20a%20las%2013.53.07.png\" rel=\"external nofollow\"><img loading=\"lazy\" src=\"https:\/\/blogger.googleusercontent.com\/img\/b\/R29vZ2xl\/AVvXsEhOe0yQdr3llo59-ESwjgATdvKoJC6wK6o-Hwt42kckL1rmxwMg4HvkPgy_SNXcgbQY-pbfvgeuEAeK0YsoCgjzrkKzzZEKxGbRABZfJwsjykbrsrjXkihikOReqw740so3zvHJaGAEI-hqZ4O9tZs1jUiLoy09c13GaacdYfKdP-Zjk5Q9D2OM8nBLC6lh\/w468-h640\/Captura%20de%20pantalla%202025-09-08%20a%20las%2013.53.07.png\" width=\"280\" height=\"382\" border=\"0\" data-original-height=\"696\" data-original-width=\"508\" \/><\/a><\/div>\n<p>&nbsp;<\/p>\n<p>&nbsp;<\/p>\n<p>Se trata de un libro muy personal, escrito a partir de mi larga experiencia de trabajar con estas borrascas durante muchos a\u00f1os, tanto como responsable de Predicci\u00f3n en el antiguo Instituto Nacional de Meteorolog\u00eda (INM) como posteriormente responsable de Comunicaci\u00f3n y portavoz de AEMET hasta mi jubilaci\u00f3n.Las presentaciones tendr\u00e1n lugar en la Facultad de Geograf\u00eda de Valencia el 29 de septiembre a las 17,30 horas y en la Real Academia de Ciencias de Madrid el 7 de octubre a las 18 horas. Ser\u00e1 un placer mantener un di\u00e1logo tranquilo con los asistentes sobre el contenido del libro.<\/p>\n<p>El libro podr\u00e1 adquirirse en estos actos pero\u00a0<a href=\"https:\/\/amzn.eu\/d\/9noJi7l\" target=\"_blank\" rel=\"noopener external nofollow\">ya est\u00e1 disponible en Amazon<\/a>.<\/p>\n<p>Para conocer mas en detalle su contenido pongo a continuaci\u00f3n el \u00edndice del mismo:<\/p>\n<p><b>PR\u00d3LOGO\u00a0<\/b>(Jos\u00e9 \u00c1ngel Nu\u00f1ez)<\/p>\n<p>I<b>NTRODUCCI\u00d3N<\/b><\/p>\n<p><b>1.- LA FISICA DE LAS DANAS<\/b><\/p>\n<p>\u00bfQu\u00e9 es una dana?<\/p>\n<p>Conociendo mejor c\u00f3mo se originan<\/p>\n<p>\u00bfCu\u00e1l es su ciclo vital?<\/p>\n<p>\u00bfCu\u00e1les son sus zonas \u00abactivas\u00bb?<\/p>\n<p>Las danas del chorro subtropical<\/p>\n<p>La conexi\u00f3n subtropical-tropical<\/p>\n<p>De la gota fr\u00eda a la dana<\/p>\n<p><b>2.- DANAS Y LLUVIAS TORRENCIALES<\/b><\/p>\n<p>\u00bfC\u00f3mo se producen en general las precipitaciones?<\/p>\n<p>\u00bfC\u00f3mo generan precipitaciones las danas?<\/p>\n<p>\u00bfPuede haber danas que no generen lluvias intensas?<\/p>\n<p>\u00bfY puede haber lluvias intensas o extensas sin danas?<\/p>\n<p>\u00bfQu\u00e9 zonas de Espa\u00f1a son las m\u00e1s afectadas por las precipitaciones de las danas?<\/p>\n<p><b>3.- HISTORIAS DE LLUVIAS INTENSAS RELACIONADAS EN SU MAYOR PARTE CON DANAS.<\/b><\/p>\n<p>Octubre de 1957: La riada del Turia en Valencia<\/p>\n<p>Las inundaciones del Vall\u00e9s de septiembre de 1962<\/p>\n<p>Las inundaciones de La R\u00e1bita y Albu\u00f1ol de octubre de 1973<\/p>\n<p>La pantanada de Tous de octubre de 1982<\/p>\n<p>Las inundaciones del Pa\u00eds Vasco de agosto de 1983<\/p>\n<p>El temporal de Canarias de noviembre de 2014<\/p>\n<p>La inundaci\u00f3n de la Vega Baja del Segura de septiembre de 2019<\/p>\n<p>Las torrenciales lluvias, sin dana, de Benic\u00e0ssim y Sagunto del 29 de agosto de 2021<\/p>\n<p>Las inundaciones en las provincias de Madrid y Toledo de septiembre de 2023<\/p>\n<p>La catastr\u00f3fica inundaci\u00f3n de Valencia de octubre de 2024<\/p>\n<p><b>4.- LA PREDICCI\u00d3N Y VIGILANCIA DE LAS DANAS<\/b><\/p>\n<p>Los tiempos \u00absin\u00f3pticos\u00bb<\/p>\n<p>Los modelos num\u00e9ricos<\/p>\n<p>La vigilancia meteorol\u00f3gica y la predicci\u00f3n inmediata<\/p>\n<p>Danas e inteligencia artificial<\/p>\n<p>El papel de los predictores<\/p>\n<p><b>5.- DANAS, AVISOS, ALERTAS<\/b><\/p>\n<p>La \u00abgota fr\u00eda\u00bb de 1982 y el inicio de los PREVIMET<\/p>\n<p>Meteoalarm y Meteoalerta<\/p>\n<p>Algunas reflexiones y una propuesta<\/p>\n<p>Lo que parece irrenunciable<\/p>\n<p><b>6.- \u00bfC\u00d3MO EVOLUCIONAR\u00c1N LAS DANAS\u00a0<\/b><b>CON EL CAMBIO CLIM\u00c1TICO?<\/b><\/p>\n<p>Un mejor \u00abcombustible\u00bb en capas bajas<\/p>\n<p>\u00bfQu\u00e9 est\u00e1 pasando con los chorros?<\/p>\n<p>La interacci\u00f3n polar-subtropical: las grandes dorsales<\/p>\n<p>Y en este contexto, \u00bfqu\u00e9 ocurre con las danas?<\/p>\n<p>Pero, \u00bfes cambio clim\u00e1tico?<\/p>\n<p><b>7.- LO QUE QUEDA POR HACER<\/b><\/p>\n<p>\u00bfQu\u00e9 investigaciones ser\u00edan prioritarias?<\/p>\n<p>La operatividad<\/p>\n<p>La evoluci\u00f3n de los avisos<\/p>\n<p>Comunicaci\u00f3n<\/p>\n<p>Clarificaci\u00f3n de conceptos<\/p>\n<p><b>AGRADECIMIENTOS<\/b><\/p>\n<p><b>GLOSARIO<\/b><\/p>\n<p><b>GU\u00cdA DE LECTURA<\/b><\/p>\n<p>&nbsp;<\/p>\n<blockquote><p><a href=\"https:\/\/static-blogs.diariosur.es\/wp-content\/uploads\/sites\/12\/2025\/09\/Screenshot_20250920_081910_Facebook-e1758349633427.jpg\"><img loading=\"lazy\" class=\"aligncenter size-full wp-image-46244\" src=\"https:\/\/static-blogs.diariosur.es\/wp-content\/uploads\/sites\/12\/2025\/09\/Screenshot_20250920_081910_Facebook-e1758349633427.jpg\" alt=\"\" width=\"800\" height=\"1128\" \/><\/a><\/p><\/blockquote>\n","protected":false},"excerpt":{"rendered":"<p>Buenos d\u00edas, amigos de la meteo. Llevo unos d\u00edas leyendo el libro de mi amigo \u00c1ngel Rivera, os lo recomiendo. Os dejo con mi amigo \u00c1ngel Rivera. La ocurrencia de la catastr\u00f3fica inundaci\u00f3n del 29 de octubre pasado en L\u00b4Horta Sud despert\u00f3 en m\u00ed un c\u00famulo de sensaciones y pensamientos de todo tipo, pero sobre [&hellip;]<\/p>\n","protected":false},"author":16,"featured_media":46244,"comment_status":"open","ping_status":"open","sticky":false,"template":"","format":"standard","meta":[],"categories":[2],"tags":[106,1427,866],"_links":{"self":[{"href":"https:\/\/blogs.diariosur.es\/tormentas-y-rayos\/wp-json\/wp\/v2\/posts\/46240"}],"collection":[{"href":"https:\/\/blogs.diariosur.es\/tormentas-y-rayos\/wp-json\/wp\/v2\/posts"}],"about":[{"href":"https:\/\/blogs.diariosur.es\/tormentas-y-rayos\/wp-json\/wp\/v2\/types\/post"}],"author":[{"embeddable":true,"href":"https:\/\/blogs.diariosur.es\/tormentas-y-rayos\/wp-json\/wp\/v2\/users\/16"}],"replies":[{"embeddable":true,"href":"https:\/\/blogs.diariosur.es\/tormentas-y-rayos\/wp-json\/wp\/v2\/comments?post=46240"}],"version-history":[{"count":5,"href":"https:\/\/blogs.diariosur.es\/tormentas-y-rayos\/wp-json\/wp\/v2\/posts\/46240\/revisions"}],"predecessor-version":[{"id":46246,"href":"https:\/\/blogs.diariosur.es\/tormentas-y-rayos\/wp-json\/wp\/v2\/posts\/46240\/revisions\/46246"}],"wp:featuredmedia":[{"embeddable":true,"href":"https:\/\/blogs.diariosur.es\/tormentas-y-rayos\/wp-json\/wp\/v2\/media\/46244"}],"wp:attachment":[{"href":"https:\/\/blogs.diariosur.es\/tormentas-y-rayos\/wp-json\/wp\/v2\/media?parent=46240"}],"wp:term":[{"taxonomy":"category","embeddable":true,"href":"https:\/\/blogs.diariosur.es\/tormentas-y-rayos\/wp-json\/wp\/v2\/categories?post=46240"},{"taxonomy":"post_tag","embeddable":true,"href":"https:\/\/blogs.diariosur.es\/tormentas-y-rayos\/wp-json\/wp\/v2\/tags?post=46240"}],"curies":[{"name":"wp","href":"https:\/\/api.w.org\/{rel}","templated":true}]}}