{"id":46248,"date":"2025-09-22T08:48:17","date_gmt":"2025-09-22T06:48:17","guid":{"rendered":"https:\/\/blogs.diariosur.es\/tormentas-y-rayos\/?p=46248"},"modified":"2025-09-22T08:48:17","modified_gmt":"2025-09-22T06:48:17","slug":"cuando-descenderan-las-temperaturas-y-caeran-algunas-gotas-en-la-provincia-de-malaga","status":"publish","type":"post","link":"https:\/\/blogs.diariosur.es\/tormentas-y-rayos\/2025\/09\/22\/cuando-descenderan-las-temperaturas-y-caeran-algunas-gotas-en-la-provincia-de-malaga\/","title":{"rendered":"\u00bfCu\u00e1ndo descender\u00e1n las temperaturas y caer\u00e1n algunas gotas en la provincia de M\u00e1laga?"},"content":{"rendered":"<p><a href=\"https:\/\/static-blogs.diariosur.es\/wp-content\/uploads\/sites\/12\/2025\/07\/444912498_10228884468795449_97962860407814916_n-1.jpg\"><img loading=\"lazy\" class=\"aligncenter size-thumbnail wp-image-45529\" src=\"https:\/\/static-blogs.diariosur.es\/wp-content\/uploads\/sites\/12\/2025\/07\/444912498_10228884468795449_97962860407814916_n-1-150x150.jpg\" alt=\"\" width=\"150\" height=\"150\" \/><\/a><\/p>\n<p>Buenos d\u00edas, amigos de la meteo. Cuando son las siete y cuarto de la ma\u00f1ana en M\u00e1laga capital, el Aeropuerto registra <strong>21,9 \u00b0C<\/strong>, los cielos est\u00e1n poco nubosos y el viento sopla moderado de componente oeste. La baja humedad y el viento hace que la <strong>sensaci\u00f3n t\u00e9rmica<\/strong> sea de m\u00e1s frio, mi amigo Juan Romera y mi hija Lidia tendr\u00e1n mucho frio. Por el interior de la comarca de Antequera, s\u00ed hace fr\u00edo. Destacar Archidona Vega con <strong>4,7 \u00baC<\/strong> y Antequera con <strong>10 \u00baC.<\/strong><\/p>\n<p data-pm-slice=\"1 1 []\">Ayer domingo a las 21:30 de la noche mi estaci\u00f3n meteorol\u00f3gica en Avda. Ortega y Gasset registraba 29,9 \u00b0C, hoy que comienza el oto\u00f1o astron\u00f3mico a las 20:19 podemos llegar a una m\u00e1xima de 30 \u00baC\u00a0 y 31 \u00baC en M\u00e1laga capital.<\/p>\n<p><a href=\"https:\/\/static-blogs.diariosur.es\/wp-content\/uploads\/sites\/12\/2025\/09\/553047675_10234483722493292_2900150214808972006_n-e1758522189951.jpg\"><img loading=\"lazy\" class=\"aligncenter size-full wp-image-46256\" src=\"https:\/\/static-blogs.diariosur.es\/wp-content\/uploads\/sites\/12\/2025\/09\/553047675_10234483722493292_2900150214808972006_n-e1758522189951.jpg\" alt=\"\" width=\"1000\" height=\"750\" \/><\/a><\/p>\n<h3><\/h3>\n<h3><span style=\"color: #0000ff;\"><strong>\u00bfCu\u00e1ndo descender\u00e1n las temperaturas y caer\u00e1n algunas gotas en la provincia de M\u00e1laga?<\/strong><\/span><\/h3>\n<p data-pm-slice=\"1 1 []\">Ma\u00f1ana martes, durante la madrugada y primeras horas de la ma\u00f1ana, descender\u00e1n las temperaturas m\u00ednimas; se notar\u00e1n m\u00e1s en las comarcas de Ronda y Antequera. En cuanto a las m\u00e1ximas, bajar\u00e1n un poco. A partir de primeras horas de la tarde, el viento tender\u00e1 a soplar del este sureste.<\/p>\n<p>Os paso las temperaturas m\u00e1ximas y m\u00ednimas que prev\u00e9 la Aemet. En la capital malague\u00f1a rondara entre los 24 \u00baC y 26 \u00baC, seg\u00fan zonas.<\/p>\n<p>M\u00ednimas<\/p>\n<p><a href=\"https:\/\/static-blogs.diariosur.es\/wp-content\/uploads\/sites\/12\/2025\/09\/mimi.jpg\"><img loading=\"lazy\" class=\"aligncenter size-full wp-image-46259\" src=\"https:\/\/static-blogs.diariosur.es\/wp-content\/uploads\/sites\/12\/2025\/09\/mimi.jpg\" alt=\"\" width=\"1036\" height=\"820\" srcset=\"https:\/\/static-blogs.diariosur.es\/wp-content\/uploads\/sites\/12\/2025\/09\/mimi.jpg 1036w, https:\/\/static-blogs.diariosur.es\/wp-content\/uploads\/sites\/12\/2025\/09\/mimi-505x400.jpg 505w, https:\/\/static-blogs.diariosur.es\/wp-content\/uploads\/sites\/12\/2025\/09\/mimi-515x408.jpg 515w, https:\/\/static-blogs.diariosur.es\/wp-content\/uploads\/sites\/12\/2025\/09\/mimi-768x608.jpg 768w\" sizes=\"(max-width: 1036px) 100vw, 1036px\" \/><\/a><\/p>\n<p>&nbsp;<\/p>\n<p>M\u00e1ximas<\/p>\n<p>&nbsp;<\/p>\n<p><a href=\"https:\/\/static-blogs.diariosur.es\/wp-content\/uploads\/sites\/12\/2025\/09\/maxima.jpg\"><img loading=\"lazy\" class=\"aligncenter size-full wp-image-46260\" src=\"https:\/\/static-blogs.diariosur.es\/wp-content\/uploads\/sites\/12\/2025\/09\/maxima.jpg\" alt=\"\" width=\"1041\" height=\"814\" srcset=\"https:\/\/static-blogs.diariosur.es\/wp-content\/uploads\/sites\/12\/2025\/09\/maxima.jpg 1041w, https:\/\/static-blogs.diariosur.es\/wp-content\/uploads\/sites\/12\/2025\/09\/maxima-512x400.jpg 512w, https:\/\/static-blogs.diariosur.es\/wp-content\/uploads\/sites\/12\/2025\/09\/maxima-522x408.jpg 522w, https:\/\/static-blogs.diariosur.es\/wp-content\/uploads\/sites\/12\/2025\/09\/maxima-768x601.jpg 768w\" sizes=\"(max-width: 1041px) 100vw, 1041px\" \/><\/a><\/p>\n<p>&nbsp;<\/p>\n<p>&nbsp;<\/p>\n<p data-pm-slice=\"1 1 []\"><strong>El mi\u00e9rcoles<\/strong> el viento soplar\u00e1 de levante en toda la costa malague\u00f1a e interior de la provincia; las rachas ser\u00e1n de moderadas a fuertes.<\/p>\n<p data-pm-slice=\"1 1 []\">Hay probabilidad de algunas precipitaciones d\u00e9biles y ocasionales debidas al viento de levante y un poco de aire fr\u00edo en altura. Ser\u00e1n en zonas de monta\u00f1as cercanas a la costa donde la probabilidad es mayor;<strong> no se mojar\u00e1n todos los portales. \u00a0<\/strong><\/p>\n<p data-pm-slice=\"1 1 []\">Las temperaturas m\u00e1ximas bajar\u00e1n en toda la provincia malague\u00f1a, las m\u00ednimas subir\u00e1n.<\/p>\n<p data-pm-slice=\"1 1 []\">Os paso las temperaturas m\u00e1ximas y m\u00ednimas que prev\u00e9 la Aemet.<\/p>\n<p data-pm-slice=\"1 1 []\"><a href=\"https:\/\/static-blogs.diariosur.es\/wp-content\/uploads\/sites\/12\/2025\/09\/miercoles-1.jpg\"><img loading=\"lazy\" class=\"aligncenter size-full wp-image-46255\" src=\"https:\/\/static-blogs.diariosur.es\/wp-content\/uploads\/sites\/12\/2025\/09\/miercoles-1.jpg\" alt=\"\" width=\"1039\" height=\"808\" srcset=\"https:\/\/static-blogs.diariosur.es\/wp-content\/uploads\/sites\/12\/2025\/09\/miercoles-1.jpg 1039w, https:\/\/static-blogs.diariosur.es\/wp-content\/uploads\/sites\/12\/2025\/09\/miercoles-1-514x400.jpg 514w, https:\/\/static-blogs.diariosur.es\/wp-content\/uploads\/sites\/12\/2025\/09\/miercoles-1-525x408.jpg 525w, https:\/\/static-blogs.diariosur.es\/wp-content\/uploads\/sites\/12\/2025\/09\/miercoles-1-768x597.jpg 768w\" sizes=\"(max-width: 1039px) 100vw, 1039px\" \/><\/a><\/p>\n<p>&nbsp;<\/p>\n<p data-pm-slice=\"1 1 []\">A partir del jueves las m\u00e1ximas se ir\u00e1n recuperando; es probable que el viernes y el fin de semana lleguemos nuevamente a los 30 \u00baC en algunas zonas de la provincia malague\u00f1a.<\/p>\n<p data-pm-slice=\"1 1 []\">Os dejo con esta bonita foto de mi amigo Crist\u00f3bal Gambero.<\/p>\n<p data-pm-slice=\"1 1 []\"><a href=\"https:\/\/static-blogs.diariosur.es\/wp-content\/uploads\/sites\/12\/2025\/09\/550525820_24456888300600167_3512712761415037451_n-e1758523209941.jpg\"><img loading=\"lazy\" class=\"aligncenter size-full wp-image-46257\" src=\"https:\/\/static-blogs.diariosur.es\/wp-content\/uploads\/sites\/12\/2025\/09\/550525820_24456888300600167_3512712761415037451_n-e1758523209941.jpg\" alt=\"\" width=\"1000\" height=\"659\" \/><\/a><\/p>\n<p>&nbsp;<\/p>\n<p>&nbsp;<\/p>\n","protected":false},"excerpt":{"rendered":"<p>Buenos d\u00edas, amigos de la meteo. Cuando son las siete y cuarto de la ma\u00f1ana en M\u00e1laga capital, el Aeropuerto registra 21,9 \u00b0C, los cielos est\u00e1n poco nubosos y el viento sopla moderado de componente oeste. La baja humedad y el viento hace que la sensaci\u00f3n t\u00e9rmica sea de m\u00e1s frio, mi amigo Juan Romera [&hellip;]<\/p>\n","protected":false},"author":16,"featured_media":46257,"comment_status":"open","ping_status":"open","sticky":false,"template":"","format":"standard","meta":[],"categories":[2],"tags":[358,587,744,800],"_links":{"self":[{"href":"https:\/\/blogs.diariosur.es\/tormentas-y-rayos\/wp-json\/wp\/v2\/posts\/46248"}],"collection":[{"href":"https:\/\/blogs.diariosur.es\/tormentas-y-rayos\/wp-json\/wp\/v2\/posts"}],"about":[{"href":"https:\/\/blogs.diariosur.es\/tormentas-y-rayos\/wp-json\/wp\/v2\/types\/post"}],"author":[{"embeddable":true,"href":"https:\/\/blogs.diariosur.es\/tormentas-y-rayos\/wp-json\/wp\/v2\/users\/16"}],"replies":[{"embeddable":true,"href":"https:\/\/blogs.diariosur.es\/tormentas-y-rayos\/wp-json\/wp\/v2\/comments?post=46248"}],"version-history":[{"count":8,"href":"https:\/\/blogs.diariosur.es\/tormentas-y-rayos\/wp-json\/wp\/v2\/posts\/46248\/revisions"}],"predecessor-version":[{"id":46448,"href":"https:\/\/blogs.diariosur.es\/tormentas-y-rayos\/wp-json\/wp\/v2\/posts\/46248\/revisions\/46448"}],"wp:featuredmedia":[{"embeddable":true,"href":"https:\/\/blogs.diariosur.es\/tormentas-y-rayos\/wp-json\/wp\/v2\/media\/46257"}],"wp:attachment":[{"href":"https:\/\/blogs.diariosur.es\/tormentas-y-rayos\/wp-json\/wp\/v2\/media?parent=46248"}],"wp:term":[{"taxonomy":"category","embeddable":true,"href":"https:\/\/blogs.diariosur.es\/tormentas-y-rayos\/wp-json\/wp\/v2\/categories?post=46248"},{"taxonomy":"post_tag","embeddable":true,"href":"https:\/\/blogs.diariosur.es\/tormentas-y-rayos\/wp-json\/wp\/v2\/tags?post=46248"}],"curies":[{"name":"wp","href":"https:\/\/api.w.org\/{rel}","templated":true}]}}