{"id":46266,"date":"2025-09-23T08:03:30","date_gmt":"2025-09-23T06:03:30","guid":{"rendered":"https:\/\/blogs.diariosur.es\/tormentas-y-rayos\/?p=46266"},"modified":"2025-09-23T12:52:47","modified_gmt":"2025-09-23T10:52:47","slug":"os-pongo-algunos-registros-de-temperaturas-minimas-que-se-han-dado-hoy-en-la-provincia-malaguena","status":"publish","type":"post","link":"https:\/\/blogs.diariosur.es\/tormentas-y-rayos\/2025\/09\/23\/os-pongo-algunos-registros-de-temperaturas-minimas-que-se-han-dado-hoy-en-la-provincia-malaguena\/","title":{"rendered":"Os pongo algunos registros de temperaturas m\u00ednimas que se han dado hoy en la provincia malague\u00f1a"},"content":{"rendered":"<p><a href=\"https:\/\/static-blogs.diariosur.es\/wp-content\/uploads\/sites\/12\/2025\/07\/72999690_10217709542349272_7908844429161529344_n.jpg\"><img loading=\"lazy\" class=\"aligncenter size-thumbnail wp-image-45292\" src=\"https:\/\/static-blogs.diariosur.es\/wp-content\/uploads\/sites\/12\/2025\/07\/72999690_10217709542349272_7908844429161529344_n-150x150.jpg\" alt=\"\" width=\"150\" height=\"150\" \/><\/a><\/p>\n<p>Buenos d\u00edas, amigos de la meteo. <a href=\"https:\/\/blogs.diariosur.es\/tormentas-y-rayos\/2025\/09\/22\/cuando-descenderan-las-temperaturas-y-caeran-algunas-gotas-en-la-provincia-de-malaga\/\">Recordar que ma\u00f1ana mi\u00e9rcoles hay probabilidad de algunos chubascos en algunos puntos de la costa. Tendremos rachas de moderadas a fuertes de levante.<\/a><\/p>\n<p>Madrugada muy fresquita en muchos puntos de la provincia malague\u00f1a.<\/p>\n<p>Fuentes Aemet, Meteoclimatic, Acamet y Wuderground.<\/p>\n<p><span style=\"color: #0000ff;\"><strong>Pilones Acamet Sierra de las Nieves &#8211; 3,1 \u00b0C bajo cero. <\/strong><\/span><\/p>\n<p><span style=\"color: #0000ff;\"><strong>Macizo Libar Montejaque 3 \u00b0C<\/strong><\/span><\/p>\n<p><span style=\"color: #0000ff;\"><strong>La Nava Parauta 0 \u00b0C<\/strong><\/span><\/p>\n<p>Co\u00edn Acamet\u00a0 12,2 \u00b0C<\/p>\n<p>Juanar 11 \u00b0C<\/p>\n<p>M\u00e1laga Aeropuerto 16 \u00baC<\/p>\n<p><span style=\"color: #0000ff;\"><strong>Antequera\u00a0 8,3 \u00baC<\/strong><\/span><\/p>\n<p>Alameda\u00a0 13,2 \u00baC<\/p>\n<p><span style=\"color: #0000ff;\"><strong>Bobadilla\u00a0 4,2 \u00baC<\/strong><\/span><\/p>\n<p><span style=\"color: #0000ff;\"><strong>Campillos 9,6 \u00baC<\/strong><\/span><\/p>\n<p><span style=\"color: #0000ff;\"><strong>Fuente de Piedra 8,2 \u00baC<\/strong><\/span><\/p>\n<p>Cortes de la Frontera\u00a0 11,6 \u00baC<\/p>\n<p>Ronda Instituto 12,4 \u00baC<\/p>\n<p>Benahav\u00eds\u00a0 16 \u00baC<\/p>\n<p>Alpandeire\u00a0 13,5 \u00baC<\/p>\n<p>Gauc\u00edn\u00a0 14,1 \u00baC<\/p>\n<p>\u00c1lora CEIP\u00a0 15,9 \u00baC<\/p>\n<p>Ardales\u00a0 11,3 \u00baC<\/p>\n<p>Villanueva del Rosario\u00a0 10 \u00baC<\/p>\n<p><span style=\"color: #0000ff;\"><strong>Alfarnate\u00a0 6,8 \u00baC<\/strong><\/span><\/p>\n<p><span style=\"color: #0000ff;\"><strong>Archidona Vega 4,3 \u00baC<\/strong><\/span><\/p>\n<p><span style=\"color: #0000ff;\"><strong>Humilladero\u00a0 7,3 \u00baC<\/strong><\/span><\/p>\n<p><span style=\"color: #0000ff;\"><strong>El Burgo 8,4 \u00baC<\/strong><\/span><\/p>\n<p>Casabermeja 11,6 \u00baC<\/p>\n<p>El Colmenar las Buitreras\u00a0 11,8 \u00baC<\/p>\n<p>C\u00e1rtama Sierra Llana\u00a0 14,1 \u00baC<\/p>\n<p>Os dejo con esta bonita foto de mi amigo Crist\u00f3bal Gambero en Mijas Pueblo.<\/p>\n<p>&nbsp;<\/p>\n<p><a href=\"https:\/\/static-blogs.diariosur.es\/wp-content\/uploads\/sites\/12\/2025\/09\/546220758_24377062111916120_4268507822144093640_n-e1758607058280.jpg\"><img loading=\"lazy\" class=\"aligncenter size-full wp-image-46275\" src=\"https:\/\/static-blogs.diariosur.es\/wp-content\/uploads\/sites\/12\/2025\/09\/546220758_24377062111916120_4268507822144093640_n-e1758607058280.jpg\" alt=\"\" width=\"1000\" height=\"563\" \/><\/a><\/p>\n","protected":false},"excerpt":{"rendered":"<p>Buenos d\u00edas, amigos de la meteo. Recordar que ma\u00f1ana mi\u00e9rcoles hay probabilidad de algunos chubascos en algunos puntos de la costa. Tendremos rachas de moderadas a fuertes de levante. Madrugada muy fresquita en muchos puntos de la provincia malague\u00f1a. Fuentes Aemet, Meteoclimatic, Acamet y Wuderground. Pilones Acamet Sierra de las Nieves &#8211; 3,1 \u00b0C bajo [&hellip;]<\/p>\n","protected":false},"author":16,"featured_media":46275,"comment_status":"open","ping_status":"open","sticky":false,"template":"","format":"standard","meta":[],"categories":[2],"tags":[],"_links":{"self":[{"href":"https:\/\/blogs.diariosur.es\/tormentas-y-rayos\/wp-json\/wp\/v2\/posts\/46266"}],"collection":[{"href":"https:\/\/blogs.diariosur.es\/tormentas-y-rayos\/wp-json\/wp\/v2\/posts"}],"about":[{"href":"https:\/\/blogs.diariosur.es\/tormentas-y-rayos\/wp-json\/wp\/v2\/types\/post"}],"author":[{"embeddable":true,"href":"https:\/\/blogs.diariosur.es\/tormentas-y-rayos\/wp-json\/wp\/v2\/users\/16"}],"replies":[{"embeddable":true,"href":"https:\/\/blogs.diariosur.es\/tormentas-y-rayos\/wp-json\/wp\/v2\/comments?post=46266"}],"version-history":[{"count":14,"href":"https:\/\/blogs.diariosur.es\/tormentas-y-rayos\/wp-json\/wp\/v2\/posts\/46266\/revisions"}],"predecessor-version":[{"id":46283,"href":"https:\/\/blogs.diariosur.es\/tormentas-y-rayos\/wp-json\/wp\/v2\/posts\/46266\/revisions\/46283"}],"wp:featuredmedia":[{"embeddable":true,"href":"https:\/\/blogs.diariosur.es\/tormentas-y-rayos\/wp-json\/wp\/v2\/media\/46275"}],"wp:attachment":[{"href":"https:\/\/blogs.diariosur.es\/tormentas-y-rayos\/wp-json\/wp\/v2\/media?parent=46266"}],"wp:term":[{"taxonomy":"category","embeddable":true,"href":"https:\/\/blogs.diariosur.es\/tormentas-y-rayos\/wp-json\/wp\/v2\/categories?post=46266"},{"taxonomy":"post_tag","embeddable":true,"href":"https:\/\/blogs.diariosur.es\/tormentas-y-rayos\/wp-json\/wp\/v2\/tags?post=46266"}],"curies":[{"name":"wp","href":"https:\/\/api.w.org\/{rel}","templated":true}]}}