{"id":46309,"date":"2025-09-25T08:38:14","date_gmt":"2025-09-25T06:38:14","guid":{"rendered":"https:\/\/blogs.diariosur.es\/tormentas-y-rayos\/?p=46309"},"modified":"2025-10-02T10:11:56","modified_gmt":"2025-10-02T08:11:56","slug":"huracan-gabrielle-hay-probabilidad-que-llegue-al-golfo-de-cadiz-como-borrasca-extratropical-o-subtropical","status":"publish","type":"post","link":"https:\/\/blogs.diariosur.es\/tormentas-y-rayos\/2025\/09\/25\/huracan-gabrielle-hay-probabilidad-que-llegue-al-golfo-de-cadiz-como-borrasca-extratropical-o-subtropical\/","title":{"rendered":"Hurac\u00e1n Gabrielle. \u00bfHay probabilidad de que llegue al golfo de C\u00e1diz como borrasca extratropical o subtropical?"},"content":{"rendered":"<p data-pm-slice=\"1 1 []\"><a href=\"https:\/\/static-blogs.diariosur.es\/wp-content\/uploads\/sites\/12\/2025\/07\/444912498_10228884468795449_97962860407814916_n-1.jpg\"><img loading=\"lazy\" class=\"aligncenter size-thumbnail wp-image-45529\" src=\"https:\/\/static-blogs.diariosur.es\/wp-content\/uploads\/sites\/12\/2025\/07\/444912498_10228884468795449_97962860407814916_n-1-150x150.jpg\" alt=\"\" width=\"150\" height=\"150\" \/><\/a><\/p>\n<p data-pm-slice=\"1 1 []\">Buenos d\u00edas, amigos de la meteo. Cuando son las siete de la ma\u00f1ana en M\u00e1laga capital, el aeropuerto registra 19,1 \u00baC, los cielos est\u00e1n poco nubosos y el viento sopla flojo de direcci\u00f3n variable en mi zona. La temperatura m\u00e1xima prevista en la capital malague\u00f1a rondar\u00e1 entre los 25 \u00baC y 27 \u00baC.<\/p>\n<h3><strong>Hurac\u00e1n Gabrielle. \u00bfHay probabilidad de que llegue al golfo de C\u00e1diz como borrasca extratropical o subtropical?<\/strong><\/h3>\n<p>El hurac\u00e1n Gabrielle llegar\u00e1 esta noche a las Islas Azores como hurac\u00e1n categor\u00eda 1; hace unos d\u00edas lleg\u00f3 a 4.<\/p>\n<p>&nbsp;<\/p>\n<p data-pm-slice=\"1 1 []\"><a href=\"https:\/\/static-blogs.diariosur.es\/wp-content\/uploads\/sites\/12\/2025\/09\/gabrielle-e1758776313494.gif\"><img loading=\"lazy\" class=\"aligncenter size-full wp-image-46310\" src=\"https:\/\/static-blogs.diariosur.es\/wp-content\/uploads\/sites\/12\/2025\/09\/gabrielle-e1758776313494.gif\" alt=\"\" width=\"1000\" height=\"700\" \/><\/a><\/p>\n<p data-pm-slice=\"1 1 []\">Una vez pase las Azores, hay dudas sobre si tendr\u00e1 una transici\u00f3n extratropical o va a quedar como cicl\u00f3n h\u00edbrido o postropical. Ma\u00f1ana viernes o el s\u00e1bado lo sabremos.<\/p>\n<p>&nbsp;<\/p>\n<p data-pm-slice=\"1 1 []\"><a href=\"https:\/\/static-blogs.diariosur.es\/wp-content\/uploads\/sites\/12\/2025\/09\/ex-gabrielle-e1758776352680.gif\"><img loading=\"lazy\" class=\"aligncenter size-full wp-image-46311\" src=\"https:\/\/static-blogs.diariosur.es\/wp-content\/uploads\/sites\/12\/2025\/09\/ex-gabrielle-e1758776352680.gif\" alt=\"\" width=\"1000\" height=\"700\" \/><\/a><\/p>\n<p data-pm-slice=\"1 1 []\">El Centro Nacional de Huracanes (NOAA) en su \u00faltima actualizaci\u00f3n y los modelos europeo y americano dan una probabilidad alta de que llegue a la nariz de Portugal para m\u00e1s tarde bajar y situarse entre el cabo de San Vicente y el golfo de C\u00e1diz. Pero a\u00fan puede cambiar.<\/p>\n<p>&nbsp;<\/p>\n<p data-pm-slice=\"1 1 []\"><a href=\"https:\/\/static-blogs.diariosur.es\/wp-content\/uploads\/sites\/12\/2025\/09\/NOOA-e1758779768974.jpg\"><img loading=\"lazy\" class=\"aligncenter size-full wp-image-46313\" src=\"https:\/\/static-blogs.diariosur.es\/wp-content\/uploads\/sites\/12\/2025\/09\/NOOA-e1758779768974.jpg\" alt=\"\" width=\"1100\" height=\"909\" \/><\/a><\/p>\n<p data-pm-slice=\"1 1 []\">El modelo europeo posiciona ex-Gabriell para el lunes en esta zona. Llover\u00eda muy poco.<\/p>\n<p data-pm-slice=\"1 1 []\"><a href=\"https:\/\/static-blogs.diariosur.es\/wp-content\/uploads\/sites\/12\/2025\/09\/superficie-europeo.jpg\"><img loading=\"lazy\" class=\"aligncenter size-full wp-image-46316\" src=\"https:\/\/static-blogs.diariosur.es\/wp-content\/uploads\/sites\/12\/2025\/09\/superficie-europeo.jpg\" alt=\"\" width=\"1159\" height=\"1168\" srcset=\"https:\/\/static-blogs.diariosur.es\/wp-content\/uploads\/sites\/12\/2025\/09\/superficie-europeo.jpg 1159w, https:\/\/static-blogs.diariosur.es\/wp-content\/uploads\/sites\/12\/2025\/09\/superficie-europeo-397x400.jpg 397w, https:\/\/static-blogs.diariosur.es\/wp-content\/uploads\/sites\/12\/2025\/09\/superficie-europeo-405x408.jpg 405w, https:\/\/static-blogs.diariosur.es\/wp-content\/uploads\/sites\/12\/2025\/09\/superficie-europeo-150x150.jpg 150w, https:\/\/static-blogs.diariosur.es\/wp-content\/uploads\/sites\/12\/2025\/09\/superficie-europeo-768x774.jpg 768w\" sizes=\"(max-width: 1159px) 100vw, 1159px\" \/><\/a><\/p>\n<p data-pm-slice=\"1 1 []\">Y el modelo americano en esta otra, llover\u00eda m\u00e1s.<\/p>\n<p data-pm-slice=\"1 1 []\"><a href=\"https:\/\/static-blogs.diariosur.es\/wp-content\/uploads\/sites\/12\/2025\/09\/superficie-americano-e1758781663475.jpg\"><img loading=\"lazy\" class=\"aligncenter size-full wp-image-46317\" src=\"https:\/\/static-blogs.diariosur.es\/wp-content\/uploads\/sites\/12\/2025\/09\/superficie-americano-e1758781663475.jpg\" alt=\"\" width=\"1100\" height=\"1134\" \/><\/a><\/p>\n<p data-pm-slice=\"1 1 []\">A\u00fan no est\u00e1 muy claro qu\u00e9 acumulados de precipitaci\u00f3n tendremos entre el lunes y martes.<\/p>\n<p>Os pongo los acumulados de precipitaci\u00f3n lunes y martes, que <strong>de momento<\/strong> dan los modelos europeo y americano. Ma\u00f1ana cambian seguro.<\/p>\n<p>&nbsp;<\/p>\n<p data-pm-slice=\"1 1 []\"><a href=\"https:\/\/static-blogs.diariosur.es\/wp-content\/uploads\/sites\/12\/2025\/09\/acumulado-europeo.jpg\"><img loading=\"lazy\" class=\"aligncenter size-full wp-image-46314\" src=\"https:\/\/static-blogs.diariosur.es\/wp-content\/uploads\/sites\/12\/2025\/09\/acumulado-europeo.jpg\" alt=\"\" width=\"1141\" height=\"1171\" srcset=\"https:\/\/static-blogs.diariosur.es\/wp-content\/uploads\/sites\/12\/2025\/09\/acumulado-europeo.jpg 1141w, https:\/\/static-blogs.diariosur.es\/wp-content\/uploads\/sites\/12\/2025\/09\/acumulado-europeo-390x400.jpg 390w, https:\/\/static-blogs.diariosur.es\/wp-content\/uploads\/sites\/12\/2025\/09\/acumulado-europeo-398x408.jpg 398w, https:\/\/static-blogs.diariosur.es\/wp-content\/uploads\/sites\/12\/2025\/09\/acumulado-europeo-768x788.jpg 768w\" sizes=\"(max-width: 1141px) 100vw, 1141px\" \/><\/a><\/p>\n<p data-pm-slice=\"1 1 []\"><a href=\"https:\/\/static-blogs.diariosur.es\/wp-content\/uploads\/sites\/12\/2025\/09\/acumulado-americano.jpg\"><img loading=\"lazy\" class=\"aligncenter size-full wp-image-46315\" src=\"https:\/\/static-blogs.diariosur.es\/wp-content\/uploads\/sites\/12\/2025\/09\/acumulado-americano.jpg\" alt=\"\" width=\"1153\" height=\"1197\" srcset=\"https:\/\/static-blogs.diariosur.es\/wp-content\/uploads\/sites\/12\/2025\/09\/acumulado-americano.jpg 1153w, https:\/\/static-blogs.diariosur.es\/wp-content\/uploads\/sites\/12\/2025\/09\/acumulado-americano-385x400.jpg 385w, https:\/\/static-blogs.diariosur.es\/wp-content\/uploads\/sites\/12\/2025\/09\/acumulado-americano-393x408.jpg 393w, https:\/\/static-blogs.diariosur.es\/wp-content\/uploads\/sites\/12\/2025\/09\/acumulado-americano-768x797.jpg 768w\" sizes=\"(max-width: 1153px) 100vw, 1153px\" \/><\/a><\/p>\n<p data-pm-slice=\"1 1 []\">\n<p data-pm-slice=\"1 1 []\">Ma\u00f1ana actualizar\u00e9 nuevamente el blog para ver los acumulados actualizados.<\/p>\n<p>Os dejo con esta captura del hurac\u00e1n Gabrielle cuando era categor\u00eda 4.<\/p>\n<p>&nbsp;<\/p>\n<p>&nbsp;<\/p>\n<p data-pm-slice=\"1 1 []\"><a href=\"https:\/\/static-blogs.diariosur.es\/wp-content\/uploads\/sites\/12\/2025\/09\/550726376_10238144115691814_5724818662560249637_n-e1758778761172.jpg\"><img loading=\"lazy\" class=\"aligncenter size-full wp-image-46312\" src=\"https:\/\/static-blogs.diariosur.es\/wp-content\/uploads\/sites\/12\/2025\/09\/550726376_10238144115691814_5724818662560249637_n-e1758778761172.jpg\" alt=\"\" width=\"1100\" height=\"814\" \/><\/a> <a href=\"https:\/\/static-blogs.diariosur.es\/wp-content\/uploads\/sites\/12\/2025\/09\/NOOA.jpg\"><img loading=\"lazy\" class=\"aligncenter size-full wp-image-46313\" src=\"https:\/\/static-blogs.diariosur.es\/wp-content\/uploads\/sites\/12\/2025\/09\/NOOA.jpg\" alt=\"\" width=\"1323\" height=\"1093\" \/><\/a><\/p>\n","protected":false},"excerpt":{"rendered":"<p>Buenos d\u00edas, amigos de la meteo. Cuando son las siete de la ma\u00f1ana en M\u00e1laga capital, el aeropuerto registra 19,1 \u00baC, los cielos est\u00e1n poco nubosos y el viento sopla flojo de direcci\u00f3n variable en mi zona. La temperatura m\u00e1xima prevista en la capital malague\u00f1a rondar\u00e1 entre los 25 \u00baC y 27 \u00baC. Hurac\u00e1n Gabrielle. [&hellip;]<\/p>\n","protected":false},"author":16,"featured_media":46312,"comment_status":"open","ping_status":"open","sticky":false,"template":"","format":"standard","meta":[],"categories":[2],"tags":[375,2072,496],"_links":{"self":[{"href":"https:\/\/blogs.diariosur.es\/tormentas-y-rayos\/wp-json\/wp\/v2\/posts\/46309"}],"collection":[{"href":"https:\/\/blogs.diariosur.es\/tormentas-y-rayos\/wp-json\/wp\/v2\/posts"}],"about":[{"href":"https:\/\/blogs.diariosur.es\/tormentas-y-rayos\/wp-json\/wp\/v2\/types\/post"}],"author":[{"embeddable":true,"href":"https:\/\/blogs.diariosur.es\/tormentas-y-rayos\/wp-json\/wp\/v2\/users\/16"}],"replies":[{"embeddable":true,"href":"https:\/\/blogs.diariosur.es\/tormentas-y-rayos\/wp-json\/wp\/v2\/comments?post=46309"}],"version-history":[{"count":7,"href":"https:\/\/blogs.diariosur.es\/tormentas-y-rayos\/wp-json\/wp\/v2\/posts\/46309\/revisions"}],"predecessor-version":[{"id":46441,"href":"https:\/\/blogs.diariosur.es\/tormentas-y-rayos\/wp-json\/wp\/v2\/posts\/46309\/revisions\/46441"}],"wp:featuredmedia":[{"embeddable":true,"href":"https:\/\/blogs.diariosur.es\/tormentas-y-rayos\/wp-json\/wp\/v2\/media\/46312"}],"wp:attachment":[{"href":"https:\/\/blogs.diariosur.es\/tormentas-y-rayos\/wp-json\/wp\/v2\/media?parent=46309"}],"wp:term":[{"taxonomy":"category","embeddable":true,"href":"https:\/\/blogs.diariosur.es\/tormentas-y-rayos\/wp-json\/wp\/v2\/categories?post=46309"},{"taxonomy":"post_tag","embeddable":true,"href":"https:\/\/blogs.diariosur.es\/tormentas-y-rayos\/wp-json\/wp\/v2\/tags?post=46309"}],"curies":[{"name":"wp","href":"https:\/\/api.w.org\/{rel}","templated":true}]}}