{"id":46319,"date":"2025-09-26T07:55:27","date_gmt":"2025-09-26T05:55:27","guid":{"rendered":"https:\/\/blogs.diariosur.es\/tormentas-y-rayos\/?p=46319"},"modified":"2025-10-02T10:05:27","modified_gmt":"2025-10-02T08:05:27","slug":"como-afectara-ex-gabrielle-a-malaga-y-andalucia-probables-acumulados-de-precipitacion","status":"publish","type":"post","link":"https:\/\/blogs.diariosur.es\/tormentas-y-rayos\/2025\/09\/26\/como-afectara-ex-gabrielle-a-malaga-y-andalucia-probables-acumulados-de-precipitacion\/","title":{"rendered":"\u00bfC\u00f3mo afectar\u00e1 ex-Gabrielle a M\u00e1laga y Andaluc\u00eda? Probables acumulados de precipitaci\u00f3n."},"content":{"rendered":"<p><a href=\"https:\/\/static-blogs.diariosur.es\/wp-content\/uploads\/sites\/12\/2025\/07\/72999690_10217709542349272_7908844429161529344_n.jpg\"><img loading=\"lazy\" class=\"aligncenter size-thumbnail wp-image-45292\" src=\"https:\/\/static-blogs.diariosur.es\/wp-content\/uploads\/sites\/12\/2025\/07\/72999690_10217709542349272_7908844429161529344_n-150x150.jpg\" alt=\"\" width=\"150\" height=\"150\" \/><\/a><\/p>\n<p data-pm-slice=\"1 1 []\">Buenos d\u00edas, amigos de la meteo. Cuando son las siete de la ma\u00f1ana en M\u00e1laga capital, el aeropuerto registra 17,3 \u00baC, los cielos est\u00e1n poco nubosos y el viento sopla flojo de direcci\u00f3n variable. Hoy viernes hay prevista una m\u00e1xima de 26 \u00baC; hay probabilidad de nubes de evoluci\u00f3n (coliflores) en las sierras, donde pueden dejar algunas precipitaciones d\u00e9biles y ocasionales.<\/p>\n<h3><strong>\u00bfC\u00f3mo afectar\u00e1 ex-Gabrielle a M\u00e1laga? Probables acumulados de precipitaci\u00f3n.<\/strong><\/h3>\n<p>El hurac\u00e1n Gabrielle est\u00e1 pasando por las Azores, dejando fuertes rachas de viento y lluvias. En breve ya ser\u00e1 una borrasca extratropical.<\/p>\n<p>Os paso una imagen del sat\u00e9lite. Fuente meteogalicia<\/p>\n<p>&nbsp;<\/p>\n<p>&nbsp;<\/p>\n<p>&nbsp;<\/p>\n<p><a href=\"https:\/\/static-blogs.diariosur.es\/wp-content\/uploads\/sites\/12\/2025\/09\/Captura-de-pantalla-2025-09-26-072535-e1758864712230.jpg\"><img loading=\"lazy\" class=\"aligncenter size-full wp-image-46321\" src=\"https:\/\/static-blogs.diariosur.es\/wp-content\/uploads\/sites\/12\/2025\/09\/Captura-de-pantalla-2025-09-26-072535-e1758864712230.jpg\" alt=\"\" width=\"1200\" height=\"817\" \/><\/a><\/p>\n<p>&nbsp;<\/p>\n<p data-pm-slice=\"1 1 []\">El domingo se situar\u00e1 entre el cabo de San Vicente y el golfo de C\u00e1diz. Os paso el mapa de superficie previsto por la Aemet.<\/p>\n<p data-pm-slice=\"1 1 []\"><a href=\"https:\/\/static-blogs.diariosur.es\/wp-content\/uploads\/sites\/12\/2025\/09\/2025092512072_ww_g1x0a2d3-e1758864926857.gif\"><img loading=\"lazy\" class=\"aligncenter size-full wp-image-46322\" src=\"https:\/\/static-blogs.diariosur.es\/wp-content\/uploads\/sites\/12\/2025\/09\/2025092512072_ww_g1x0a2d3-e1758864926857.gif\" alt=\"\" width=\"1000\" height=\"700\" \/><\/a><\/p>\n<p data-pm-slice=\"1 1 []\">Aunque a\u00fan no est\u00e1 muy claro qu\u00e9 acumulados de precipitaciones puede dejar entre el domingo y el lunes, os pongo lo que dicen los modelos americano y europeo actualizados.<\/p>\n<p data-pm-slice=\"1 1 []\">Si os fij\u00e1is en el \u00faltimo mapa del europeo, de momento, la provincia malague\u00f1a recibir\u00eda unas lluvias muy buenas. Ma\u00f1ana veremos si sigue igual, estas situaciones son dif\u00edciles modelizar.<\/p>\n<p data-pm-slice=\"1 1 []\"><strong>MODELO AMERICANO ANDALUC\u00cdA<\/strong><\/p>\n<p><a href=\"https:\/\/static-blogs.diariosur.es\/wp-content\/uploads\/sites\/12\/2025\/09\/Captura-de-pantalla-2025-09-26-07402andalucia-americano-e1758865863739.jpg\"><img loading=\"lazy\" class=\"aligncenter size-full wp-image-46323\" src=\"https:\/\/static-blogs.diariosur.es\/wp-content\/uploads\/sites\/12\/2025\/09\/Captura-de-pantalla-2025-09-26-07402andalucia-americano-e1758865863739.jpg\" alt=\"\" width=\"1130\" height=\"1200\" \/><\/a><\/p>\n<p data-pm-slice=\"1 1 []\"><strong>MODELO AMERICANO M\u00c1LAGA<\/strong><\/p>\n<p><a href=\"https:\/\/static-blogs.diariosur.es\/wp-content\/uploads\/sites\/12\/2025\/09\/malaga-americano.jpg\"><img loading=\"lazy\" class=\"aligncenter size-full wp-image-46324\" src=\"https:\/\/static-blogs.diariosur.es\/wp-content\/uploads\/sites\/12\/2025\/09\/malaga-americano.jpg\" alt=\"\" width=\"1144\" height=\"1192\" srcset=\"https:\/\/static-blogs.diariosur.es\/wp-content\/uploads\/sites\/12\/2025\/09\/malaga-americano.jpg 1144w, https:\/\/static-blogs.diariosur.es\/wp-content\/uploads\/sites\/12\/2025\/09\/malaga-americano-384x400.jpg 384w, https:\/\/static-blogs.diariosur.es\/wp-content\/uploads\/sites\/12\/2025\/09\/malaga-americano-392x408.jpg 392w, https:\/\/static-blogs.diariosur.es\/wp-content\/uploads\/sites\/12\/2025\/09\/malaga-americano-768x800.jpg 768w\" sizes=\"(max-width: 1144px) 100vw, 1144px\" \/><\/a><\/p>\n<p data-pm-slice=\"1 1 []\"><strong>MODELO EUROPEO ANDALUC\u00cdA<\/strong><\/p>\n<p data-pm-slice=\"1 1 []\"><a href=\"https:\/\/static-blogs.diariosur.es\/wp-content\/uploads\/sites\/12\/2025\/09\/ANDALUCIA-EUROPEO-e1758865747857.jpg\"><img loading=\"lazy\" class=\"aligncenter size-full wp-image-46325\" src=\"https:\/\/static-blogs.diariosur.es\/wp-content\/uploads\/sites\/12\/2025\/09\/ANDALUCIA-EUROPEO-e1758865747857.jpg\" alt=\"\" width=\"1000\" height=\"1068\" \/><\/a><\/p>\n<p data-pm-slice=\"1 1 []\"><strong>MODELO EUROPEO M\u00c1LAGA<\/strong><\/p>\n<p data-pm-slice=\"1 1 []\"><a href=\"https:\/\/static-blogs.diariosur.es\/wp-content\/uploads\/sites\/12\/2025\/09\/MALAGA-EUROPEO-e1758865792815.jpg\"><img loading=\"lazy\" class=\"aligncenter size-full wp-image-46326\" src=\"https:\/\/static-blogs.diariosur.es\/wp-content\/uploads\/sites\/12\/2025\/09\/MALAGA-EUROPEO-e1758865792815.jpg\" alt=\"\" width=\"1000\" height=\"1076\" \/><\/a><\/p>\n<p>&nbsp;<\/p>\n<p>&nbsp;<\/p>\n","protected":false},"excerpt":{"rendered":"<p>Buenos d\u00edas, amigos de la meteo. Cuando son las siete de la ma\u00f1ana en M\u00e1laga capital, el aeropuerto registra 17,3 \u00baC, los cielos est\u00e1n poco nubosos y el viento sopla flojo de direcci\u00f3n variable. Hoy viernes hay prevista una m\u00e1xima de 26 \u00baC; hay probabilidad de nubes de evoluci\u00f3n (coliflores) en las sierras, donde pueden [&hellip;]<\/p>\n","protected":false},"author":16,"featured_media":46322,"comment_status":"open","ping_status":"open","sticky":false,"template":"","format":"standard","meta":[],"categories":[2],"tags":[100,2072,496,587],"_links":{"self":[{"href":"https:\/\/blogs.diariosur.es\/tormentas-y-rayos\/wp-json\/wp\/v2\/posts\/46319"}],"collection":[{"href":"https:\/\/blogs.diariosur.es\/tormentas-y-rayos\/wp-json\/wp\/v2\/posts"}],"about":[{"href":"https:\/\/blogs.diariosur.es\/tormentas-y-rayos\/wp-json\/wp\/v2\/types\/post"}],"author":[{"embeddable":true,"href":"https:\/\/blogs.diariosur.es\/tormentas-y-rayos\/wp-json\/wp\/v2\/users\/16"}],"replies":[{"embeddable":true,"href":"https:\/\/blogs.diariosur.es\/tormentas-y-rayos\/wp-json\/wp\/v2\/comments?post=46319"}],"version-history":[{"count":5,"href":"https:\/\/blogs.diariosur.es\/tormentas-y-rayos\/wp-json\/wp\/v2\/posts\/46319\/revisions"}],"predecessor-version":[{"id":46435,"href":"https:\/\/blogs.diariosur.es\/tormentas-y-rayos\/wp-json\/wp\/v2\/posts\/46319\/revisions\/46435"}],"wp:featuredmedia":[{"embeddable":true,"href":"https:\/\/blogs.diariosur.es\/tormentas-y-rayos\/wp-json\/wp\/v2\/media\/46322"}],"wp:attachment":[{"href":"https:\/\/blogs.diariosur.es\/tormentas-y-rayos\/wp-json\/wp\/v2\/media?parent=46319"}],"wp:term":[{"taxonomy":"category","embeddable":true,"href":"https:\/\/blogs.diariosur.es\/tormentas-y-rayos\/wp-json\/wp\/v2\/categories?post=46319"},{"taxonomy":"post_tag","embeddable":true,"href":"https:\/\/blogs.diariosur.es\/tormentas-y-rayos\/wp-json\/wp\/v2\/tags?post=46319"}],"curies":[{"name":"wp","href":"https:\/\/api.w.org\/{rel}","templated":true}]}}