{"id":46331,"date":"2025-09-27T08:19:31","date_gmt":"2025-09-27T06:19:31","guid":{"rendered":"https:\/\/blogs.diariosur.es\/tormentas-y-rayos\/?p=46331"},"modified":"2025-10-02T10:03:53","modified_gmt":"2025-10-02T08:03:53","slug":"avisos-amarillos-por-lluvias-en-huelva-sevilla-y-malaga-incertidumbre-con-los-acumulados-ya-veremos-si-todos-los-portales","status":"publish","type":"post","link":"https:\/\/blogs.diariosur.es\/tormentas-y-rayos\/2025\/09\/27\/avisos-amarillos-por-lluvias-en-huelva-sevilla-y-malaga-incertidumbre-con-los-acumulados-ya-veremos-si-todos-los-portales\/","title":{"rendered":"Avisos amarillos por lluvias en Huelva, Sevilla y M\u00e1laga. Incertidumbre con los acumulados, ya veremos si todos los portales se mojan."},"content":{"rendered":"<p><a href=\"https:\/\/static-blogs.diariosur.es\/wp-content\/uploads\/sites\/12\/2025\/07\/444912498_10228884468795449_97962860407814916_n-1.jpg\"><img loading=\"lazy\" class=\"aligncenter size-thumbnail wp-image-45529\" src=\"https:\/\/static-blogs.diariosur.es\/wp-content\/uploads\/sites\/12\/2025\/07\/444912498_10228884468795449_97962860407814916_n-1-150x150.jpg\" alt=\"\" width=\"150\" height=\"150\" \/><\/a><\/p>\n<p>Buenos d\u00edas, amigos de la meteo. Cuando son las siete y cuarto de la ma\u00f1ana en M\u00e1laga capital, el Aeropuerto registra 17,9 \u00b0C, los cielos est\u00e1n poco nubosos y el viento sopla flojo de direcci\u00f3n variable. Hoy la temperatura m\u00e1xima prevista en la capital es de 27 \u00b0C. La temperatura del agua del mar, por si quer\u00e9is ir a la playa, es de 24 \u00b0C.<\/p>\n<p>Ayer se cumplieron los pron\u00f3sticos y tuvimos coliflores por los montes de M\u00e1laga y zonas de la Axarqu\u00eda malague\u00f1a.<\/p>\n<p>Os pongo una foto de mi amigo Francisco Javier Gonz\u00e1lez desde Maro y un video m\u00edo desde mi terraza.<\/p>\n<p>&nbsp;<\/p>\n<p><a href=\"https:\/\/static-blogs.diariosur.es\/wp-content\/uploads\/sites\/12\/2025\/09\/556145662_10234553867366870_2247558067630472164_n-e1758950444873.jpg\"><img loading=\"lazy\" class=\"aligncenter size-full wp-image-46337\" src=\"https:\/\/static-blogs.diariosur.es\/wp-content\/uploads\/sites\/12\/2025\/09\/556145662_10234553867366870_2247558067630472164_n-e1758950444873.jpg\" alt=\"\" width=\"750\" height=\"1159\" \/><\/a><\/p>\n<p>&nbsp;<\/p>\n<p><iframe loading=\"lazy\" title=\"Desarrollos en los montes de M\u00e1laga capital. \" width=\"500\" height=\"281\" src=\"https:\/\/www.youtube.com\/embed\/Mo-BV4Q1r7Y?feature=oembed\" frameborder=\"0\" allow=\"accelerometer; autoplay; clipboard-write; encrypted-media; gyroscope; picture-in-picture; web-share\" referrerpolicy=\"strict-origin-when-cross-origin\" allowfullscreen><\/iframe><\/p>\n<p>&nbsp;<\/p>\n<h3><span style=\"color: #0000ff;\"><strong>Avisos amarillos por lluvias en las provincias de Huelva, Sevilla y M\u00e1laga.\u00a0<\/strong><\/span><\/h3>\n<p data-pm-slice=\"1 1 []\">Primeramente, os pongo una imagen en infrarrojo del Meteosat para que ubiqu\u00e9is a ex-Gabrielle y, a continuaci\u00f3n, dos mapas de superficie. El primero, el actual, y el previsto para el lunes a primera hora de la madrugada.<\/p>\n<p>Fuentes: Meteogalicia, Aemet.<\/p>\n<p>&nbsp;<\/p>\n<p>&nbsp;<\/p>\n<p><a href=\"https:\/\/static-blogs.diariosur.es\/wp-content\/uploads\/sites\/12\/2025\/09\/exgabrielle.jpg\"><img loading=\"lazy\" class=\"aligncenter size-full wp-image-46338\" src=\"https:\/\/static-blogs.diariosur.es\/wp-content\/uploads\/sites\/12\/2025\/09\/exgabrielle.jpg\" alt=\"\" width=\"1209\" height=\"859\" srcset=\"https:\/\/static-blogs.diariosur.es\/wp-content\/uploads\/sites\/12\/2025\/09\/exgabrielle.jpg 1209w, https:\/\/static-blogs.diariosur.es\/wp-content\/uploads\/sites\/12\/2025\/09\/exgabrielle-563x400.jpg 563w, https:\/\/static-blogs.diariosur.es\/wp-content\/uploads\/sites\/12\/2025\/09\/exgabrielle-574x408.jpg 574w, https:\/\/static-blogs.diariosur.es\/wp-content\/uploads\/sites\/12\/2025\/09\/exgabrielle-768x546.jpg 768w\" sizes=\"(max-width: 1209px) 100vw, 1209px\" \/><\/a><\/p>\n<p>&nbsp;<\/p>\n<p><a href=\"https:\/\/static-blogs.diariosur.es\/wp-content\/uploads\/sites\/12\/2025\/09\/2025092700000_ww_gpx0a000-1-e1758950734704.gif\"><img loading=\"lazy\" class=\"aligncenter size-full wp-image-46339\" src=\"https:\/\/static-blogs.diariosur.es\/wp-content\/uploads\/sites\/12\/2025\/09\/2025092700000_ww_gpx0a000-1-e1758950734704.gif\" alt=\"\" width=\"1000\" height=\"700\" \/><\/a><\/p>\n<p>&nbsp;<\/p>\n<p><a href=\"https:\/\/static-blogs.diariosur.es\/wp-content\/uploads\/sites\/12\/2025\/09\/lunes-e1758950893950.gif\"><img loading=\"lazy\" class=\"aligncenter size-full wp-image-46340\" src=\"https:\/\/static-blogs.diariosur.es\/wp-content\/uploads\/sites\/12\/2025\/09\/lunes-e1758950893950.gif\" alt=\"\" width=\"1000\" height=\"700\" \/><\/a><\/p>\n<p>&nbsp;<\/p>\n<p>Os pongo los avisos, pero a tan pocas horas los modelos americano y europeo no se ponen de acuerdo con las precipitaciones. Al final pondr\u00e9 los acumulados, hay mucha incertidumbre con todos los modelos para ma\u00f1ana y el lunes.<\/p>\n<p>&nbsp;<\/p>\n<p>La Aemet activa para ma\u00f1ana domingo el aviso amarillo por lluvias en las provincias de Huelva y Sevilla. Precipitaci\u00f3n acumulada en una hora: 15 mm. Las lluvias pueden ser persistentes, pudi\u00e9ndose acumular m\u00e1s de 30 mm en 6 horas.<\/p>\n<p>&nbsp;<\/p>\n<p><a href=\"https:\/\/static-blogs.diariosur.es\/wp-content\/uploads\/sites\/12\/2025\/09\/Captura-de-pantalla-2025-09-27-073106.jpg\"><img loading=\"lazy\" class=\"aligncenter size-full wp-image-46341\" src=\"https:\/\/static-blogs.diariosur.es\/wp-content\/uploads\/sites\/12\/2025\/09\/Captura-de-pantalla-2025-09-27-073106.jpg\" alt=\"\" width=\"1038\" height=\"820\" srcset=\"https:\/\/static-blogs.diariosur.es\/wp-content\/uploads\/sites\/12\/2025\/09\/Captura-de-pantalla-2025-09-27-073106.jpg 1038w, https:\/\/static-blogs.diariosur.es\/wp-content\/uploads\/sites\/12\/2025\/09\/Captura-de-pantalla-2025-09-27-073106-506x400.jpg 506w, https:\/\/static-blogs.diariosur.es\/wp-content\/uploads\/sites\/12\/2025\/09\/Captura-de-pantalla-2025-09-27-073106-516x408.jpg 516w, https:\/\/static-blogs.diariosur.es\/wp-content\/uploads\/sites\/12\/2025\/09\/Captura-de-pantalla-2025-09-27-073106-768x607.jpg 768w\" sizes=\"(max-width: 1038px) 100vw, 1038px\" \/><\/a><\/p>\n<p>&nbsp;<\/p>\n<p data-pm-slice=\"1 1 []\">El lunes el aviso amarillo se activa en el Estrecho, Sol y Guadalhorce. De momento en la Axarqu\u00eda no, pero en nuevas actualizaciones es probable que s\u00ed. Ya iremos viendo si tambi\u00e9n se activan en las comarcas de Ronda y Antequera por los acumulados que da el europeo.<\/p>\n<p>El domingo a \u00faltima hora de la noche y madrugada del lunes, llegar\u00edan las precipitaciones a la zona oeste m\u00e1s occidental de la provincia malague\u00f1a. Si no caen en todos los portales, no os mosque\u00e9is, est\u00e1is avisados.<\/p>\n<p>Precipitaci\u00f3n acumulada en una hora: 15 mm.<\/p>\n<p>Precipitaci\u00f3n acumulada en 12 horas: 40 mm.<\/p>\n<p>&nbsp;<\/p>\n<p><a href=\"https:\/\/static-blogs.diariosur.es\/wp-content\/uploads\/sites\/12\/2025\/09\/Captura-de-pantalla-2025-09-27-073539.jpg\"><img loading=\"lazy\" class=\"aligncenter size-full wp-image-46342\" src=\"https:\/\/static-blogs.diariosur.es\/wp-content\/uploads\/sites\/12\/2025\/09\/Captura-de-pantalla-2025-09-27-073539.jpg\" alt=\"\" width=\"1047\" height=\"820\" srcset=\"https:\/\/static-blogs.diariosur.es\/wp-content\/uploads\/sites\/12\/2025\/09\/Captura-de-pantalla-2025-09-27-073539.jpg 1047w, https:\/\/static-blogs.diariosur.es\/wp-content\/uploads\/sites\/12\/2025\/09\/Captura-de-pantalla-2025-09-27-073539-511x400.jpg 511w, https:\/\/static-blogs.diariosur.es\/wp-content\/uploads\/sites\/12\/2025\/09\/Captura-de-pantalla-2025-09-27-073539-521x408.jpg 521w, https:\/\/static-blogs.diariosur.es\/wp-content\/uploads\/sites\/12\/2025\/09\/Captura-de-pantalla-2025-09-27-073539-768x601.jpg 768w\" sizes=\"(max-width: 1047px) 100vw, 1047px\" \/><\/a><\/p>\n<p>&nbsp;<\/p>\n<p>Os pongo los acumulados de distintos modelos para la provincia malague\u00f1a. El lunes por la noche sabremos quien se acerca m\u00e1s.<\/p>\n<p>&nbsp;<\/p>\n<h3><strong>Americano<\/strong><\/h3>\n<p>&nbsp;<\/p>\n<p><a href=\"https:\/\/static-blogs.diariosur.es\/wp-content\/uploads\/sites\/12\/2025\/09\/americano.jpg\"><img loading=\"lazy\" class=\"aligncenter size-full wp-image-46343\" src=\"https:\/\/static-blogs.diariosur.es\/wp-content\/uploads\/sites\/12\/2025\/09\/americano.jpg\" alt=\"\" width=\"1128\" height=\"1197\" srcset=\"https:\/\/static-blogs.diariosur.es\/wp-content\/uploads\/sites\/12\/2025\/09\/americano.jpg 1128w, https:\/\/static-blogs.diariosur.es\/wp-content\/uploads\/sites\/12\/2025\/09\/americano-377x400.jpg 377w, https:\/\/static-blogs.diariosur.es\/wp-content\/uploads\/sites\/12\/2025\/09\/americano-384x408.jpg 384w, https:\/\/static-blogs.diariosur.es\/wp-content\/uploads\/sites\/12\/2025\/09\/americano-768x815.jpg 768w\" sizes=\"(max-width: 1128px) 100vw, 1128px\" \/><\/a><\/p>\n<h3><strong>Europeo<\/strong><\/h3>\n<p>&nbsp;<\/p>\n<p><a href=\"https:\/\/static-blogs.diariosur.es\/wp-content\/uploads\/sites\/12\/2025\/09\/europeo.jpg\"><img loading=\"lazy\" class=\"aligncenter size-full wp-image-46344\" src=\"https:\/\/static-blogs.diariosur.es\/wp-content\/uploads\/sites\/12\/2025\/09\/europeo.jpg\" alt=\"\" width=\"1137\" height=\"1249\" srcset=\"https:\/\/static-blogs.diariosur.es\/wp-content\/uploads\/sites\/12\/2025\/09\/europeo.jpg 1137w, https:\/\/static-blogs.diariosur.es\/wp-content\/uploads\/sites\/12\/2025\/09\/europeo-364x400.jpg 364w, https:\/\/static-blogs.diariosur.es\/wp-content\/uploads\/sites\/12\/2025\/09\/europeo-371x408.jpg 371w, https:\/\/static-blogs.diariosur.es\/wp-content\/uploads\/sites\/12\/2025\/09\/europeo-768x844.jpg 768w\" sizes=\"(max-width: 1137px) 100vw, 1137px\" \/><\/a><\/p>\n<p>&nbsp;<\/p>\n<h3><strong>Reino Unido<\/strong><\/h3>\n<p>&nbsp;<\/p>\n<p><a href=\"https:\/\/static-blogs.diariosur.es\/wp-content\/uploads\/sites\/12\/2025\/09\/reino-unido.jpg\"><img loading=\"lazy\" class=\"aligncenter size-full wp-image-46345\" src=\"https:\/\/static-blogs.diariosur.es\/wp-content\/uploads\/sites\/12\/2025\/09\/reino-unido.jpg\" alt=\"\" width=\"1150\" height=\"1182\" srcset=\"https:\/\/static-blogs.diariosur.es\/wp-content\/uploads\/sites\/12\/2025\/09\/reino-unido.jpg 1150w, https:\/\/static-blogs.diariosur.es\/wp-content\/uploads\/sites\/12\/2025\/09\/reino-unido-389x400.jpg 389w, https:\/\/static-blogs.diariosur.es\/wp-content\/uploads\/sites\/12\/2025\/09\/reino-unido-397x408.jpg 397w, https:\/\/static-blogs.diariosur.es\/wp-content\/uploads\/sites\/12\/2025\/09\/reino-unido-768x789.jpg 768w\" sizes=\"(max-width: 1150px) 100vw, 1150px\" \/><\/a><\/p>\n<p>&nbsp;<\/p>\n<h3><strong>Icon<\/strong><\/h3>\n<p>&nbsp;<\/p>\n<p><a href=\"https:\/\/static-blogs.diariosur.es\/wp-content\/uploads\/sites\/12\/2025\/09\/icon.jpg\"><img loading=\"lazy\" class=\"aligncenter size-full wp-image-46346\" src=\"https:\/\/static-blogs.diariosur.es\/wp-content\/uploads\/sites\/12\/2025\/09\/icon.jpg\" alt=\"\" width=\"1143\" height=\"1233\" srcset=\"https:\/\/static-blogs.diariosur.es\/wp-content\/uploads\/sites\/12\/2025\/09\/icon.jpg 1143w, https:\/\/static-blogs.diariosur.es\/wp-content\/uploads\/sites\/12\/2025\/09\/icon-371x400.jpg 371w, https:\/\/static-blogs.diariosur.es\/wp-content\/uploads\/sites\/12\/2025\/09\/icon-378x408.jpg 378w, https:\/\/static-blogs.diariosur.es\/wp-content\/uploads\/sites\/12\/2025\/09\/icon-768x828.jpg 768w\" sizes=\"(max-width: 1143px) 100vw, 1143px\" \/><\/a><\/p>\n<p>&nbsp;<\/p>\n<h3><strong>Joya<\/strong><\/h3>\n<p>&nbsp;<\/p>\n<p><a href=\"https:\/\/static-blogs.diariosur.es\/wp-content\/uploads\/sites\/12\/2025\/09\/joya.jpg\"><img loading=\"lazy\" class=\"aligncenter size-full wp-image-46347\" src=\"https:\/\/static-blogs.diariosur.es\/wp-content\/uploads\/sites\/12\/2025\/09\/joya.jpg\" alt=\"\" width=\"1144\" height=\"1173\" srcset=\"https:\/\/static-blogs.diariosur.es\/wp-content\/uploads\/sites\/12\/2025\/09\/joya.jpg 1144w, https:\/\/static-blogs.diariosur.es\/wp-content\/uploads\/sites\/12\/2025\/09\/joya-390x400.jpg 390w, https:\/\/static-blogs.diariosur.es\/wp-content\/uploads\/sites\/12\/2025\/09\/joya-398x408.jpg 398w, https:\/\/static-blogs.diariosur.es\/wp-content\/uploads\/sites\/12\/2025\/09\/joya-768x787.jpg 768w\" sizes=\"(max-width: 1144px) 100vw, 1144px\" \/><\/a><\/p>\n<p>&nbsp;<\/p>\n","protected":false},"excerpt":{"rendered":"<p>Buenos d\u00edas, amigos de la meteo. Cuando son las siete y cuarto de la ma\u00f1ana en M\u00e1laga capital, el Aeropuerto registra 17,9 \u00b0C, los cielos est\u00e1n poco nubosos y el viento sopla flojo de direcci\u00f3n variable. Hoy la temperatura m\u00e1xima prevista en la capital es de 27 \u00b0C. La temperatura del agua del mar, por [&hellip;]<\/p>\n","protected":false},"author":16,"featured_media":46348,"comment_status":"open","ping_status":"open","sticky":false,"template":"","format":"standard","meta":[],"categories":[2],"tags":[94,151,2072,496,569,587],"_links":{"self":[{"href":"https:\/\/blogs.diariosur.es\/tormentas-y-rayos\/wp-json\/wp\/v2\/posts\/46331"}],"collection":[{"href":"https:\/\/blogs.diariosur.es\/tormentas-y-rayos\/wp-json\/wp\/v2\/posts"}],"about":[{"href":"https:\/\/blogs.diariosur.es\/tormentas-y-rayos\/wp-json\/wp\/v2\/types\/post"}],"author":[{"embeddable":true,"href":"https:\/\/blogs.diariosur.es\/tormentas-y-rayos\/wp-json\/wp\/v2\/users\/16"}],"replies":[{"embeddable":true,"href":"https:\/\/blogs.diariosur.es\/tormentas-y-rayos\/wp-json\/wp\/v2\/comments?post=46331"}],"version-history":[{"count":11,"href":"https:\/\/blogs.diariosur.es\/tormentas-y-rayos\/wp-json\/wp\/v2\/posts\/46331\/revisions"}],"predecessor-version":[{"id":46434,"href":"https:\/\/blogs.diariosur.es\/tormentas-y-rayos\/wp-json\/wp\/v2\/posts\/46331\/revisions\/46434"}],"wp:featuredmedia":[{"embeddable":true,"href":"https:\/\/blogs.diariosur.es\/tormentas-y-rayos\/wp-json\/wp\/v2\/media\/46348"}],"wp:attachment":[{"href":"https:\/\/blogs.diariosur.es\/tormentas-y-rayos\/wp-json\/wp\/v2\/media?parent=46331"}],"wp:term":[{"taxonomy":"category","embeddable":true,"href":"https:\/\/blogs.diariosur.es\/tormentas-y-rayos\/wp-json\/wp\/v2\/categories?post=46331"},{"taxonomy":"post_tag","embeddable":true,"href":"https:\/\/blogs.diariosur.es\/tormentas-y-rayos\/wp-json\/wp\/v2\/tags?post=46331"}],"curies":[{"name":"wp","href":"https:\/\/api.w.org\/{rel}","templated":true}]}}