{"id":46353,"date":"2025-09-27T15:29:45","date_gmt":"2025-09-27T13:29:45","guid":{"rendered":"https:\/\/blogs.diariosur.es\/tormentas-y-rayos\/?p=46353"},"modified":"2025-10-02T09:59:42","modified_gmt":"2025-10-02T07:59:42","slug":"aviso-especial-por-fuertes-lluvias-en-la-comunidad-valenciana-pueden-caer-200-250-mm-con-intensidades-torrenciales","status":"publish","type":"post","link":"https:\/\/blogs.diariosur.es\/tormentas-y-rayos\/2025\/09\/27\/aviso-especial-por-fuertes-lluvias-en-la-comunidad-valenciana-pueden-caer-200-250-mm-con-intensidades-torrenciales\/","title":{"rendered":"Aviso especial por fuertes lluvias. En la comunidad valenciana pueden caer 200-250 mm, con intensidades torrenciales"},"content":{"rendered":"<p><a href=\"https:\/\/static-blogs.diariosur.es\/wp-content\/uploads\/sites\/12\/2025\/07\/444912498_10228884468795449_97962860407814916_n.jpg\"><img loading=\"lazy\" class=\"aligncenter size-thumbnail wp-image-45498\" src=\"https:\/\/static-blogs.diariosur.es\/wp-content\/uploads\/sites\/12\/2025\/07\/444912498_10228884468795449_97962860407814916_n-150x150.jpg\" alt=\"\" width=\"150\" height=\"150\" \/><\/a><\/p>\n<p data-pm-slice=\"1 1 []\">Buenas tardes, amigos del ameteo. Mucha precauci\u00f3n en estas zonas del aviso especial de la Aemet. Toca leer el aviso.<\/p>\n<p>En las pr\u00f3ximas horas, el ex-hurac\u00e1n Gabrielle, convertido ya en borrasca, penetrar\u00e1 por el oeste de la pen\u00ednsula ib\u00e9rica, desplaz\u00e1ndose hacia el sureste a medida que pierde r\u00e1pidamente intensidad. No obstante, el seno de bajas presiones que quedar\u00e1 situado sobre el tercio sur peninsular, junto con las altas presiones al norte, dar\u00e1 lugar a un flujo h\u00famedo del este sobre la fachada mediterr\u00e1nea que, unido a la humedad subtropical en niveles medios y a la inestabilidad asociada a la vaguada en altura que acompa\u00f1a a la perturbaci\u00f3n, podr\u00eda dar lugar a lluvias muy fuertes y persistentes en los tercios sur y este peninsulares en los pr\u00f3ximos d\u00edas. Los chubascos pueden dar lugar a inundaciones locales s\u00fabitas y repentinas en zonas bajas, arroyos y ramblas, por lo que el nivel de peligro potencial de esta situaci\u00f3n es elevado.<\/p>\n<p>Hoy s\u00e1bado, con la aproximaci\u00f3n de la borrasca, se esperan precipitaciones moderadas y persistentes en el oeste de Galicia, ocasionalmente con tormenta, e intervalos de viento fuerte del sureste, con temporal mar\u00edtimo en los litorales atl\u00e1nticos gallegos.<\/p>\n<p>A partir de la madrugada de ma\u00f1ana, las precipitaciones se ir\u00e1n extendiendo por \u00e1reas del oeste y centro peninsulares, en general moderadas, pero persistentes en vertientes sur de los sistemas monta\u00f1osos del cuadrante suroccidental. Durante la tarde podr\u00edan ser localmente fuertes en puntos del oeste de Andaluc\u00eda, especialmente en zonas de sierras, sin descartarlos tambi\u00e9n en Extremadura. Tambi\u00e9n se esperan chubascos tormentosos localmente fuertes y persistentes en puntos de Arag\u00f3n, meseta sur, Catalu\u00f1a y Comunidad Valenciana, que pueden ir acompa\u00f1ados de granizo. En el sur de Catalu\u00f1a es probable que sean muy fuertes, especialmente al final del d\u00eda y durante la noche del domingo al lunes.<\/p>\n<p>El lunes 29 y el martes 30 ser\u00e1n los d\u00edas m\u00e1s adversos del episodio. Ya desde primeras horas se esperan chubascos tormentosos localmente fuertes o muy fuertes, y persistentes, a lo largo del tercio oriental peninsular, <strong>costa del Sol y entorno del Estrecho.<\/strong> Las mayores intensidades y los mayores acumulados se esperan en el sur de la Comunidad Valenciana, y especialmente en la provincia de Valencia, entre el lunes y la primera mitad del martes, cuando podr\u00edan superarse los<strong> 200-250 mm, con intensidades torrenciales<\/strong>.<\/p>\n<p>Es probable que las islas Baleares tambi\u00e9n se vean afectadas por este episodio, con chubascos tormentosos localmente fuertes, especialmente durante la tarde del lunes y el martes.<\/p>\n<p>Existe una alta incertidumbre en la trayectoria de la borrasca y en la interacci\u00f3n entre los distintos elementos que conforman esta situaci\u00f3n, por lo que se recomienda un seguimiento detallado de las actualizaciones de las predicciones y avisos durante las pr\u00f3ximas horas.<\/p>\n<p>&nbsp;<\/p>\n<p>&nbsp;<\/p>\n","protected":false},"excerpt":{"rendered":"<p>Buenas tardes, amigos del ameteo. Mucha precauci\u00f3n en estas zonas del aviso especial de la Aemet. Toca leer el aviso. En las pr\u00f3ximas horas, el ex-hurac\u00e1n Gabrielle, convertido ya en borrasca, penetrar\u00e1 por el oeste de la pen\u00ednsula ib\u00e9rica, desplaz\u00e1ndose hacia el sureste a medida que pierde r\u00e1pidamente intensidad. No obstante, el seno de bajas [&hellip;]<\/p>\n","protected":false},"author":16,"featured_media":42145,"comment_status":"open","ping_status":"open","sticky":false,"template":"","format":"standard","meta":[],"categories":[2],"tags":[100,151,440,2072,569,676,1040],"_links":{"self":[{"href":"https:\/\/blogs.diariosur.es\/tormentas-y-rayos\/wp-json\/wp\/v2\/posts\/46353"}],"collection":[{"href":"https:\/\/blogs.diariosur.es\/tormentas-y-rayos\/wp-json\/wp\/v2\/posts"}],"about":[{"href":"https:\/\/blogs.diariosur.es\/tormentas-y-rayos\/wp-json\/wp\/v2\/types\/post"}],"author":[{"embeddable":true,"href":"https:\/\/blogs.diariosur.es\/tormentas-y-rayos\/wp-json\/wp\/v2\/users\/16"}],"replies":[{"embeddable":true,"href":"https:\/\/blogs.diariosur.es\/tormentas-y-rayos\/wp-json\/wp\/v2\/comments?post=46353"}],"version-history":[{"count":4,"href":"https:\/\/blogs.diariosur.es\/tormentas-y-rayos\/wp-json\/wp\/v2\/posts\/46353\/revisions"}],"predecessor-version":[{"id":46432,"href":"https:\/\/blogs.diariosur.es\/tormentas-y-rayos\/wp-json\/wp\/v2\/posts\/46353\/revisions\/46432"}],"wp:featuredmedia":[{"embeddable":true,"href":"https:\/\/blogs.diariosur.es\/tormentas-y-rayos\/wp-json\/wp\/v2\/media\/42145"}],"wp:attachment":[{"href":"https:\/\/blogs.diariosur.es\/tormentas-y-rayos\/wp-json\/wp\/v2\/media?parent=46353"}],"wp:term":[{"taxonomy":"category","embeddable":true,"href":"https:\/\/blogs.diariosur.es\/tormentas-y-rayos\/wp-json\/wp\/v2\/categories?post=46353"},{"taxonomy":"post_tag","embeddable":true,"href":"https:\/\/blogs.diariosur.es\/tormentas-y-rayos\/wp-json\/wp\/v2\/tags?post=46353"}],"curies":[{"name":"wp","href":"https:\/\/api.w.org\/{rel}","templated":true}]}}