{"id":46360,"date":"2025-09-28T08:23:39","date_gmt":"2025-09-28T06:23:39","guid":{"rendered":"https:\/\/blogs.diariosur.es\/tormentas-y-rayos\/?p=46360"},"modified":"2025-10-02T09:58:14","modified_gmt":"2025-10-02T07:58:14","slug":"el-alarmista-os-da-la-ultima-hora-de-ex-gabrielle-probables-acumulados-manana-lunes-en-la-provincia-de-malaga","status":"publish","type":"post","link":"https:\/\/blogs.diariosur.es\/tormentas-y-rayos\/2025\/09\/28\/el-alarmista-os-da-la-ultima-hora-de-ex-gabrielle-probables-acumulados-manana-lunes-en-la-provincia-de-malaga\/","title":{"rendered":"El &#8220;alarmista&#8221; os da la \u00faltima hora de ex-Gabrielle. Probables acumulados ma\u00f1ana lunes en la provincia de M\u00e1laga"},"content":{"rendered":"<p><a href=\"https:\/\/static-blogs.diariosur.es\/wp-content\/uploads\/sites\/12\/2025\/07\/444912498_10228884468795449_97962860407814916_n-1.jpg\"><img loading=\"lazy\" class=\"aligncenter size-thumbnail wp-image-45529\" src=\"https:\/\/static-blogs.diariosur.es\/wp-content\/uploads\/sites\/12\/2025\/07\/444912498_10228884468795449_97962860407814916_n-1-150x150.jpg\" alt=\"\" width=\"150\" height=\"150\" \/><\/a><\/p>\n<p data-pm-slice=\"1 1 []\">Buenos d\u00edas, amigos de la meteo. Antes de daros la \u00faltima hora de ex-Gabrielle, quiero comentar, a los que me llaman alarmista, un par de cosas.<\/p>\n<p>A este se\u00f1or que ayer me llam\u00f3 alarmista, comentarle que la educaci\u00f3n es muy importante; es muy f\u00e1cil, antes de poner un comentario, dar los buenos d\u00edas, las tardes o las noches. A su segundo comentario:<strong>\u00a0pues eso, que os gusta alarmar y luego ten\u00e9is que meter el rabo entre las piernas<\/strong>; tengo la suficiente educaci\u00f3n para no entrar con el rabo, perd\u00f3n\u2026 al trapo; ha sido tan f\u00e1cil como bloquearlo. A los dem\u00e1s comentarios que tambi\u00e9n me han llamado alarmista, sin dar las buenas noches; y con muy poca educaci\u00f3n, tambi\u00e9n est\u00e1n bloqueados. Desde que empec\u00e9 con el seguimiento de Gabrielle, que pod\u00e9is leerlo <a class=\"qbe-widget\" href=\"https:\/\/blogs.diariosur.es\/tormentas-y-rayos\/\" target=\"_blank\" rel=\"noopener noreferrer\"><strong>AQU\u00cd,<\/strong><\/a> en ning\u00fan momento he confirmado nada, incluso he comentado que en la provincia de M\u00e1laga no se mojar\u00edan todos los portales. Como siempre pasa, leemos muy poco, pero <strong>criticar e insultar<\/strong> es lo que mejor hacemos.<\/p>\n<h3><strong>\u00daltima hora de ex-Gabrielle. Se desactivan algunos avisos en Andaluc\u00eda y ponen nuevos.<\/strong><\/h3>\n<p>Aunque sea muy pesado, este tipo de situaciones es muy dif\u00edcil de modelizar a todos los modelos.<\/p>\n<p>Ayer por la tarde Aemet desactiv\u00f3 para hoy domingo avisos en las provincias de Huelva y Sevilla; solo est\u00e1n activos para la zona norte de estas provincias. Se activa como nuevo aviso a la zona norte de la provincia de C\u00f3rdoba.<\/p>\n<p>Avisos de ayer y los actualizados para hoy domingo.<\/p>\n<p>&nbsp;<\/p>\n<p><a href=\"https:\/\/static-blogs.diariosur.es\/wp-content\/uploads\/sites\/12\/2025\/09\/Captura-de-pantalla-2025-09-27-073106.jpg\"><img loading=\"lazy\" class=\"aligncenter size-full wp-image-46341\" src=\"https:\/\/static-blogs.diariosur.es\/wp-content\/uploads\/sites\/12\/2025\/09\/Captura-de-pantalla-2025-09-27-073106.jpg\" alt=\"\" width=\"1038\" height=\"820\" srcset=\"https:\/\/static-blogs.diariosur.es\/wp-content\/uploads\/sites\/12\/2025\/09\/Captura-de-pantalla-2025-09-27-073106.jpg 1038w, https:\/\/static-blogs.diariosur.es\/wp-content\/uploads\/sites\/12\/2025\/09\/Captura-de-pantalla-2025-09-27-073106-506x400.jpg 506w, https:\/\/static-blogs.diariosur.es\/wp-content\/uploads\/sites\/12\/2025\/09\/Captura-de-pantalla-2025-09-27-073106-516x408.jpg 516w, https:\/\/static-blogs.diariosur.es\/wp-content\/uploads\/sites\/12\/2025\/09\/Captura-de-pantalla-2025-09-27-073106-768x607.jpg 768w\" sizes=\"(max-width: 1038px) 100vw, 1038px\" \/><\/a><\/p>\n<p>&nbsp;<\/p>\n<p>Avisos actualizados<\/p>\n<p>&nbsp;<\/p>\n<p><a href=\"https:\/\/static-blogs.diariosur.es\/wp-content\/uploads\/sites\/12\/2025\/09\/Captura-de-pantalla-2025-09-28-074401.jpg\"><img loading=\"lazy\" class=\"aligncenter size-full wp-image-46361\" src=\"https:\/\/static-blogs.diariosur.es\/wp-content\/uploads\/sites\/12\/2025\/09\/Captura-de-pantalla-2025-09-28-074401.jpg\" alt=\"\" width=\"1047\" height=\"817\" srcset=\"https:\/\/static-blogs.diariosur.es\/wp-content\/uploads\/sites\/12\/2025\/09\/Captura-de-pantalla-2025-09-28-074401.jpg 1047w, https:\/\/static-blogs.diariosur.es\/wp-content\/uploads\/sites\/12\/2025\/09\/Captura-de-pantalla-2025-09-28-074401-513x400.jpg 513w, https:\/\/static-blogs.diariosur.es\/wp-content\/uploads\/sites\/12\/2025\/09\/Captura-de-pantalla-2025-09-28-074401-523x408.jpg 523w, https:\/\/static-blogs.diariosur.es\/wp-content\/uploads\/sites\/12\/2025\/09\/Captura-de-pantalla-2025-09-28-074401-768x599.jpg 768w\" sizes=\"(max-width: 1047px) 100vw, 1047px\" \/><\/a><\/p>\n<p>&nbsp;<\/p>\n<p>Para ma\u00f1ana lunes, se ha desactivado el aviso en la zona del Estrecho, el de M\u00e1laga de momento no, ya veremos en nuevas actualizaciones. Se han activado avisos nuevos en zonas de las provincias de Granada y Almer\u00eda.<\/p>\n<p>&nbsp;<\/p>\n<p><strong>Avisos de ayer para el lunes<\/strong><\/p>\n<p><a href=\"https:\/\/static-blogs.diariosur.es\/wp-content\/uploads\/sites\/12\/2025\/09\/Captura-de-pantalla-2025-09-27-073539.jpg\"><img loading=\"lazy\" class=\"aligncenter size-full wp-image-46342\" src=\"https:\/\/static-blogs.diariosur.es\/wp-content\/uploads\/sites\/12\/2025\/09\/Captura-de-pantalla-2025-09-27-073539.jpg\" alt=\"\" width=\"1047\" height=\"820\" srcset=\"https:\/\/static-blogs.diariosur.es\/wp-content\/uploads\/sites\/12\/2025\/09\/Captura-de-pantalla-2025-09-27-073539.jpg 1047w, https:\/\/static-blogs.diariosur.es\/wp-content\/uploads\/sites\/12\/2025\/09\/Captura-de-pantalla-2025-09-27-073539-511x400.jpg 511w, https:\/\/static-blogs.diariosur.es\/wp-content\/uploads\/sites\/12\/2025\/09\/Captura-de-pantalla-2025-09-27-073539-521x408.jpg 521w, https:\/\/static-blogs.diariosur.es\/wp-content\/uploads\/sites\/12\/2025\/09\/Captura-de-pantalla-2025-09-27-073539-768x601.jpg 768w\" sizes=\"(max-width: 1047px) 100vw, 1047px\" \/><\/a><\/p>\n<p>&nbsp;<\/p>\n<p><strong>Avisos actualizados para ma\u00f1ana<\/strong><\/p>\n<p>&nbsp;<\/p>\n<p><a href=\"https:\/\/static-blogs.diariosur.es\/wp-content\/uploads\/sites\/12\/2025\/09\/Captura-de-pantalla-2025-09-28-074719.jpg\"><img loading=\"lazy\" class=\"aligncenter size-full wp-image-46362\" src=\"https:\/\/static-blogs.diariosur.es\/wp-content\/uploads\/sites\/12\/2025\/09\/Captura-de-pantalla-2025-09-28-074719.jpg\" alt=\"\" width=\"1048\" height=\"823\" srcset=\"https:\/\/static-blogs.diariosur.es\/wp-content\/uploads\/sites\/12\/2025\/09\/Captura-de-pantalla-2025-09-28-074719.jpg 1048w, https:\/\/static-blogs.diariosur.es\/wp-content\/uploads\/sites\/12\/2025\/09\/Captura-de-pantalla-2025-09-28-074719-509x400.jpg 509w, https:\/\/static-blogs.diariosur.es\/wp-content\/uploads\/sites\/12\/2025\/09\/Captura-de-pantalla-2025-09-28-074719-520x408.jpg 520w, https:\/\/static-blogs.diariosur.es\/wp-content\/uploads\/sites\/12\/2025\/09\/Captura-de-pantalla-2025-09-28-074719-768x603.jpg 768w\" sizes=\"(max-width: 1048px) 100vw, 1048px\" \/><\/a><\/p>\n<p>&nbsp;<\/p>\n<p>Como os he comentado antes, ya iremos viendo si tambi\u00e9n se desactiva el aviso de la provincia de M\u00e1laga. A tan pocas horas, sigue habiendo mucha incertidumbre.<\/p>\n<p>Os pongo la \u00faltima hora de los acumulados previstos para ma\u00f1ana en la provincia de M\u00e1laga. El martes, como siempre hago, os dar\u00e9 los acumulados que se han registrado en nuestra provincia malague\u00f1a.<\/p>\n<p>&nbsp;<\/p>\n<p><strong>MODELO AMERICANO<\/strong><\/p>\n<p>&nbsp;<\/p>\n<p><a href=\"https:\/\/static-blogs.diariosur.es\/wp-content\/uploads\/sites\/12\/2025\/09\/americano-1-e1759038914207.jpg\"><img loading=\"lazy\" class=\"aligncenter size-full wp-image-46364\" src=\"https:\/\/static-blogs.diariosur.es\/wp-content\/uploads\/sites\/12\/2025\/09\/americano-1-e1759038914207.jpg\" alt=\"\" width=\"1000\" height=\"1054\" \/><\/a><\/p>\n<p><strong>MODELO EUROPEO<\/strong><\/p>\n<p>&nbsp;<\/p>\n<p><a href=\"https:\/\/static-blogs.diariosur.es\/wp-content\/uploads\/sites\/12\/2025\/09\/EUROPEO-1-e1759039018775.jpg\"><img loading=\"lazy\" class=\"aligncenter size-full wp-image-46365\" src=\"https:\/\/static-blogs.diariosur.es\/wp-content\/uploads\/sites\/12\/2025\/09\/EUROPEO-1-e1759039018775.jpg\" alt=\"\" width=\"1000\" height=\"1092\" \/><\/a><\/p>\n<p>&nbsp;<\/p>\n<p><strong>REINO UNIDO<\/strong><\/p>\n<p>&nbsp;<\/p>\n<p><a href=\"https:\/\/static-blogs.diariosur.es\/wp-content\/uploads\/sites\/12\/2025\/09\/reino-unido-1-e1759039630365.jpg\"><img loading=\"lazy\" class=\"aligncenter size-full wp-image-46366\" src=\"https:\/\/static-blogs.diariosur.es\/wp-content\/uploads\/sites\/12\/2025\/09\/reino-unido-1-e1759039630365.jpg\" alt=\"\" width=\"1000\" height=\"1053\" \/><\/a><\/p>\n<p>&nbsp;<\/p>\n<p><strong>JOYA<\/strong><\/p>\n<p>&nbsp;<\/p>\n<p><a href=\"https:\/\/static-blogs.diariosur.es\/wp-content\/uploads\/sites\/12\/2025\/09\/joya-1-e1759039672890.jpg\"><img loading=\"lazy\" class=\"aligncenter size-full wp-image-46367\" src=\"https:\/\/static-blogs.diariosur.es\/wp-content\/uploads\/sites\/12\/2025\/09\/joya-1-e1759039672890.jpg\" alt=\"\" width=\"1000\" height=\"1087\" \/><\/a><\/p>\n<p><strong>ICONO<\/strong><\/p>\n<p>&nbsp;<\/p>\n<p><a href=\"https:\/\/static-blogs.diariosur.es\/wp-content\/uploads\/sites\/12\/2025\/09\/icono-e1759039711947.jpg\"><img loading=\"lazy\" class=\"aligncenter size-full wp-image-46368\" src=\"https:\/\/static-blogs.diariosur.es\/wp-content\/uploads\/sites\/12\/2025\/09\/icono-e1759039711947.jpg\" alt=\"\" width=\"1000\" height=\"1083\" \/><\/a><\/p>\n<p>&nbsp;<\/p>\n<p>&nbsp;<\/p>\n","protected":false},"excerpt":{"rendered":"<p>Buenos d\u00edas, amigos de la meteo. Antes de daros la \u00faltima hora de ex-Gabrielle, quiero comentar, a los que me llaman alarmista, un par de cosas. A este se\u00f1or que ayer me llam\u00f3 alarmista, comentarle que la educaci\u00f3n es muy importante; es muy f\u00e1cil, antes de poner un comentario, dar los buenos d\u00edas, las tardes [&hellip;]<\/p>\n","protected":false},"author":16,"featured_media":46369,"comment_status":"open","ping_status":"open","sticky":false,"template":"","format":"standard","meta":[],"categories":[2],"tags":[2072,485,496,1028],"_links":{"self":[{"href":"https:\/\/blogs.diariosur.es\/tormentas-y-rayos\/wp-json\/wp\/v2\/posts\/46360"}],"collection":[{"href":"https:\/\/blogs.diariosur.es\/tormentas-y-rayos\/wp-json\/wp\/v2\/posts"}],"about":[{"href":"https:\/\/blogs.diariosur.es\/tormentas-y-rayos\/wp-json\/wp\/v2\/types\/post"}],"author":[{"embeddable":true,"href":"https:\/\/blogs.diariosur.es\/tormentas-y-rayos\/wp-json\/wp\/v2\/users\/16"}],"replies":[{"embeddable":true,"href":"https:\/\/blogs.diariosur.es\/tormentas-y-rayos\/wp-json\/wp\/v2\/comments?post=46360"}],"version-history":[{"count":4,"href":"https:\/\/blogs.diariosur.es\/tormentas-y-rayos\/wp-json\/wp\/v2\/posts\/46360\/revisions"}],"predecessor-version":[{"id":46431,"href":"https:\/\/blogs.diariosur.es\/tormentas-y-rayos\/wp-json\/wp\/v2\/posts\/46360\/revisions\/46431"}],"wp:featuredmedia":[{"embeddable":true,"href":"https:\/\/blogs.diariosur.es\/tormentas-y-rayos\/wp-json\/wp\/v2\/media\/46369"}],"wp:attachment":[{"href":"https:\/\/blogs.diariosur.es\/tormentas-y-rayos\/wp-json\/wp\/v2\/media?parent=46360"}],"wp:term":[{"taxonomy":"category","embeddable":true,"href":"https:\/\/blogs.diariosur.es\/tormentas-y-rayos\/wp-json\/wp\/v2\/categories?post=46360"},{"taxonomy":"post_tag","embeddable":true,"href":"https:\/\/blogs.diariosur.es\/tormentas-y-rayos\/wp-json\/wp\/v2\/tags?post=46360"}],"curies":[{"name":"wp","href":"https:\/\/api.w.org\/{rel}","templated":true}]}}