{"id":4642,"date":"2013-01-17T15:31:19","date_gmt":"2013-01-17T14:31:19","guid":{"rendered":"http:\/\/blogs.diariosur.es\/tormentas-y-rayos\/?p=4642"},"modified":"2013-01-17T15:31:19","modified_gmt":"2013-01-17T14:31:19","slug":"atencion-posible-ciclogenesis-explosiva-el-sabado-en-la-peninsula","status":"publish","type":"post","link":"https:\/\/blogs.diariosur.es\/tormentas-y-rayos\/2013\/01\/17\/atencion-posible-ciclogenesis-explosiva-el-sabado-en-la-peninsula\/","title":{"rendered":"!Atenci\u00f3n! Ciclog\u00e9nesis Explosiva el S\u00e1bado en la Pen\u00ednsula. Alerta amarilla por vientos, lluvias y fen\u00f3menos costeros en M\u00e1laga"},"content":{"rendered":"<p><a href=\"https:\/\/blogs.diariosur.es\/tormentas-y-rayos\/2013\/01\/19\/la-ciclogenesis-explosiva-gong-ya-se-ha-producido-pontevedra-961-hpa-bestial\/\"><strong>LA CICLOG\u00c9NESIS YA SE HA PRODUCIDO ACABO DE ABRIR UN \u00a0NUEVO POST. OS PASO EL ENLACE<\/strong><\/a>\u00a019-1-2013<\/p>\n<p>&nbsp;<\/p>\n<p>&nbsp;<\/p>\n<p><strong>ATENCI\u00d3N NUEVA ACTUALIZACI\u00d3N ,<a href=\"https:\/\/blogs.diariosur.es\/tormentas-y-rayos\/2013\/01\/18\/ciclogenesis-explosiva-en-el-centro-de-la-peninsula-explicacion-alerta-naranja-y-amarilla-en-casi-toda-espana\/\"> PINCHAR EN EL ENLACE. OS DOY LA\u00a0EXPLICACI\u00d3N\u00a0DE COMO SE FORMA.<\/a> <\/strong><\/p>\n<p><strong><span style=\"color: #ff0000;\">Actualizaci\u00f3n 18 de Enero: Buenos dias amigos de la meteo, son las seis de la ma\u00f1ana y registro unos agradables 17 \u00a0grados. Los cielos est\u00e1n nubosos y de momento el viento esta en calma. Se confirma por la gran\u00a0mayor\u00eda\u00a0de los modelos la <span style=\"color: #ff00ff;\">CICLOG\u00c9NESIS EXPLOSIVA<\/span> para ma\u00f1ana\u00a0s\u00e1bado. Incluso la borrasca\u00a0pasar\u00eda\u00a0mas cerca del centro peninsular, \u00a0con una presi\u00f3n mas baja que en los mapas que os puse ayer. Como\u00a0pod\u00e9is\u00a0ver un poco mas abajo. Os paso el nuevo mapa previsto para ma\u00f1ana, es bestial amigos 975 mb. Cuando venga del curro esta tarde noche intentare actualizar el blog , con un nuevo post.<\/span><\/strong><\/p>\n<p><a href=\"https:\/\/blogs.diariosur.es\/tormentas-y-rayos\/2013\/01\/17\/atencion-posible-ciclogenesis-explosiva-el-sabado-en-la-peninsula\/viernesssssssss\/\" rel=\"attachment wp-att-4664\"><img loading=\"lazy\" class=\"aligncenter size-medium wp-image-4664\" title=\"viernesssssssss\" src=\"\/tormentas-y-rayos\/wp-content\/uploads\/sites\/12\/2013\/01\/viernesssssssss.jpg\" alt=\"\" width=\"588\" height=\"400\" srcset=\"https:\/\/static-blogs.diariosur.es\/wp-content\/uploads\/sites\/12\/2013\/01\/viernesssssssss.jpg 736w, https:\/\/static-blogs.diariosur.es\/wp-content\/uploads\/sites\/12\/2013\/01\/viernesssssssss-589x400.jpg 589w\" sizes=\"(max-width: 588px) 100vw, 588px\" \/><\/a><\/p>\n<p><strong>Hola amigos de la meteo. Son las dos y media de la tarde, registro 18 grados y el viento de terral sigue de protagonista, aunque con menos sensaci\u00f3n t\u00e9rmica de fr\u00edo.<\/strong><\/p>\n<p><strong>As\u00ed es amigos, el s\u00e1bado hay posibilidad de que tengamos un ciclog\u00e9nesis explosiva. La gran mayor\u00eda de los modelos la dan, unos en el centro de la\u00a0pen\u00ednsula\u00a0y otros mas al norte. Ya sab\u00e9is que una ciclog\u00e9nesis explosiva, es una bajada de presi\u00f3n muy r\u00e1pida en pocas horas. Lo curioso de esta borrasca, es que la bajada la har\u00eda dentro de la\u00a0pen\u00ednsula\u00a0 cuando generalmente, esto se suele dar en el mar. \u00a0Es\u00a0decir\u00a0llegar\u00eda\u00a0a las Costas Gallegas con 1000 mb y luego dentro de la\u00a0pen\u00ednsula\u00a0bajar\u00eda a 980 mb o menos. Os paso unos mapas previstos fuente hirlam aemet y gfs.<\/strong><\/p>\n<p><strong>\u00a0<\/strong><a href=\"https:\/\/blogs.diariosur.es\/tormentas-y-rayos\/2013\/01\/17\/atencion-posible-ciclogenesis-explosiva-el-sabado-en-la-peninsula\/1-17\/\" rel=\"attachment wp-att-4643\"><img loading=\"lazy\" class=\"aligncenter size-medium wp-image-4643\" title=\"1\" src=\"\/tormentas-y-rayos\/wp-content\/uploads\/sites\/12\/2013\/01\/1.jpg\" alt=\"\" width=\"554\" height=\"400\" srcset=\"https:\/\/static-blogs.diariosur.es\/wp-content\/uploads\/sites\/12\/2013\/01\/1.jpg 708w, https:\/\/static-blogs.diariosur.es\/wp-content\/uploads\/sites\/12\/2013\/01\/1-554x400.jpg 554w\" sizes=\"(max-width: 554px) 100vw, 554px\" \/><\/a><\/p>\n<p><a href=\"https:\/\/blogs.diariosur.es\/tormentas-y-rayos\/2013\/01\/17\/atencion-posible-ciclogenesis-explosiva-el-sabado-en-la-peninsula\/2-13\/\" rel=\"attachment wp-att-4644\"><img loading=\"lazy\" class=\"aligncenter size-medium wp-image-4644\" title=\"2\" src=\"\/tormentas-y-rayos\/wp-content\/uploads\/sites\/12\/2013\/01\/2.jpg\" alt=\"\" width=\"571\" height=\"400\" srcset=\"https:\/\/static-blogs.diariosur.es\/wp-content\/uploads\/sites\/12\/2013\/01\/2.jpg 713w, https:\/\/static-blogs.diariosur.es\/wp-content\/uploads\/sites\/12\/2013\/01\/2-572x400.jpg 572w\" sizes=\"(max-width: 571px) 100vw, 571px\" \/><\/a><\/p>\n<p><a href=\"https:\/\/blogs.diariosur.es\/tormentas-y-rayos\/2013\/01\/17\/atencion-posible-ciclogenesis-explosiva-el-sabado-en-la-peninsula\/3-16\/\" rel=\"attachment wp-att-4645\"><img loading=\"lazy\" class=\"aligncenter size-medium wp-image-4645\" title=\"3\" src=\"\/tormentas-y-rayos\/wp-content\/uploads\/sites\/12\/2013\/01\/3.jpg\" alt=\"\" width=\"482\" height=\"400\" srcset=\"https:\/\/static-blogs.diariosur.es\/wp-content\/uploads\/sites\/12\/2013\/01\/3.jpg 734w, https:\/\/static-blogs.diariosur.es\/wp-content\/uploads\/sites\/12\/2013\/01\/3-482x400.jpg 482w\" sizes=\"(max-width: 482px) 100vw, 482px\" \/><\/a><\/p>\n<p><a href=\"https:\/\/blogs.diariosur.es\/tormentas-y-rayos\/2013\/01\/17\/atencion-posible-ciclogenesis-explosiva-el-sabado-en-la-peninsula\/4-7\/\" rel=\"attachment wp-att-4646\"><img loading=\"lazy\" class=\"aligncenter size-medium wp-image-4646\" title=\"4\" src=\"\/tormentas-y-rayos\/wp-content\/uploads\/sites\/12\/2013\/01\/4.jpg\" alt=\"\" width=\"494\" height=\"400\" srcset=\"https:\/\/static-blogs.diariosur.es\/wp-content\/uploads\/sites\/12\/2013\/01\/4.jpg 714w, https:\/\/static-blogs.diariosur.es\/wp-content\/uploads\/sites\/12\/2013\/01\/4-495x400.jpg 495w\" sizes=\"(max-width: 494px) 100vw, 494px\" \/><\/a><\/p>\n<p><a href=\"https:\/\/blogs.diariosur.es\/tormentas-y-rayos\/2013\/01\/17\/atencion-posible-ciclogenesis-explosiva-el-sabado-en-la-peninsula\/5-2\/\" rel=\"attachment wp-att-4647\"><img loading=\"lazy\" class=\"aligncenter size-medium wp-image-4647\" title=\"5\" src=\"\/tormentas-y-rayos\/wp-content\/uploads\/sites\/12\/2013\/01\/5.jpg\" alt=\"\" width=\"492\" height=\"400\" srcset=\"https:\/\/static-blogs.diariosur.es\/wp-content\/uploads\/sites\/12\/2013\/01\/5.jpg 725w, https:\/\/static-blogs.diariosur.es\/wp-content\/uploads\/sites\/12\/2013\/01\/5-492x400.jpg 492w\" sizes=\"(max-width: 492px) 100vw, 492px\" \/><\/a><\/p>\n<p>&nbsp;<\/p>\n<p><strong>Estos dos modelos son muy parecidos, pero hay otros que la ciclog\u00e9nesis la dan en el centro peninsular. Por este motivo la Aemet ha activado la alerta amarilla por lluvias, viento \u00a0y fen\u00f3menos costeros en buena parte de la peninsula. Fuente Aemet<\/strong><\/p>\n<p><a href=\"https:\/\/blogs.diariosur.es\/tormentas-y-rayos\/2013\/01\/17\/atencion-posible-ciclogenesis-explosiva-el-sabado-en-la-peninsula\/7-2\/\" rel=\"attachment wp-att-4648\"><img loading=\"lazy\" class=\"aligncenter size-full wp-image-4648\" title=\"7\" src=\"\/tormentas-y-rayos\/wp-content\/uploads\/sites\/12\" alt=\"\" width=\"608\" height=\"413\" \/><\/a><\/p>\n<p>&nbsp;<\/p>\n<p><a href=\"https:\/\/blogs.diariosur.es\/tormentas-y-rayos\/2013\/01\/17\/atencion-posible-ciclogenesis-explosiva-el-sabado-en-la-peninsula\/attachment\/8\/\" rel=\"attachment wp-att-4649\"><img loading=\"lazy\" class=\"aligncenter size-full wp-image-4649\" title=\"8\" src=\"\/tormentas-y-rayos\/wp-content\/uploads\/sites\/12\" alt=\"\" width=\"588\" height=\"431\" \/><\/a><\/p>\n<p>&nbsp;<\/p>\n<p><strong>En M\u00e1laga de momento es por viento y fen\u00f3menos costeros, pero no me extra\u00f1ar\u00eda que hoy a \u00faltima hora o ma\u00f1ana tambi\u00e9n se active por lluvias. Cuando son las seis y media de la tarde, se activa\u00a0tambi\u00e9n\u00a0la alerta amarilla por lluvias en Ronda, \u00a0Axarquia, Guadalhorce y M\u00e1laga Capital<\/strong><\/p>\n<p><strong>Otro dato a destacar sera la importante bajada de temperatura que tendremos en poco tiempo a 850 hpa (1500 m) os paso estos dos mapas del hirlam, uno previsto a la una de la madrugada del\u00a0s\u00e1bado\u00a0y el otro a la misma hora el domingo.<\/strong><\/p>\n<p><a href=\"https:\/\/blogs.diariosur.es\/tormentas-y-rayos\/2013\/01\/17\/atencion-posible-ciclogenesis-explosiva-el-sabado-en-la-peninsula\/9-3\/\" rel=\"attachment wp-att-4650\"><img loading=\"lazy\" class=\"aligncenter size-medium wp-image-4650\" title=\"9\" src=\"\/tormentas-y-rayos\/wp-content\/uploads\/sites\/12\/2013\/01\/9.jpg\" alt=\"\" width=\"571\" height=\"400\" srcset=\"https:\/\/static-blogs.diariosur.es\/wp-content\/uploads\/sites\/12\/2013\/01\/9.jpg 725w, https:\/\/static-blogs.diariosur.es\/wp-content\/uploads\/sites\/12\/2013\/01\/9-572x400.jpg 572w\" sizes=\"(max-width: 571px) 100vw, 571px\" \/><\/a><\/p>\n<p>&nbsp;<\/p>\n<p><a href=\"https:\/\/blogs.diariosur.es\/tormentas-y-rayos\/2013\/01\/17\/atencion-posible-ciclogenesis-explosiva-el-sabado-en-la-peninsula\/attachment\/10\/\" rel=\"attachment wp-att-4651\"><img loading=\"lazy\" class=\"aligncenter size-medium wp-image-4651\" title=\"10\" src=\"\/tormentas-y-rayos\/wp-content\/uploads\/sites\/12\/2013\/01\/10.jpg\" alt=\"\" width=\"565\" height=\"400\" srcset=\"https:\/\/static-blogs.diariosur.es\/wp-content\/uploads\/sites\/12\/2013\/01\/10.jpg 724w, https:\/\/static-blogs.diariosur.es\/wp-content\/uploads\/sites\/12\/2013\/01\/10-566x400.jpg 566w\" sizes=\"(max-width: 565px) 100vw, 565px\" \/><\/a><\/p>\n<p>&nbsp;<\/p>\n<p><strong>Nuestra amiga ya se puede ver en esta imagen del eumetsat, ahora mismo esta tranquila, pero cuando tome camino para las Costas de Portugal de Galicia ira cogiendo fuerza.\u00a0<\/strong><\/p>\n<p>&nbsp;<\/p>\n<p><a href=\"https:\/\/blogs.diariosur.es\/tormentas-y-rayos\/2013\/01\/17\/atencion-posible-ciclogenesis-explosiva-el-sabado-en-la-peninsula\/borrasca-viernes\/\" rel=\"attachment wp-att-4665\"><img loading=\"lazy\" class=\"aligncenter size-full wp-image-4665\" title=\"borrasca viernes\" src=\"\/tormentas-y-rayos\/wp-content\/uploads\/sites\/12\/2013\/01\/borrasca-viernes.jpg\" alt=\"\" width=\"687\" height=\"471\" srcset=\"https:\/\/static-blogs.diariosur.es\/wp-content\/uploads\/sites\/12\/2013\/01\/borrasca-viernes.jpg 687w, https:\/\/static-blogs.diariosur.es\/wp-content\/uploads\/sites\/12\/2013\/01\/borrasca-viernes-583x400.jpg 583w\" sizes=\"(max-width: 687px) 100vw, 687px\" \/><\/a><\/p>\n<p>&nbsp;<\/p>\n<p><strong>Ma\u00f1ana actualizare el blog para confirmar la ciclog\u00e9nesis explosiva o simplemente ciclog\u00e9nesis. Lo que esta claro, es que el viento y las fuertes lluvias\u00a0ser\u00e1n\u00a0las protagonistas. La Aemet ya da este pronostico para\u00a0Anda lucia\u00a0para el\u00a0s\u00e1bado.<\/strong><\/p>\n<h3><span style=\"color: #ff0000;\"><strong>Fen\u00f3menos Significativos:<\/strong><\/span><\/h3>\n<div>\n<p><span style=\"color: #ff0000;\"><strong>RACHAS DE VIENTO FUERTES EN ZONAS ALTAS Y EL LITORAL.<\/strong><\/span><\/p>\n<p><span style=\"color: #ff0000;\"><strong>PRECIPITACIONES LOCALMENTE FUERTES Y PERSISTENTES EN GRAZALEMA,<\/strong><\/span><br \/>\n<span style=\"color: #ff0000;\"><strong>ESTRECHO Y MITAD ORIENTAL DE LA COMUNIDAD.<\/strong><\/span><\/p>\n<p>&nbsp;<\/p>\n<\/div>\n<div><\/div>\n<h3><span style=\"color: #ff0000;\"><strong>Predicci\u00f3n:<\/strong><\/span><\/h3>\n<div>\n<p><span style=\"color: #ff0000;\"><strong>CIELOS NUBOSOS O MUY NUBOSOS CON PRECIPITACIONES MODERADAS, QUE<\/strong><\/span><br \/>\n<span style=\"color: #ff0000;\"><strong>PUEDEN SER LOCALMENTE FUERTES Y PERSISTENTES EN PUNTOS DE<\/strong><\/span><br \/>\n<span style=\"color: #ff0000;\"><strong>GRAZALEMA, ESTRECHO Y MITAD ORIENTAL, SALVO EN EL EXTREMO ORIENTAL<\/strong><\/span><br \/>\n<span style=\"color: #ff0000;\"><strong>Y MELILLA, DONDE HABRA INTERVALOS NUBOSOS CON PRECIPITACIONES<\/strong><\/span><br \/>\n<span style=\"color: #ff0000;\"><strong>DEBILES. A PARTIR DE LA TARDE IRAN ABRIENDOSE CLAROS DE OESTE A<\/strong><\/span><br \/>\n<span style=\"color: #ff0000;\"><strong>ESTE. LA COTA DE NIEVE IRA BAJANDO HASTA LOS 1000 METROS AL FINAL<\/strong><\/span><br \/>\n<span style=\"color: #ff0000;\"><strong>DEL DIA. TEMPERATURAS EN LIGERO O MODERADO DESCENSO. VIENTOS DEL<\/strong><\/span><br \/>\n<span style=\"color: #ff0000;\"><strong>OESTE MODERADOS EN EL INTERIOR, CON RACHAS DE FUERTES EN ZONAS<\/strong><\/span><br \/>\n<span style=\"color: #ff0000;\"><strong>ALTAS. FUERTES, EN EL LITORAL, CON RACHAS DE MUY FUERTES.<\/strong><\/span><\/p>\n<p><strong>Ahora hablemos un poco del dia de ayer y de hoy.<\/strong><\/p>\n<p><strong>Lo mas destacado que tuvimos ayer, fue un impresionante amanecer con lenticularis. Yo lo pude fotografiar llegando al curro.<\/strong><\/p>\n<p><a href=\"https:\/\/blogs.diariosur.es\/tormentas-y-rayos\/2013\/01\/17\/atencion-posible-ciclogenesis-explosiva-el-sabado-en-la-peninsula\/003-12\/\" rel=\"attachment wp-att-4653\"><img loading=\"lazy\" class=\"aligncenter size-full wp-image-4653\" title=\"003\" src=\"\/tormentas-y-rayos\/wp-content\/uploads\/sites\/12\/2013\/01\/003.jpg\" alt=\"\" width=\"670\" height=\"447\" srcset=\"https:\/\/static-blogs.diariosur.es\/wp-content\/uploads\/sites\/12\/2013\/01\/003.jpg 670w, https:\/\/static-blogs.diariosur.es\/wp-content\/uploads\/sites\/12\/2013\/01\/003-600x400.jpg 600w\" sizes=\"(max-width: 670px) 100vw, 670px\" \/><\/a><\/p>\n<\/div>\n<p><strong>Pero donde mas bonito se veia era desde la playa, os paso unas cuantas fotos de mis amigos.<\/strong><\/p>\n<p>&nbsp;<\/p>\n<p><a href=\"https:\/\/blogs.diariosur.es\/tormentas-y-rayos\/2013\/01\/17\/atencion-posible-ciclogenesis-explosiva-el-sabado-en-la-peninsula\/paqui-carnero-4\/\" rel=\"attachment wp-att-4654\"><img loading=\"lazy\" class=\"aligncenter size-medium wp-image-4654\" title=\"paqui carnero\" src=\"\/tormentas-y-rayos\/wp-content\/uploads\/sites\/12\/2013\/01\/paqui-carnero.jpg\" alt=\"\" width=\"600\" height=\"340\" srcset=\"https:\/\/static-blogs.diariosur.es\/wp-content\/uploads\/sites\/12\/2013\/01\/paqui-carnero.jpg 960w, https:\/\/static-blogs.diariosur.es\/wp-content\/uploads\/sites\/12\/2013\/01\/paqui-carnero-640x363.jpg 640w, https:\/\/static-blogs.diariosur.es\/wp-content\/uploads\/sites\/12\/2013\/01\/paqui-carnero-768x436.jpg 768w\" sizes=\"(max-width: 600px) 100vw, 600px\" \/><\/a><\/p>\n<p><strong>Mi amigo Antonio Portillo desde el Espig\u00f3n de la Termica.<\/strong><\/p>\n<p><a href=\"https:\/\/blogs.diariosur.es\/tormentas-y-rayos\/2013\/01\/17\/atencion-posible-ciclogenesis-explosiva-el-sabado-en-la-peninsula\/antonio-portillo-11\/\" rel=\"attachment wp-att-4655\"><img loading=\"lazy\" class=\"aligncenter size-medium wp-image-4655\" title=\"antonio portillo\" src=\"\/tormentas-y-rayos\/wp-content\/uploads\/sites\/12\/2013\/01\/antonio-portillo4.jpg\" alt=\"\" width=\"600\" height=\"400\" srcset=\"https:\/\/static-blogs.diariosur.es\/wp-content\/uploads\/sites\/12\/2013\/01\/antonio-portillo4.jpg 1024w, https:\/\/static-blogs.diariosur.es\/wp-content\/uploads\/sites\/12\/2013\/01\/antonio-portillo4-600x400.jpg 600w, https:\/\/static-blogs.diariosur.es\/wp-content\/uploads\/sites\/12\/2013\/01\/antonio-portillo4-768x512.jpg 768w\" sizes=\"(max-width: 600px) 100vw, 600px\" \/><\/a><\/p>\n<p><strong>Miguel Angel \u00c1vila desde la zona de la Diputaci\u00f3n.<\/strong><\/p>\n<p><a href=\"https:\/\/blogs.diariosur.es\/tormentas-y-rayos\/2013\/01\/17\/atencion-posible-ciclogenesis-explosiva-el-sabado-en-la-peninsula\/img_26033-2\/\" rel=\"attachment wp-att-4657\"><img loading=\"lazy\" class=\"aligncenter size-full wp-image-4657\" title=\"IMG_26033\" src=\"\/tormentas-y-rayos\/wp-content\/uploads\/sites\/12\/2013\/01\/IMG_260331.jpg\" alt=\"\" width=\"600\" height=\"450\" srcset=\"https:\/\/static-blogs.diariosur.es\/wp-content\/uploads\/sites\/12\/2013\/01\/IMG_260331.jpg 600w, https:\/\/static-blogs.diariosur.es\/wp-content\/uploads\/sites\/12\/2013\/01\/IMG_260331-533x400.jpg 533w\" sizes=\"(max-width: 600px) 100vw, 600px\" \/><\/a><\/p>\n<p><strong>Pedro Toro desde el mismo sitio que Paqui Carnero.<\/strong><\/p>\n<p><a href=\"https:\/\/blogs.diariosur.es\/tormentas-y-rayos\/2013\/01\/17\/atencion-posible-ciclogenesis-explosiva-el-sabado-en-la-peninsula\/416586_591731217510481_898962783_o\/\" rel=\"attachment wp-att-4658\"><img loading=\"lazy\" class=\"aligncenter size-full wp-image-4658\" title=\"416586_591731217510481_898962783_o\" src=\"\/tormentas-y-rayos\/wp-content\/uploads\/sites\/12\/2013\/01\/416586_591731217510481_898962783_o.jpg\" alt=\"\" width=\"600\" height=\"398\" \/><\/a><\/p>\n<p><strong>Y por ultimo mi amigo cazatormentas Antonio Perez Osuna desde el Aeropuerto.<\/strong><\/p>\n<p><a href=\"https:\/\/blogs.diariosur.es\/tormentas-y-rayos\/2013\/01\/17\/atencion-posible-ciclogenesis-explosiva-el-sabado-en-la-peninsula\/antonio-perez-osuna\/\" rel=\"attachment wp-att-4659\"><img loading=\"lazy\" class=\"aligncenter size-medium wp-image-4659\" title=\"antonio perez osuna\" src=\"\/tormentas-y-rayos\/wp-content\/uploads\/sites\/12\/2013\/01\/antonio-perez-osuna.jpg\" alt=\"\" width=\"531\" height=\"400\" srcset=\"https:\/\/static-blogs.diariosur.es\/wp-content\/uploads\/sites\/12\/2013\/01\/antonio-perez-osuna.jpg 2048w, https:\/\/static-blogs.diariosur.es\/wp-content\/uploads\/sites\/12\/2013\/01\/antonio-perez-osuna-531x400.jpg 531w, https:\/\/static-blogs.diariosur.es\/wp-content\/uploads\/sites\/12\/2013\/01\/antonio-perez-osuna-768x578.jpg 768w\" sizes=\"(max-width: 531px) 100vw, 531px\" \/><\/a><\/p>\n<p><strong>Hoy jueves lo mas destacado ha sido la temperatura\u00a0minina\u00a0que\u00a0ten\u00edamos\u00a0a las siete de la ma\u00f1ana, concretamente 16 grados. Ahora cuando son las tres y media de la tarde registro 18,9 grados. Y lo mas destacado es el viento de terral que sopla entre moderado y fuerte y\u00a0alg\u00fan\u00a0lenticular que adornan los cielos malague\u00f1os.\u00a0<\/strong><\/p>\n<p><a href=\"https:\/\/blogs.diariosur.es\/tormentas-y-rayos\/2013\/01\/17\/atencion-posible-ciclogenesis-explosiva-el-sabado-en-la-peninsula\/zzz\/\" rel=\"attachment wp-att-4660\"><img loading=\"lazy\" class=\"aligncenter size-medium wp-image-4660\" title=\"zzz\" src=\"\/tormentas-y-rayos\/wp-content\/uploads\/sites\/12\/2013\/01\/zzz.jpg\" alt=\"\" width=\"600\" height=\"259\" srcset=\"https:\/\/static-blogs.diariosur.es\/wp-content\/uploads\/sites\/12\/2013\/01\/zzz.jpg 719w, https:\/\/static-blogs.diariosur.es\/wp-content\/uploads\/sites\/12\/2013\/01\/zzz-640x277.jpg 640w\" sizes=\"(max-width: 600px) 100vw, 600px\" \/><\/a><\/p>\n<p><a href=\"https:\/\/blogs.diariosur.es\/tormentas-y-rayos\/2013\/01\/17\/atencion-posible-ciclogenesis-explosiva-el-sabado-en-la-peninsula\/olympus-digital-camera-1039\/\" rel=\"attachment wp-att-4661\"><img loading=\"lazy\" class=\"aligncenter size-full wp-image-4661\" title=\"OLYMPUS DIGITAL CAMERA\" src=\"\/tormentas-y-rayos\/wp-content\/uploads\/sites\/12\/2013\/01\/002.jpg\" alt=\"\" width=\"670\" height=\"503\" srcset=\"https:\/\/static-blogs.diariosur.es\/wp-content\/uploads\/sites\/12\/2013\/01\/002.jpg 670w, https:\/\/static-blogs.diariosur.es\/wp-content\/uploads\/sites\/12\/2013\/01\/002-533x400.jpg 533w\" sizes=\"(max-width: 670px) 100vw, 670px\" \/><\/a><\/p>\n<p><strong>Poco mas que contar amigos, ma\u00f1ana nos vemos.\u00a0<\/strong><\/p>\n","protected":false},"excerpt":{"rendered":"<p>LA CICLOG\u00c9NESIS YA SE HA PRODUCIDO ACABO DE ABRIR UN \u00a0NUEVO POST. OS PASO EL ENLACE\u00a019-1-2013 &nbsp; &nbsp; ATENCI\u00d3N NUEVA ACTUALIZACI\u00d3N , PINCHAR EN EL ENLACE. OS DOY LA\u00a0EXPLICACI\u00d3N\u00a0DE COMO SE FORMA. Actualizaci\u00f3n 18 de Enero: Buenos dias amigos de la meteo, son las seis de la ma\u00f1ana y registro unos agradables 17 \u00a0grados. Los [&hellip;]<\/p>\n","protected":false},"author":16,"featured_media":4647,"comment_status":"open","ping_status":"closed","sticky":false,"template":"","format":"standard","meta":[],"categories":[2],"tags":[63,91,252,395,769,877,1059],"_links":{"self":[{"href":"https:\/\/blogs.diariosur.es\/tormentas-y-rayos\/wp-json\/wp\/v2\/posts\/4642"}],"collection":[{"href":"https:\/\/blogs.diariosur.es\/tormentas-y-rayos\/wp-json\/wp\/v2\/posts"}],"about":[{"href":"https:\/\/blogs.diariosur.es\/tormentas-y-rayos\/wp-json\/wp\/v2\/types\/post"}],"author":[{"embeddable":true,"href":"https:\/\/blogs.diariosur.es\/tormentas-y-rayos\/wp-json\/wp\/v2\/users\/16"}],"replies":[{"embeddable":true,"href":"https:\/\/blogs.diariosur.es\/tormentas-y-rayos\/wp-json\/wp\/v2\/comments?post=4642"}],"version-history":[{"count":0,"href":"https:\/\/blogs.diariosur.es\/tormentas-y-rayos\/wp-json\/wp\/v2\/posts\/4642\/revisions"}],"wp:featuredmedia":[{"embeddable":true,"href":"https:\/\/blogs.diariosur.es\/tormentas-y-rayos\/wp-json\/wp\/v2\/media\/4647"}],"wp:attachment":[{"href":"https:\/\/blogs.diariosur.es\/tormentas-y-rayos\/wp-json\/wp\/v2\/media?parent=4642"}],"wp:term":[{"taxonomy":"category","embeddable":true,"href":"https:\/\/blogs.diariosur.es\/tormentas-y-rayos\/wp-json\/wp\/v2\/categories?post=4642"},{"taxonomy":"post_tag","embeddable":true,"href":"https:\/\/blogs.diariosur.es\/tormentas-y-rayos\/wp-json\/wp\/v2\/tags?post=4642"}],"curies":[{"name":"wp","href":"https:\/\/api.w.org\/{rel}","templated":true}]}}