{"id":46420,"date":"2025-10-02T08:14:20","date_gmt":"2025-10-02T06:14:20","guid":{"rendered":"https:\/\/blogs.diariosur.es\/tormentas-y-rayos\/?p=46420"},"modified":"2025-10-03T11:34:29","modified_gmt":"2025-10-03T09:34:29","slug":"san-francisco-de-asis-y-san-quintin-nos-traeran-un-poquito-de-terralin","status":"publish","type":"post","link":"https:\/\/blogs.diariosur.es\/tormentas-y-rayos\/2025\/10\/02\/san-francisco-de-asis-y-san-quintin-nos-traeran-un-poquito-de-terralin\/","title":{"rendered":"San Francisco de As\u00eds y San Quint\u00edn, nos traer\u00e1n un poquito de terral\u00edn"},"content":{"rendered":"<p data-pm-slice=\"1 1 []\"><a href=\"https:\/\/static-blogs.diariosur.es\/wp-content\/uploads\/sites\/12\/2025\/09\/72999690_10217709542349272_7908844429161529344_n.jpg\"><img loading=\"lazy\" class=\"aligncenter size-thumbnail wp-image-46373\" src=\"https:\/\/static-blogs.diariosur.es\/wp-content\/uploads\/sites\/12\/2025\/09\/72999690_10217709542349272_7908844429161529344_n-150x150.jpg\" alt=\"\" width=\"150\" height=\"150\" \/><\/a><\/p>\n<p data-pm-slice=\"1 1 []\">Buenos d\u00edas, amigos de la meteo. Cuando son las siete de la ma\u00f1ana en M\u00e1laga capital, mi estaci\u00f3n registra 19,9 \u00baC, los cielos est\u00e1n poco nubosos y el viento sopla muy flojo de direcci\u00f3n variable en mi zona. Hoy se espera una temperatura m\u00e1xima en la capital de 25 \u00baC y 26 \u00baC seg\u00fan zonas. Esta pasada madrugada ha sido tropical en la estaci\u00f3n de la Aemet del Puerto, no ha bajado de 20 \u00baC.<\/p>\n<p>El lunes pasado, como coment\u00e9 en el blog, se registraron algunas precipitaciones en algunos portales; en la mayor\u00eda, no. A mi amigo Adri\u00e1n Valencia le sorprendi\u00f3 este chubasco en su pueblo Archidona; precioso el video, amigo. Gracias por compartirlo.<\/p>\n<p>&nbsp;<\/p>\n<p>&nbsp;<\/p>\n<p>&nbsp;<\/p>\n<p><iframe loading=\"lazy\" title=\"Rainbow &amp; Intense Shower | Arcoiris y chubasco intenso al atardecer. Archidona (29-09-2025)\" width=\"500\" height=\"281\" src=\"https:\/\/www.youtube.com\/embed\/LjjfGnPbUw0?feature=oembed\" frameborder=\"0\" allow=\"accelerometer; autoplay; clipboard-write; encrypted-media; gyroscope; picture-in-picture; web-share\" referrerpolicy=\"strict-origin-when-cross-origin\" allowfullscreen><\/iframe><\/p>\n<p>&nbsp;<\/p>\n<p>&nbsp;<\/p>\n<p data-pm-slice=\"1 1 []\">En la Sierra de Mijas tambi\u00e9n cay\u00f3 un chubasco fuerte; en Hidrosur se contabiliz\u00f3 16 mm. Mis amigas Rosario Jim\u00e9nez y su hija Jessica quieren compartir este precioso video de la Chorrera de Osunillas en Mijas.<\/p>\n<p>&nbsp;<\/p>\n<p><iframe loading=\"lazy\" title=\"Chorrera Osunillas Mijas. Autoras Rosario Jim\u00e9nez y Jessica Jim\u00e9nez  madre e hija.  \" width=\"500\" height=\"281\" src=\"https:\/\/www.youtube.com\/embed\/Xye7h_zfD-M?feature=oembed\" frameborder=\"0\" allow=\"accelerometer; autoplay; clipboard-write; encrypted-media; gyroscope; picture-in-picture; web-share\" referrerpolicy=\"strict-origin-when-cross-origin\" allowfullscreen><\/iframe><\/p>\n<p>&nbsp;<\/p>\n<h3><span style=\"color: #ff0000;\">San Francisco de As\u00eds y San Quint\u00edn, nos traer\u00e1n un poquito de terral\u00edn<\/span><\/h3>\n<p data-pm-slice=\"1 1 []\">A partir de ma\u00f1ana viernes subir\u00e1n las temperaturas m\u00e1ximas y m\u00ednimas en toda la provincia malague\u00f1a.<\/p>\n<p data-pm-slice=\"1 1 []\">El s\u00e1bado d\u00eda de los Pacos y las Paquis tendremos terral en algunas zonas habituales de la provincia malague\u00f1a; las m\u00e1ximas rondar\u00e1n entre los 31 \u00baC y 34 \u00baC, d\u00e1ndose en el Valle del Guadalhorce las m\u00e1ximas m\u00e1s altas. En la capital, el terral\u00edn ir\u00e1 por barrios; las temperaturas rondar\u00e1n entre los 29 \u00baC y 32 \u00baC.\u00a0 No espero rachas fuertes de viento de poniente y terral.<\/p>\n<p data-pm-slice=\"1 1 []\">El domingo el viento soplar\u00e1 de levante flojo; las temperaturas en toda la provincia malague\u00f1a estar\u00e1n por encima de la media.<\/p>\n<p data-pm-slice=\"1 1 []\">De momento no se ven precipitaciones este pr\u00f3ximo fin de semana, ni primeros d\u00edas de la que viene. Seguiremos con el vero\u00f1o.<\/p>\n<p data-pm-slice=\"1 1 []\">Os pongo las temperaturas m\u00e1ximas y m\u00ednimas que prev\u00e9 la Aemet para el viernes, s\u00e1bado y domingo<\/p>\n<p>&nbsp;<\/p>\n<p><span style=\"color: #0000ff;\"><strong>VIERNES<\/strong><\/span><\/p>\n<p><a href=\"https:\/\/static-blogs.diariosur.es\/wp-content\/uploads\/sites\/12\/2025\/10\/viernes.jpg\"><img loading=\"lazy\" class=\"aligncenter size-full wp-image-46424\" src=\"https:\/\/static-blogs.diariosur.es\/wp-content\/uploads\/sites\/12\/2025\/10\/viernes.jpg\" alt=\"\" width=\"1042\" height=\"820\" srcset=\"https:\/\/static-blogs.diariosur.es\/wp-content\/uploads\/sites\/12\/2025\/10\/viernes.jpg 1042w, https:\/\/static-blogs.diariosur.es\/wp-content\/uploads\/sites\/12\/2025\/10\/viernes-508x400.jpg 508w, https:\/\/static-blogs.diariosur.es\/wp-content\/uploads\/sites\/12\/2025\/10\/viernes-518x408.jpg 518w, https:\/\/static-blogs.diariosur.es\/wp-content\/uploads\/sites\/12\/2025\/10\/viernes-768x604.jpg 768w\" sizes=\"(max-width: 1042px) 100vw, 1042px\" \/><\/a><\/p>\n<p><span style=\"color: #0000ff;\"><strong>S\u00c1BADO<\/strong><\/span><\/p>\n<p><a href=\"https:\/\/static-blogs.diariosur.es\/wp-content\/uploads\/sites\/12\/2025\/10\/sabado.jpg\"><img loading=\"lazy\" class=\"aligncenter size-full wp-image-46425\" src=\"https:\/\/static-blogs.diariosur.es\/wp-content\/uploads\/sites\/12\/2025\/10\/sabado.jpg\" alt=\"\" width=\"1041\" height=\"811\" srcset=\"https:\/\/static-blogs.diariosur.es\/wp-content\/uploads\/sites\/12\/2025\/10\/sabado.jpg 1041w, https:\/\/static-blogs.diariosur.es\/wp-content\/uploads\/sites\/12\/2025\/10\/sabado-513x400.jpg 513w, https:\/\/static-blogs.diariosur.es\/wp-content\/uploads\/sites\/12\/2025\/10\/sabado-524x408.jpg 524w, https:\/\/static-blogs.diariosur.es\/wp-content\/uploads\/sites\/12\/2025\/10\/sabado-768x598.jpg 768w\" sizes=\"(max-width: 1041px) 100vw, 1041px\" \/><\/a><\/p>\n<p><span style=\"color: #0000ff;\"><strong>DOMINGO<\/strong><\/span><\/p>\n<p><a href=\"https:\/\/static-blogs.diariosur.es\/wp-content\/uploads\/sites\/12\/2025\/10\/domingo.jpg\"><img loading=\"lazy\" class=\"aligncenter size-full wp-image-46426\" src=\"https:\/\/static-blogs.diariosur.es\/wp-content\/uploads\/sites\/12\/2025\/10\/domingo.jpg\" alt=\"\" width=\"1033\" height=\"814\" srcset=\"https:\/\/static-blogs.diariosur.es\/wp-content\/uploads\/sites\/12\/2025\/10\/domingo.jpg 1033w, https:\/\/static-blogs.diariosur.es\/wp-content\/uploads\/sites\/12\/2025\/10\/domingo-508x400.jpg 508w, https:\/\/static-blogs.diariosur.es\/wp-content\/uploads\/sites\/12\/2025\/10\/domingo-518x408.jpg 518w, https:\/\/static-blogs.diariosur.es\/wp-content\/uploads\/sites\/12\/2025\/10\/domingo-768x605.jpg 768w\" sizes=\"(max-width: 1033px) 100vw, 1033px\" \/><\/a><\/p>\n","protected":false},"excerpt":{"rendered":"<p>Buenos d\u00edas, amigos de la meteo. Cuando son las siete de la ma\u00f1ana en M\u00e1laga capital, mi estaci\u00f3n registra 19,9 \u00baC, los cielos est\u00e1n poco nubosos y el viento sopla muy flojo de direcci\u00f3n variable en mi zona. Hoy se espera una temperatura m\u00e1xima en la capital de 25 \u00baC y 26 \u00baC seg\u00fan zonas. [&hellip;]<\/p>\n","protected":false},"author":16,"featured_media":46427,"comment_status":"open","ping_status":"open","sticky":false,"template":"","format":"standard","meta":[],"categories":[2],"tags":[358,587,800,975],"_links":{"self":[{"href":"https:\/\/blogs.diariosur.es\/tormentas-y-rayos\/wp-json\/wp\/v2\/posts\/46420"}],"collection":[{"href":"https:\/\/blogs.diariosur.es\/tormentas-y-rayos\/wp-json\/wp\/v2\/posts"}],"about":[{"href":"https:\/\/blogs.diariosur.es\/tormentas-y-rayos\/wp-json\/wp\/v2\/types\/post"}],"author":[{"embeddable":true,"href":"https:\/\/blogs.diariosur.es\/tormentas-y-rayos\/wp-json\/wp\/v2\/users\/16"}],"replies":[{"embeddable":true,"href":"https:\/\/blogs.diariosur.es\/tormentas-y-rayos\/wp-json\/wp\/v2\/comments?post=46420"}],"version-history":[{"count":4,"href":"https:\/\/blogs.diariosur.es\/tormentas-y-rayos\/wp-json\/wp\/v2\/posts\/46420\/revisions"}],"predecessor-version":[{"id":46445,"href":"https:\/\/blogs.diariosur.es\/tormentas-y-rayos\/wp-json\/wp\/v2\/posts\/46420\/revisions\/46445"}],"wp:featuredmedia":[{"embeddable":true,"href":"https:\/\/blogs.diariosur.es\/tormentas-y-rayos\/wp-json\/wp\/v2\/media\/46427"}],"wp:attachment":[{"href":"https:\/\/blogs.diariosur.es\/tormentas-y-rayos\/wp-json\/wp\/v2\/media?parent=46420"}],"wp:term":[{"taxonomy":"category","embeddable":true,"href":"https:\/\/blogs.diariosur.es\/tormentas-y-rayos\/wp-json\/wp\/v2\/categories?post=46420"},{"taxonomy":"post_tag","embeddable":true,"href":"https:\/\/blogs.diariosur.es\/tormentas-y-rayos\/wp-json\/wp\/v2\/tags?post=46420"}],"curies":[{"name":"wp","href":"https:\/\/api.w.org\/{rel}","templated":true}]}}