{"id":46469,"date":"2025-10-04T08:11:36","date_gmt":"2025-10-04T06:11:36","guid":{"rendered":"https:\/\/blogs.diariosur.es\/tormentas-y-rayos\/?p=46469"},"modified":"2025-10-04T08:11:36","modified_gmt":"2025-10-04T06:11:36","slug":"tendremos-calor-de-agosto-en-malaga-capital-esta-noche-y-proxima-madrugada-avance-prediccion-lunes","status":"publish","type":"post","link":"https:\/\/blogs.diariosur.es\/tormentas-y-rayos\/2025\/10\/04\/tendremos-calor-de-agosto-en-malaga-capital-esta-noche-y-proxima-madrugada-avance-prediccion-lunes\/","title":{"rendered":"\u00bfTendremos calor de agosto en M\u00e1laga capital esta noche y pr\u00f3xima madrugada? Avance predicci\u00f3n lunes"},"content":{"rendered":"<p data-pm-slice=\"1 1 []\"><a href=\"https:\/\/static-blogs.diariosur.es\/wp-content\/uploads\/sites\/12\/2025\/09\/72999690_10217709542349272_7908844429161529344_n.jpg\"><img loading=\"lazy\" class=\"aligncenter size-thumbnail wp-image-46373\" src=\"https:\/\/static-blogs.diariosur.es\/wp-content\/uploads\/sites\/12\/2025\/09\/72999690_10217709542349272_7908844429161529344_n-150x150.jpg\" alt=\"\" width=\"150\" height=\"150\" \/><\/a><\/p>\n<p data-pm-slice=\"1 1 []\">Buenos d\u00edas, amigos de la meteo. Cuando son las siete de la ma\u00f1ana en M\u00e1laga capital, mi estaci\u00f3n registra 23 \u00b0C, los cielos est\u00e1n poco nubosos y el viento sopla flojo de componente oeste. La temperatura del agua del mar rondar\u00e1 hoy los 20,5 \u00baC y 21,5 \u00baC, seg\u00fan zonas de la costa malague\u00f1a.<\/p>\n<p>Ayer viernes la temperatura m\u00e1xima en M\u00e1laga capital se registr\u00f3 en el Centro Meteorol\u00f3gico de la Aemet con 27,7 \u00b0C; destacar estas m\u00e1ximas en la provincia, verano puro.<\/p>\n<p>\u00c1lora 34 \u00b0C<\/p>\n<p>Ronda 30,3 \u00b0C.<\/p>\n<p>Antequera 30,1 \u00b0C<\/p>\n<p>Alpande\u00edre 31,1 \u00b0C<\/p>\n<p>Manilva 31,5 \u00b0C<\/p>\n<p>Fuente de Piedra 31,8<\/p>\n<h3><span style=\"color: #ff0000;\"><strong>\u00bfTendremos calor de agosto en M\u00e1laga capital esta noche y pr\u00f3xima madrugada?<\/strong><\/span><\/h3>\n<p>Hoy s\u00e1bado el terral ir\u00e1 por barrios en la capital, (poniente aterralado) pero a \u00faltima hora de la noche y durante la madrugada s\u00ed espero que el terral llegue a todos los portales. En el Valle del Guadalhorce s\u00ed notar\u00e1n el terral desde primeras horas de la ma\u00f1ana, es probable que \u00c1lora ronde los 34 \u00baC y 35 \u00baC.\u00a0 A la pregunta que hago, es probable que la temperatura ronde los 24\u00b0C y 25 \u00b0C durante toda la madrugada. Tendremos una noche y madrugada tropical.<\/p>\n<p data-pm-slice=\"1 1 []\"><strong>Ma\u00f1ana domingo\u00a0<\/strong>antes del mediod\u00eda entrar\u00e1 sur sureste en M\u00e1laga capital, empezando por la costa de la Axarqu\u00eda. Al Valle del Guadalhorce y costa m\u00e1s occidental malague\u00f1a llegar\u00e1 m\u00e1s tarde. A \u00faltima hora de la tarde noche, el viento de levante soplar\u00e1 en toda la costa.<\/p>\n<p data-pm-slice=\"1 1 []\"><strong>El lunes<\/strong> espero rachas de moderadas a fuertes de levante en las comarcas de Ronda y Antequera; en la costa ser\u00e1n moderadas. Hay probabilidad de que en zonas de monta\u00f1a cercanas a la costa puedan caer algunas gotas, debido a las nubes de retenci\u00f3n que trae el levante.<\/p>\n<p>&nbsp;<\/p>\n<p>&nbsp;<\/p>\n<p>Os dejo con esta bonita foto de mi amigo Crist\u00f3bal Gambero.<\/p>\n<p>&nbsp;<\/p>\n<p><a href=\"https:\/\/static-blogs.diariosur.es\/wp-content\/uploads\/sites\/12\/2025\/10\/556260981_24572673665688296_278409281271405500_n-e1759555320635.jpg\"><img loading=\"lazy\" class=\"aligncenter size-full wp-image-46475\" src=\"https:\/\/static-blogs.diariosur.es\/wp-content\/uploads\/sites\/12\/2025\/10\/556260981_24572673665688296_278409281271405500_n-e1759555320635.jpg\" alt=\"\" width=\"1000\" height=\"751\" \/><\/a><\/p>\n","protected":false},"excerpt":{"rendered":"<p>Buenos d\u00edas, amigos de la meteo. Cuando son las siete de la ma\u00f1ana en M\u00e1laga capital, mi estaci\u00f3n registra 23 \u00b0C, los cielos est\u00e1n poco nubosos y el viento sopla flojo de componente oeste. La temperatura del agua del mar rondar\u00e1 hoy los 20,5 \u00baC y 21,5 \u00baC, seg\u00fan zonas de la costa malague\u00f1a. Ayer [&hellip;]<\/p>\n","protected":false},"author":16,"featured_media":46475,"comment_status":"open","ping_status":"open","sticky":false,"template":"","format":"standard","meta":[],"categories":[2],"tags":[358,587,800,975],"_links":{"self":[{"href":"https:\/\/blogs.diariosur.es\/tormentas-y-rayos\/wp-json\/wp\/v2\/posts\/46469"}],"collection":[{"href":"https:\/\/blogs.diariosur.es\/tormentas-y-rayos\/wp-json\/wp\/v2\/posts"}],"about":[{"href":"https:\/\/blogs.diariosur.es\/tormentas-y-rayos\/wp-json\/wp\/v2\/types\/post"}],"author":[{"embeddable":true,"href":"https:\/\/blogs.diariosur.es\/tormentas-y-rayos\/wp-json\/wp\/v2\/users\/16"}],"replies":[{"embeddable":true,"href":"https:\/\/blogs.diariosur.es\/tormentas-y-rayos\/wp-json\/wp\/v2\/comments?post=46469"}],"version-history":[{"count":7,"href":"https:\/\/blogs.diariosur.es\/tormentas-y-rayos\/wp-json\/wp\/v2\/posts\/46469\/revisions"}],"predecessor-version":[{"id":46477,"href":"https:\/\/blogs.diariosur.es\/tormentas-y-rayos\/wp-json\/wp\/v2\/posts\/46469\/revisions\/46477"}],"wp:featuredmedia":[{"embeddable":true,"href":"https:\/\/blogs.diariosur.es\/tormentas-y-rayos\/wp-json\/wp\/v2\/media\/46475"}],"wp:attachment":[{"href":"https:\/\/blogs.diariosur.es\/tormentas-y-rayos\/wp-json\/wp\/v2\/media?parent=46469"}],"wp:term":[{"taxonomy":"category","embeddable":true,"href":"https:\/\/blogs.diariosur.es\/tormentas-y-rayos\/wp-json\/wp\/v2\/categories?post=46469"},{"taxonomy":"post_tag","embeddable":true,"href":"https:\/\/blogs.diariosur.es\/tormentas-y-rayos\/wp-json\/wp\/v2\/tags?post=46469"}],"curies":[{"name":"wp","href":"https:\/\/api.w.org\/{rel}","templated":true}]}}