{"id":46547,"date":"2025-10-05T07:56:24","date_gmt":"2025-10-05T05:56:24","guid":{"rendered":"https:\/\/blogs.diariosur.es\/tormentas-y-rayos\/?p=46547"},"modified":"2025-10-05T07:56:24","modified_gmt":"2025-10-05T05:56:24","slug":"noche-torrida-y-tropical-en-la-capital-la-provincia-de-malaga-registra-las-temperaturas-mas-altas-de-espana","status":"publish","type":"post","link":"https:\/\/blogs.diariosur.es\/tormentas-y-rayos\/2025\/10\/05\/noche-torrida-y-tropical-en-la-capital-la-provincia-de-malaga-registra-las-temperaturas-mas-altas-de-espana\/","title":{"rendered":"Noche t\u00f3rrida y tropical en la capital. La provincia de M\u00e1laga registra las temperaturas m\u00e1s altas de Espa\u00f1a."},"content":{"rendered":"<p data-pm-slice=\"1 1 []\"><a href=\"https:\/\/static-blogs.diariosur.es\/wp-content\/uploads\/sites\/12\/2025\/09\/72999690_10217709542349272_7908844429161529344_n.jpg\"><img loading=\"lazy\" class=\"aligncenter size-thumbnail wp-image-46373\" src=\"https:\/\/static-blogs.diariosur.es\/wp-content\/uploads\/sites\/12\/2025\/09\/72999690_10217709542349272_7908844429161529344_n-150x150.jpg\" alt=\"\" width=\"150\" height=\"150\" \/><\/a><\/p>\n<p data-pm-slice=\"1 1 []\">Buenos d\u00edas, amigos de la meteo. Cuando son las siete de la ma\u00f1ana en M\u00e1laga capital, mi estaci\u00f3n registra 24,1 \u00baC, el cielo est\u00e1 despejado y el viento sopla de terral de oto\u00f1o. Durante toda la madrugada mi estaci\u00f3n no ha bajado de 25 \u00baC.<\/p>\n<p data-pm-slice=\"1 1 []\">Como os coment\u00e9 ayer: antes del mediod\u00eda entrar\u00e1 sur sureste en M\u00e1laga capital, empezando por la costa de la Axarqu\u00eda. Al Valle del Guadalhorce y costa m\u00e1s occidental malague\u00f1a llegar\u00e1 m\u00e1s tarde. A \u00faltima hora de la tarde-noche, el viento de levante soplar\u00e1 en toda la costa.<\/p>\n<p>&nbsp;<\/p>\n<p data-pm-slice=\"1 1 []\">Os paso la temperatura que ten\u00edamos ayer a las 23:54 de la noche; bestial esos 28 \u00baC en la zona de Comisar\u00eda y Barbarela cuando entro el terral de oto\u00f1o. Al final del post, os pongo las m\u00e1ximas de ayer.<\/p>\n<p>&nbsp;<\/p>\n<p><a href=\"https:\/\/static-blogs.diariosur.es\/wp-content\/uploads\/sites\/12\/2025\/10\/558381123_10234658479502108_3027623723838550099_n-e1759639540519.jpg\"><img loading=\"lazy\" class=\"aligncenter size-full wp-image-46548\" src=\"https:\/\/static-blogs.diariosur.es\/wp-content\/uploads\/sites\/12\/2025\/10\/558381123_10234658479502108_3027623723838550099_n-e1759639540519.jpg\" alt=\"\" width=\"1000\" height=\"750\" \/><\/a><\/p>\n<p data-pm-slice=\"1 1 []\">Fijaros en la gr\u00e1fica de la estaci\u00f3n de la Aemet del Puerto y Centro Meteorol\u00f3gico de esta pasada madrugada. En el Puerto ha sido t\u00f3rrida, en el Centro Meteorol\u00f3gico entre t\u00f3rrida y tropical, en el Aeropuerto tropical<\/p>\n<p>&nbsp;<\/p>\n<p><a href=\"https:\/\/static-blogs.diariosur.es\/wp-content\/uploads\/sites\/12\/2025\/10\/puerto-e1759639985773.jpg\"><img loading=\"lazy\" class=\"aligncenter size-full wp-image-46549\" src=\"https:\/\/static-blogs.diariosur.es\/wp-content\/uploads\/sites\/12\/2025\/10\/puerto-e1759639985773.jpg\" alt=\"\" width=\"1100\" height=\"491\" \/><\/a><\/p>\n<p>&nbsp;<\/p>\n<p><a href=\"https:\/\/static-blogs.diariosur.es\/wp-content\/uploads\/sites\/12\/2025\/10\/centro-meteorologico-e1759640014416.jpg\"><img loading=\"lazy\" class=\"aligncenter size-full wp-image-46550\" src=\"https:\/\/static-blogs.diariosur.es\/wp-content\/uploads\/sites\/12\/2025\/10\/centro-meteorologico-e1759640014416.jpg\" alt=\"\" width=\"1100\" height=\"477\" \/><\/a><\/p>\n<p>&nbsp;<\/p>\n<p data-pm-slice=\"1 1 []\"><a href=\"https:\/\/static-blogs.diariosur.es\/wp-content\/uploads\/sites\/12\/2025\/10\/aerop-e1759643577824.jpg\"><img loading=\"lazy\" class=\"aligncenter size-full wp-image-46558\" src=\"https:\/\/static-blogs.diariosur.es\/wp-content\/uploads\/sites\/12\/2025\/10\/aerop-e1759643577824.jpg\" alt=\"\" width=\"1100\" height=\"518\" \/><\/a><\/p>\n<p data-pm-slice=\"1 1 []\">Ayer la provincia de M\u00e1laga registr\u00f3 las temperaturas m\u00e1s altas de Espa\u00f1a.<\/p>\n<h3><strong>Fuentes Aemet<\/strong><\/h3>\n<p>La m\u00e1xima de Co\u00edn de la Aemet no la pongo, porque la estaci\u00f3n no est\u00e1 bien.<\/p>\n<p>Manilva 36,2 \u00baC<\/p>\n<p>\u00c1lora 35,7 \u00baC<\/p>\n<p>Cortes de la Frontera 33,6 \u00baC<\/p>\n<p>Estepona 31,5 \u00b0C<\/p>\n<p>Alpandeire 32,6 \u00baC<\/p>\n<p>Torremolinos 32 \u00baC<\/p>\n<p>M\u00e1laga Centro Meteorol\u00f3gico\u00a028,8 \u00baC<\/p>\n<h3><strong>Fuente Meteoclimatic\u00a0<\/strong><\/h3>\n<p>Tolox 35,9 \u00baC<\/p>\n<p>C\u00e1rtama Sierra Llana 35,3 \u00baC<\/p>\n<p>Alhaur\u00edn el Grande\u00a032,3 \u00baC<\/p>\n<p>Mijas Pueblo 30 \u00baC<\/p>\n<h3><strong>Fuente: Wunderground<\/strong><\/h3>\n<p>Co\u00edn VillaPodenco 36,8 \u00baC<\/p>\n<p>Campanillas Maqueda 33,9 \u00baC<\/p>\n<p>Pizarra 34,6 \u00baC<\/p>\n<p>Almog\u00eda 34,1 \u00b0C<\/p>\n<p>&nbsp;<\/p>\n<p>&nbsp;<\/p>\n<p>&nbsp;<\/p>\n","protected":false},"excerpt":{"rendered":"<p>Buenos d\u00edas, amigos de la meteo. Cuando son las siete de la ma\u00f1ana en M\u00e1laga capital, mi estaci\u00f3n registra 24,1 \u00baC, el cielo est\u00e1 despejado y el viento sopla de terral de oto\u00f1o. Durante toda la madrugada mi estaci\u00f3n no ha bajado de 25 \u00baC. Como os coment\u00e9 ayer: antes del mediod\u00eda entrar\u00e1 sur sureste [&hellip;]<\/p>\n","protected":false},"author":16,"featured_media":46204,"comment_status":"open","ping_status":"open","sticky":false,"template":"","format":"standard","meta":[],"categories":[2],"tags":[212,587,975],"_links":{"self":[{"href":"https:\/\/blogs.diariosur.es\/tormentas-y-rayos\/wp-json\/wp\/v2\/posts\/46547"}],"collection":[{"href":"https:\/\/blogs.diariosur.es\/tormentas-y-rayos\/wp-json\/wp\/v2\/posts"}],"about":[{"href":"https:\/\/blogs.diariosur.es\/tormentas-y-rayos\/wp-json\/wp\/v2\/types\/post"}],"author":[{"embeddable":true,"href":"https:\/\/blogs.diariosur.es\/tormentas-y-rayos\/wp-json\/wp\/v2\/users\/16"}],"replies":[{"embeddable":true,"href":"https:\/\/blogs.diariosur.es\/tormentas-y-rayos\/wp-json\/wp\/v2\/comments?post=46547"}],"version-history":[{"count":6,"href":"https:\/\/blogs.diariosur.es\/tormentas-y-rayos\/wp-json\/wp\/v2\/posts\/46547\/revisions"}],"predecessor-version":[{"id":46559,"href":"https:\/\/blogs.diariosur.es\/tormentas-y-rayos\/wp-json\/wp\/v2\/posts\/46547\/revisions\/46559"}],"wp:featuredmedia":[{"embeddable":true,"href":"https:\/\/blogs.diariosur.es\/tormentas-y-rayos\/wp-json\/wp\/v2\/media\/46204"}],"wp:attachment":[{"href":"https:\/\/blogs.diariosur.es\/tormentas-y-rayos\/wp-json\/wp\/v2\/media?parent=46547"}],"wp:term":[{"taxonomy":"category","embeddable":true,"href":"https:\/\/blogs.diariosur.es\/tormentas-y-rayos\/wp-json\/wp\/v2\/categories?post=46547"},{"taxonomy":"post_tag","embeddable":true,"href":"https:\/\/blogs.diariosur.es\/tormentas-y-rayos\/wp-json\/wp\/v2\/tags?post=46547"}],"curies":[{"name":"wp","href":"https:\/\/api.w.org\/{rel}","templated":true}]}}