{"id":4666,"date":"2013-01-18T15:36:08","date_gmt":"2013-01-18T14:36:08","guid":{"rendered":"http:\/\/blogs.diariosur.es\/tormentas-y-rayos\/?p=4666"},"modified":"2013-01-18T15:36:08","modified_gmt":"2013-01-18T14:36:08","slug":"ciclogenesis-explosiva-en-el-centro-de-la-peninsula-explicacion-alerta-naranja-y-amarilla-en-casi-toda-espana","status":"publish","type":"post","link":"https:\/\/blogs.diariosur.es\/tormentas-y-rayos\/2013\/01\/18\/ciclogenesis-explosiva-en-el-centro-de-la-peninsula-explicacion-alerta-naranja-y-amarilla-en-casi-toda-espana\/","title":{"rendered":"Ciclog\u00e9nesis Explosiva en el centro de la pen\u00ednsula. ! Explicaci\u00f3n de como se forma Gong! Alerta naranja por vientos en toda Andaluc\u00eda"},"content":{"rendered":"<p><a href=\"https:\/\/blogs.diariosur.es\/tormentas-y-rayos\/2013\/01\/19\/la-ciclogenesis-explosiva-gong-ya-se-ha-producido-pontevedra-961-hpa-bestial\/\">LA CICLOG\u00c9NESIS EXPLOSIVA YA SE HA PRODUCIDO. ACTULIZACI\u00d3N 19-1-2013<\/a><\/p>\n<p>&nbsp;<\/p>\n<p>&nbsp;<\/p>\n<p>&nbsp;<\/p>\n<p><span style=\"color: #ff0000;\"><strong>Ultima hora: La Aemet activa la alerta naranja por vientos en M\u00e1laga y toda Andaluc\u00eda<\/strong><\/span><\/p>\n<p>&nbsp;<\/p>\n<p><a href=\"https:\/\/blogs.diariosur.es\/tormentas-y-rayos\/2013\/01\/18\/ciclogenesis-explosiva-en-el-centro-de-la-peninsula-explicacion-alerta-naranja-y-amarilla-en-casi-toda-espana\/naranjon\/\" rel=\"attachment wp-att-4679\"><img loading=\"lazy\" class=\"aligncenter size-full wp-image-4679\" title=\"naranjon\" src=\"\/tormentas-y-rayos\/wp-content\/uploads\/sites\/12\/2013\/01\/naranjon.jpg\" alt=\"\" width=\"591\" height=\"424\" srcset=\"https:\/\/static-blogs.diariosur.es\/wp-content\/uploads\/sites\/12\/2013\/01\/naranjon.jpg 591w, https:\/\/static-blogs.diariosur.es\/wp-content\/uploads\/sites\/12\/2013\/01\/naranjon-558x400.jpg 558w\" sizes=\"(max-width: 591px) 100vw, 591px\" \/><\/a><\/p>\n<p><strong>Hola amigos de la meteo. <\/strong><\/p>\n<p><strong>Registro 20,3 grados cuando son las tres de la tarde, los cielos est\u00e1n bastantes nubosos como podeis ver en la foto y el terral de invierno sopla entre moderado y flojo.<\/strong><\/p>\n<p><a href=\"https:\/\/blogs.diariosur.es\/tormentas-y-rayos\/2013\/01\/18\/ciclogenesis-explosiva-en-el-centro-de-la-peninsula-explicacion-alerta-naranja-y-amarilla-en-casi-toda-espana\/olympus-digital-camera-1041\/\" rel=\"attachment wp-att-4676\"><img loading=\"lazy\" class=\"aligncenter size-full wp-image-4676\" title=\"OLYMPUS DIGITAL CAMERA\" src=\"\/tormentas-y-rayos\/wp-content\/uploads\/sites\/12\/2013\/01\/0021.jpg\" alt=\"\" width=\"670\" height=\"503\" srcset=\"https:\/\/static-blogs.diariosur.es\/wp-content\/uploads\/sites\/12\/2013\/01\/0021.jpg 670w, https:\/\/static-blogs.diariosur.es\/wp-content\/uploads\/sites\/12\/2013\/01\/0021-533x400.jpg 533w\" sizes=\"(max-width: 670px) 100vw, 670px\" \/><\/a><\/p>\n<p>&nbsp;<\/p>\n<p><strong>Os quiero dar una explicaci\u00f3n de la ciclog\u00e9nesis explosiva, que se dar\u00e1 durante el s\u00e1bado en la\u00a0pen\u00ednsula\u00a0 Como ya todos sab\u00e9is, una ciclog\u00e9nesis es una bajada\u00a0r\u00e1pida\u00a0de la presi\u00f3n en pocas horas, <span style=\"color: #ff0000;\">PERO SI ESTA BAJADA ADEMAS, ES DE MAS DE \u00a020 HECTOPASCALES EN 24 HORAS, SE CONSIDERA EXPLOSIVA<\/span>. os paso estos mapas. Fuente hirlam aemet.<\/strong><\/p>\n<p>&nbsp;<\/p>\n<p>&nbsp;<\/p>\n<p><a href=\"https:\/\/blogs.diariosur.es\/tormentas-y-rayos\/2013\/01\/18\/ciclogenesis-explosiva-en-el-centro-de-la-peninsula-explicacion-alerta-naranja-y-amarilla-en-casi-toda-espana\/1-19\/\" rel=\"attachment wp-att-4670\"><img loading=\"lazy\" class=\"aligncenter size-medium wp-image-4670\" title=\"1\" src=\"\/tormentas-y-rayos\/wp-content\/uploads\/sites\/12\/2013\/01\/13.jpg\" alt=\"\" width=\"600\" height=\"393\" srcset=\"https:\/\/static-blogs.diariosur.es\/wp-content\/uploads\/sites\/12\/2013\/01\/13.jpg 704w, https:\/\/static-blogs.diariosur.es\/wp-content\/uploads\/sites\/12\/2013\/01\/13-610x400.jpg 610w\" sizes=\"(max-width: 600px) 100vw, 600px\" \/><\/a><\/p>\n<p>&nbsp;<\/p>\n<p><a href=\"https:\/\/blogs.diariosur.es\/tormentas-y-rayos\/2013\/01\/18\/ciclogenesis-explosiva-en-el-centro-de-la-peninsula-explicacion-alerta-naranja-y-amarilla-en-casi-toda-espana\/2-15\/\" rel=\"attachment wp-att-4671\"><img loading=\"lazy\" class=\"aligncenter size-medium wp-image-4671\" title=\"2\" src=\"\/tormentas-y-rayos\/wp-content\/uploads\/sites\/12\/2013\/01\/22.jpg\" alt=\"\" width=\"600\" height=\"396\" srcset=\"https:\/\/static-blogs.diariosur.es\/wp-content\/uploads\/sites\/12\/2013\/01\/22.jpg 715w, https:\/\/static-blogs.diariosur.es\/wp-content\/uploads\/sites\/12\/2013\/01\/22-606x400.jpg 606w\" sizes=\"(max-width: 600px) 100vw, 600px\" \/><\/a><\/p>\n<p>&nbsp;<\/p>\n<p><a href=\"https:\/\/blogs.diariosur.es\/tormentas-y-rayos\/2013\/01\/18\/ciclogenesis-explosiva-en-el-centro-de-la-peninsula-explicacion-alerta-naranja-y-amarilla-en-casi-toda-espana\/3-18\/\" rel=\"attachment wp-att-4672\"><img loading=\"lazy\" class=\"aligncenter size-medium wp-image-4672\" title=\"3\" src=\"\/tormentas-y-rayos\/wp-content\/uploads\/sites\/12\/2013\/01\/32.jpg\" alt=\"\" width=\"600\" height=\"398\" srcset=\"https:\/\/static-blogs.diariosur.es\/wp-content\/uploads\/sites\/12\/2013\/01\/32.jpg 718w, https:\/\/static-blogs.diariosur.es\/wp-content\/uploads\/sites\/12\/2013\/01\/32-602x400.jpg 602w\" sizes=\"(max-width: 600px) 100vw, 600px\" \/><\/a><\/p>\n<p><strong>Pero muchos os preguntareis \u00bfporque leches se da esto? muy f\u00e1cil amigos, intentare como siempre, explicarlo sencillamente. Esta borrasca que se acerca en estos momento hacia la peninsula, tiene origen subtropical. Es decir, trae consigo aire muy templado y h\u00famedo en sus capas bajas. Cuando se acerque a la\u00a0pen\u00ednsula\u00a0 chocara con una masa de aire fr\u00eda y inestable, estos dos elementos dar\u00e1n lugar a la ciclog\u00e9nesis. En este mapa de masas de aire se ve perfectamente. fuente hirlam Aemet.\u00a0<\/strong><\/p>\n<p><a href=\"https:\/\/blogs.diariosur.es\/tormentas-y-rayos\/2013\/01\/18\/ciclogenesis-explosiva-en-el-centro-de-la-peninsula-explicacion-alerta-naranja-y-amarilla-en-casi-toda-espana\/sate-3\/\" rel=\"attachment wp-att-4673\"><img loading=\"lazy\" class=\"aligncenter size-full wp-image-4673\" title=\"sate\" src=\"\/tormentas-y-rayos\/wp-content\/uploads\/sites\/12\/2013\/01\/sate.jpg\" alt=\"\" width=\"631\" height=\"510\" srcset=\"https:\/\/static-blogs.diariosur.es\/wp-content\/uploads\/sites\/12\/2013\/01\/sate.jpg 631w, https:\/\/static-blogs.diariosur.es\/wp-content\/uploads\/sites\/12\/2013\/01\/sate-495x400.jpg 495w\" sizes=\"(max-width: 631px) 100vw, 631px\" \/><\/a><\/p>\n<p>&nbsp;<\/p>\n<p><strong>En todos los a\u00f1os que llevo de aficionado a la meteorolog\u00eda, he visto muchas ciclog\u00e9nesis, pero que se de encima de la pen\u00ednsula y con una presi\u00f3n de 978 mb, nunca. Por eso no me extra\u00f1a la las alertas sacadas por la Aemet, pr\u00e1cticamente toda la\u00a0pen\u00ednsula\u00a0est\u00e1 en amarilla y naranja. Por cierto amigos esta borrasca ya tiene nombre como comenta Fran38, se llama Gong<\/strong><\/p>\n<p><a href=\"https:\/\/blogs.diariosur.es\/tormentas-y-rayos\/2013\/01\/18\/ciclogenesis-explosiva-en-el-centro-de-la-peninsula-explicacion-alerta-naranja-y-amarilla-en-casi-toda-espana\/alerta-13\/\" rel=\"attachment wp-att-4674\"><img loading=\"lazy\" class=\"aligncenter size-full wp-image-4674\" title=\"alerta\" src=\"\/tormentas-y-rayos\/wp-content\/uploads\/sites\/12\/2013\/01\/alerta.jpg\" alt=\"\" width=\"604\" height=\"442\" srcset=\"https:\/\/static-blogs.diariosur.es\/wp-content\/uploads\/sites\/12\/2013\/01\/alerta.jpg 604w, https:\/\/static-blogs.diariosur.es\/wp-content\/uploads\/sites\/12\/2013\/01\/alerta-547x400.jpg 547w\" sizes=\"(max-width: 604px) 100vw, 604px\" \/><\/a><\/p>\n<p>&nbsp;<\/p>\n<p><strong>FIJAROS COMO YA EMPIEZA A BAJAR LA PRESI\u00d3N. GELOCATIL AL CANTO JE JE.<\/strong><\/p>\n<p><a href=\"https:\/\/blogs.diariosur.es\/tormentas-y-rayos\/2013\/01\/18\/ciclogenesis-explosiva-en-el-centro-de-la-peninsula-explicacion-alerta-naranja-y-amarilla-en-casi-toda-espana\/presion-4\/\" rel=\"attachment wp-att-4678\"><img loading=\"lazy\" class=\"aligncenter size-medium wp-image-4678\" title=\"PRESION\" src=\"\/tormentas-y-rayos\/wp-content\/uploads\/sites\/12\/2013\/01\/PRESION.jpg\" alt=\"\" width=\"600\" height=\"252\" srcset=\"https:\/\/static-blogs.diariosur.es\/wp-content\/uploads\/sites\/12\/2013\/01\/PRESION.jpg 721w, https:\/\/static-blogs.diariosur.es\/wp-content\/uploads\/sites\/12\/2013\/01\/PRESION-640x270.jpg 640w\" sizes=\"(max-width: 600px) 100vw, 600px\" \/><\/a><\/p>\n<p>&nbsp;<\/p>\n<p>&nbsp;<\/p>\n<p>&nbsp;<\/p>\n<p><strong>Otro dato a destacar sera la importante bajada de temperatura que tendremos en poco tiempo a 850 hpa (1500 m) os paso estos dos mapas del hirlam, uno previsto a la una de la madrugada del\u00a0s\u00e1bado\u00a0y el otro a la misma hora el domingo.<\/strong><\/p>\n<p><a href=\"https:\/\/blogs.diariosur.es\/tormentas-y-rayos\/2013\/01\/17\/atencion-posible-ciclogenesis-explosiva-el-sabado-en-la-peninsula\/9-3\/\" rel=\"attachment wp-att-4650\"><img loading=\"lazy\" title=\"9\" src=\"\/tormentas-y-rayos\/wp-content\/uploads\/sites\/12\/2013\/01\/9.jpg\" alt=\"\" width=\"571\" height=\"400\" \/><\/a><\/p>\n<p>&nbsp;<\/p>\n<p><a href=\"https:\/\/blogs.diariosur.es\/tormentas-y-rayos\/2013\/01\/17\/atencion-posible-ciclogenesis-explosiva-el-sabado-en-la-peninsula\/attachment\/10\/\" rel=\"attachment wp-att-4651\"><img loading=\"lazy\" title=\"10\" src=\"\/tormentas-y-rayos\/wp-content\/uploads\/sites\/12\/2013\/01\/10.jpg\" alt=\"\" width=\"565\" height=\"400\" \/><\/a><\/p>\n<p>&nbsp;<\/p>\n<p><strong>Poco mas que contar amigos, os dejo con una foto que he tomado saliendo del trabajo. Y con la predicci\u00f3n para la provincia malague\u00f1a y\u00a0Andaluc\u00eda.<\/strong><\/p>\n<p><strong>Amiga Teresa un placer haberte conocido, me hubiera gustado haber charlado un rato mas contigo, pero currando no\u00a0pod\u00eda. Un besito amiga.<\/strong><\/p>\n<p><a href=\"https:\/\/blogs.diariosur.es\/tormentas-y-rayos\/2013\/01\/18\/ciclogenesis-explosiva-en-el-centro-de-la-peninsula-explicacion-alerta-naranja-y-amarilla-en-casi-toda-espana\/olympus-digital-camera-1040\/\" rel=\"attachment wp-att-4675\"><img loading=\"lazy\" class=\"aligncenter size-full wp-image-4675\" title=\"OLYMPUS DIGITAL CAMERA\" src=\"\/tormentas-y-rayos\/wp-content\/uploads\/sites\/12\/2013\/01\/0011.jpg\" alt=\"\" width=\"680\" height=\"510\" srcset=\"https:\/\/static-blogs.diariosur.es\/wp-content\/uploads\/sites\/12\/2013\/01\/0011.jpg 680w, https:\/\/static-blogs.diariosur.es\/wp-content\/uploads\/sites\/12\/2013\/01\/0011-533x400.jpg 533w\" sizes=\"(max-width: 680px) 100vw, 680px\" \/><\/a><\/p>\n<div><span style=\"color: #ff0000;\"><strong>Validez:\u00a0s\u00e1bado, 19 enero 2013 de 0\u00a0a\u00a024\u00a0horas (oficial)<\/strong><\/span><\/div>\n<h3><span style=\"color: #ff0000;\"><strong>Predicci\u00f3n M\u00e1laga<\/strong><\/span><\/h3>\n<div><span style=\"color: #ff0000;\"><strong>CIELOS MUY NUBOSOS O CUBIERTOS CON PRECIPITACIONES MODERADAS Y<\/strong><\/span><br \/>\n<span style=\"color: #ff0000;\"><strong>LOCALMENTE PERSISTENTES O FUERTES, QUE PUEDEN IR ACOMPANADAS DE<\/strong><\/span><br \/>\n<span style=\"color: #ff0000;\"><strong>TORMENTAS, TENDIENDO EN LA FRANJA LITORAL DURANTE LA TARDE A<\/strong><\/span><br \/>\n<span style=\"color: #ff0000;\"><strong>DISMINUIR LA NUBOSIDAD Y CESAR LAS PRECIPITACIONES. LAS<\/strong><\/span><br \/>\n<span style=\"color: #ff0000;\"><strong>TEMPERATURAS NOCTURNAS ASCENDERAN LIGERA A MODERADAMENTE, MIENTRAS<\/strong><\/span><br \/>\n<span style=\"color: #ff0000;\"><strong>QUE LAS DIURNAS SUFRIRAN UN MODERADO DESCENSO, PRODUCIENDOSE LAS<\/strong><\/span><br \/>\n<span style=\"color: #ff0000;\"><strong>MINIMAS AL FINAL DEL DIA. VIENTOS DE COMPONENTE OESTE MODERADOS A<\/strong><\/span><br \/>\n<span style=\"color: #ff0000;\"><strong>FUERTES EN EL INTERIOR Y FUERTES EN EL LITORAL, CON INTERVALOS MUY<\/strong><\/span><br \/>\n<span style=\"color: #ff0000;\"><strong>FUERTES.<\/strong><\/span><\/p>\n<div><span style=\"color: #ff00ff;\"><strong>Validez:\u00a0s\u00e1bado, 19 enero 2013 de 0\u00a0a\u00a024\u00a0horas (oficial)<\/strong><\/span><\/div>\n<div>\n<h3><span style=\"color: #ff00ff;\"><strong>Fen\u00f3menos Significativos:<\/strong><\/span><\/h3>\n<div>\n<p><span style=\"color: #ff00ff;\"><strong>RACHAS DE VIENTO FUERTE Y VIENTO FUERTE CON RACHAS DE MUY FUERTE<\/strong><\/span><br \/>\n<span style=\"color: #ff00ff;\"><strong>EN EL LITORAL. PRECIPITACIONES LOCALMENTE FUERTES Y PERSISTENTES<\/strong><\/span><br \/>\n<span style=\"color: #ff00ff;\"><strong>EN GRAZALEMA, ESTRECHO Y MITAD ORIENTAL DE LA COMUNIDAD.<\/strong><\/span><\/p>\n<p>&nbsp;<\/p>\n<\/div>\n<div><\/div>\n<h3><span style=\"color: #ff00ff;\"><strong>Predicci\u00f3n: Andalucia<\/strong><\/span><\/h3>\n<div>\n<p><span style=\"color: #ff00ff;\"><strong>CIELOS NUBOSOS O MUY NUBOSOS CON PRECIPITACIONES MODERADAS, QUE<\/strong><\/span><br \/>\n<span style=\"color: #ff00ff;\"><strong>PUEDEN SER LOCALMENTE FUERTES, OCASIONALMENTE TORMENTOSAS, Y<\/strong><\/span><br \/>\n<span style=\"color: #ff00ff;\"><strong>PERSISTENTES EN PUNTOS DE GRAZALEMA, ESTRECHO Y MITAD ORIENTAL,<\/strong><\/span><br \/>\n<span style=\"color: #ff00ff;\"><strong>SALVO EN EL EXTREMO ORIENTAL Y MELILLA, DONDE HABRA INTERVALOS<\/strong><\/span><br \/>\n<span style=\"color: #ff00ff;\"><strong>NUBOSOS CON PRECIPITACIONES DEBILES. A PARTIR DE LA TARDE IRAN<\/strong><\/span><br \/>\n<span style=\"color: #ff00ff;\"><strong>ABRIENDOSE CLAROS DE OESTE A ESTE. LA COTA DE NIEVE IRA BAJANDO<\/strong><\/span><br \/>\n<span style=\"color: #ff00ff;\"><strong>DESDE LOS 2000 M HASTA LOS 800 METROS AL FINAL DEL DIA EN EL<\/strong><\/span><br \/>\n<span style=\"color: #ff00ff;\"><strong>NORDESTE. TEMPERATURAS EN LIGERO O MODERADO DESCENSO. VIENTOS DEL<\/strong><\/span><br \/>\n<span style=\"color: #ff00ff;\"><strong>OESTE MODERADOS EN EL INTERIOR, CON RACHAS DE FUERTES SOBRE TODO<\/strong><\/span><br \/>\n<span style=\"color: #ff00ff;\"><strong>EN ZONAS ALTAS, DONDE PUEDEN SER MUY FUERTES. FUERTES, EN EL<\/strong><\/span><br \/>\n<span style=\"color: #ff00ff;\"><strong>LITORAL, CON RACHAS DE MUY FUERTE.<\/strong><\/span><\/p>\n<\/div>\n<\/div>\n<p>&nbsp;<\/p>\n<\/div>\n","protected":false},"excerpt":{"rendered":"<p>LA CICLOG\u00c9NESIS EXPLOSIVA YA SE HA PRODUCIDO. ACTULIZACI\u00d3N 19-1-2013 &nbsp; &nbsp; &nbsp; Ultima hora: La Aemet activa la alerta naranja por vientos en M\u00e1laga y toda Andaluc\u00eda &nbsp; Hola amigos de la meteo. Registro 20,3 grados cuando son las tres de la tarde, los cielos est\u00e1n bastantes nubosos como podeis ver en la foto y [&hellip;]<\/p>\n","protected":false},"author":16,"featured_media":4673,"comment_status":"open","ping_status":"closed","sticky":false,"template":"","format":"standard","meta":[],"categories":[2],"tags":[63,91,252,395,456,676,769,1059],"_links":{"self":[{"href":"https:\/\/blogs.diariosur.es\/tormentas-y-rayos\/wp-json\/wp\/v2\/posts\/4666"}],"collection":[{"href":"https:\/\/blogs.diariosur.es\/tormentas-y-rayos\/wp-json\/wp\/v2\/posts"}],"about":[{"href":"https:\/\/blogs.diariosur.es\/tormentas-y-rayos\/wp-json\/wp\/v2\/types\/post"}],"author":[{"embeddable":true,"href":"https:\/\/blogs.diariosur.es\/tormentas-y-rayos\/wp-json\/wp\/v2\/users\/16"}],"replies":[{"embeddable":true,"href":"https:\/\/blogs.diariosur.es\/tormentas-y-rayos\/wp-json\/wp\/v2\/comments?post=4666"}],"version-history":[{"count":0,"href":"https:\/\/blogs.diariosur.es\/tormentas-y-rayos\/wp-json\/wp\/v2\/posts\/4666\/revisions"}],"wp:featuredmedia":[{"embeddable":true,"href":"https:\/\/blogs.diariosur.es\/tormentas-y-rayos\/wp-json\/wp\/v2\/media\/4673"}],"wp:attachment":[{"href":"https:\/\/blogs.diariosur.es\/tormentas-y-rayos\/wp-json\/wp\/v2\/media?parent=4666"}],"wp:term":[{"taxonomy":"category","embeddable":true,"href":"https:\/\/blogs.diariosur.es\/tormentas-y-rayos\/wp-json\/wp\/v2\/categories?post=4666"},{"taxonomy":"post_tag","embeddable":true,"href":"https:\/\/blogs.diariosur.es\/tormentas-y-rayos\/wp-json\/wp\/v2\/tags?post=4666"}],"curies":[{"name":"wp","href":"https:\/\/api.w.org\/{rel}","templated":true}]}}