{"id":46684,"date":"2025-10-06T07:38:41","date_gmt":"2025-10-06T05:38:41","guid":{"rendered":"https:\/\/blogs.diariosur.es\/tormentas-y-rayos\/?p=46684"},"modified":"2025-10-06T07:38:41","modified_gmt":"2025-10-06T05:38:41","slug":"el-magon-y-las-nubes-de-retencion-protagonistas-hoy-lunes-en-malaga-hay-probabilidad-de-cambio-de-tiempo-esta-semana","status":"publish","type":"post","link":"https:\/\/blogs.diariosur.es\/tormentas-y-rayos\/2025\/10\/06\/el-magon-y-las-nubes-de-retencion-protagonistas-hoy-lunes-en-malaga-hay-probabilidad-de-cambio-de-tiempo-esta-semana\/","title":{"rendered":"El mag\u00f3n y las nubes de retenci\u00f3n protagonistas hoy lunes en M\u00e1laga. \u00bfHay probabilidad de cambio de tiempo esta semana?"},"content":{"rendered":"<p data-pm-slice=\"1 1 []\"><a href=\"https:\/\/static-blogs.diariosur.es\/wp-content\/uploads\/sites\/12\/2025\/09\/72999690_10217709542349272_7908844429161529344_n.jpg\"><img loading=\"lazy\" class=\"aligncenter size-thumbnail wp-image-46373\" src=\"https:\/\/static-blogs.diariosur.es\/wp-content\/uploads\/sites\/12\/2025\/09\/72999690_10217709542349272_7908844429161529344_n-150x150.jpg\" alt=\"\" width=\"150\" height=\"150\" \/><\/a><\/p>\n<p data-pm-slice=\"1 1 []\">Buenos d\u00edas, amigos de la meteo. Cuando son las siete de la ma\u00f1ana en M\u00e1laga capital, mi estaci\u00f3n registra 22,8 \u00baC, los cielos est\u00e1n nubosos y el viento sopla flojo de componente este.<\/p>\n<p>A partir de primeras horas de la ma\u00f1ana se esperan rachas de moderadas a fuertes en las comarcas de Ronda y Antequera; en zonas de costa no espero rachas fuertes. Por la tarde y ma\u00f1ana tomar\u00e1 protagonismo el mag\u00f3n, buena noticia para los surfistas. Hay probabilidad de chubascos ocasionales, siendo m\u00e1s probables en el litoral occidental y sierras pr\u00f3ximas; por la tarde bajar\u00e1 la probabilidad.<\/p>\n<p>Ayer domingo, la temperatura m\u00e1xima en la capital se registr\u00f3 en el Centro Meteorol\u00f3gico de la Aemet con 34,4 \u00baC. Destacar \u00c1lora con 35,8 \u00baC, temperatura m\u00e1xima de Espa\u00f1a. Como ya sab\u00e9is, no pongo Co\u00edn al no dar datos correctos.<\/p>\n<h3><span style=\"color: #0000ff;\"><strong>\u00bfHay probabilidad de cambio de tiempo esta semana?<\/strong><\/span><\/h3>\n<p>Como muchos me est\u00e1is preguntando por el <strong>probable<\/strong> cambio de tiempo para los \u00faltimos d\u00edas de la semana, os explico.<\/p>\n<p>A partir del jueves hay probabilidad de que nos afecte una vaguada retr\u00f3grada por la zona este peninsular; algunos modelos le dan mucha entidad y otros no. La zona donde podr\u00eda llover m\u00e1s ser\u00eda en el levante, como ya va siendo habitual.<\/p>\n<p>Algunos modelos tambi\u00e9n dan precipitaciones en Andaluc\u00eda oriental, incluida la provincia de M\u00e1laga. Mientras se aclaran los modelos, haremos un seguimiento a partir de ma\u00f1ana de la vaguada retr\u00f3grada.<\/p>\n<p data-pm-slice=\"1 1 []\">Os dejo con este fot\u00f3n de mi amigo Crist\u00f3bal Gambero desde Mijas Pueblo. Ayer domingo, tanto por la ma\u00f1ana como por la noche, tuvimos candilazos.<\/p>\n<p data-pm-slice=\"1 1 []\">\n<p data-pm-slice=\"1 1 []\"><a href=\"https:\/\/static-blogs.diariosur.es\/wp-content\/uploads\/sites\/12\/2025\/10\/558183428_24602504586038537_6691106516586886945_n-e1759728595163.jpg\"><img loading=\"lazy\" class=\"aligncenter size-full wp-image-46686\" src=\"https:\/\/static-blogs.diariosur.es\/wp-content\/uploads\/sites\/12\/2025\/10\/558183428_24602504586038537_6691106516586886945_n-e1759728595163.jpg\" alt=\"\" width=\"1000\" height=\"563\" \/><\/a><\/p>\n","protected":false},"excerpt":{"rendered":"<p>Buenos d\u00edas, amigos de la meteo. Cuando son las siete de la ma\u00f1ana en M\u00e1laga capital, mi estaci\u00f3n registra 22,8 \u00baC, los cielos est\u00e1n nubosos y el viento sopla flojo de componente este. A partir de primeras horas de la ma\u00f1ana se esperan rachas de moderadas a fuertes en las comarcas de Ronda y Antequera; [&hellip;]<\/p>\n","protected":false},"author":16,"featured_media":46686,"comment_status":"open","ping_status":"open","sticky":false,"template":"","format":"standard","meta":[],"categories":[2],"tags":[100,307,358,587,800,1039],"_links":{"self":[{"href":"https:\/\/blogs.diariosur.es\/tormentas-y-rayos\/wp-json\/wp\/v2\/posts\/46684"}],"collection":[{"href":"https:\/\/blogs.diariosur.es\/tormentas-y-rayos\/wp-json\/wp\/v2\/posts"}],"about":[{"href":"https:\/\/blogs.diariosur.es\/tormentas-y-rayos\/wp-json\/wp\/v2\/types\/post"}],"author":[{"embeddable":true,"href":"https:\/\/blogs.diariosur.es\/tormentas-y-rayos\/wp-json\/wp\/v2\/users\/16"}],"replies":[{"embeddable":true,"href":"https:\/\/blogs.diariosur.es\/tormentas-y-rayos\/wp-json\/wp\/v2\/comments?post=46684"}],"version-history":[{"count":2,"href":"https:\/\/blogs.diariosur.es\/tormentas-y-rayos\/wp-json\/wp\/v2\/posts\/46684\/revisions"}],"predecessor-version":[{"id":46687,"href":"https:\/\/blogs.diariosur.es\/tormentas-y-rayos\/wp-json\/wp\/v2\/posts\/46684\/revisions\/46687"}],"wp:featuredmedia":[{"embeddable":true,"href":"https:\/\/blogs.diariosur.es\/tormentas-y-rayos\/wp-json\/wp\/v2\/media\/46686"}],"wp:attachment":[{"href":"https:\/\/blogs.diariosur.es\/tormentas-y-rayos\/wp-json\/wp\/v2\/media?parent=46684"}],"wp:term":[{"taxonomy":"category","embeddable":true,"href":"https:\/\/blogs.diariosur.es\/tormentas-y-rayos\/wp-json\/wp\/v2\/categories?post=46684"},{"taxonomy":"post_tag","embeddable":true,"href":"https:\/\/blogs.diariosur.es\/tormentas-y-rayos\/wp-json\/wp\/v2\/tags?post=46684"}],"curies":[{"name":"wp","href":"https:\/\/api.w.org\/{rel}","templated":true}]}}