{"id":46746,"date":"2025-10-07T13:11:02","date_gmt":"2025-10-07T11:11:02","guid":{"rendered":"https:\/\/blogs.diariosur.es\/tormentas-y-rayos\/?p=46746"},"modified":"2025-10-09T07:43:05","modified_gmt":"2025-10-09T05:43:05","slug":"el-tiempo-en-andalucia-se-activan-avisos-amarillos-por-lluvias-y-tormentas-en-tres-provincias","status":"publish","type":"post","link":"https:\/\/blogs.diariosur.es\/tormentas-y-rayos\/2025\/10\/07\/el-tiempo-en-andalucia-se-activan-avisos-amarillos-por-lluvias-y-tormentas-en-tres-provincias\/","title":{"rendered":"Dana Alice. Se activan avisos amarillos por lluvias y tormentas en tres provincias andaluzas, Almer\u00eda, Granada y Ja\u00e9n"},"content":{"rendered":"<p><a href=\"https:\/\/static-blogs.diariosur.es\/wp-content\/uploads\/sites\/12\/2025\/09\/72999690_10217709542349272_7908844429161529344_n.jpg\"><img loading=\"lazy\" class=\"aligncenter size-thumbnail wp-image-46373\" src=\"https:\/\/static-blogs.diariosur.es\/wp-content\/uploads\/sites\/12\/2025\/09\/72999690_10217709542349272_7908844429161529344_n-150x150.jpg\" alt=\"\" width=\"150\" height=\"150\" \/><\/a><\/p>\n<p>&nbsp;<\/p>\n<p data-pm-slice=\"1 1 []\">Buenas tardes, amigos de la meteo. La Aemet activa el aviso amarillo el jueves por lluvias y tormentas en las provincias de Ja\u00e9n, Almer\u00eda y Granada; en esta \u00faltima, el aviso es para Sierra Nevada y Alpujarras. En la zona m\u00e1s oriental de la provincia de M\u00e1laga hay probabilidad baja de algunos chubascos. En la Comunidad Valenciana el aviso es naranja, precipitaci\u00f3n acumulada en una hora: 40 mm. En 12 horas 100 mm<\/p>\n<p>El aviso comienza a las 11:00 horas y termina a las 23:59. Acumulados de lluvias en una hora de 15 mm en las tres provincias anadaluzas.<\/p>\n<p>&nbsp;<\/p>\n<p>&nbsp;<\/p>\n<p><a href=\"https:\/\/static-blogs.diariosur.es\/wp-content\/uploads\/sites\/12\/2025\/10\/Captura-de-pantalla-2025-10-07-130638.jpg\"><img loading=\"lazy\" class=\"aligncenter size-full wp-image-46747\" src=\"https:\/\/static-blogs.diariosur.es\/wp-content\/uploads\/sites\/12\/2025\/10\/Captura-de-pantalla-2025-10-07-130638.jpg\" alt=\"\" width=\"1048\" height=\"822\" srcset=\"https:\/\/static-blogs.diariosur.es\/wp-content\/uploads\/sites\/12\/2025\/10\/Captura-de-pantalla-2025-10-07-130638.jpg 1048w, https:\/\/static-blogs.diariosur.es\/wp-content\/uploads\/sites\/12\/2025\/10\/Captura-de-pantalla-2025-10-07-130638-510x400.jpg 510w, https:\/\/static-blogs.diariosur.es\/wp-content\/uploads\/sites\/12\/2025\/10\/Captura-de-pantalla-2025-10-07-130638-520x408.jpg 520w, https:\/\/static-blogs.diariosur.es\/wp-content\/uploads\/sites\/12\/2025\/10\/Captura-de-pantalla-2025-10-07-130638-768x602.jpg 768w\" sizes=\"(max-width: 1048px) 100vw, 1048px\" \/><\/a><\/p>\n<p>&nbsp;<\/p>\n<p>&nbsp;<\/p>\n<p>AEMET nombra la primera dana con gran impacto: la dana Alice, provocar\u00e1 chubascos muy fuertes y persistentes en zonas del este peninsular y Baleares en los pr\u00f3ximos d\u00edas.<\/p>\n<p>&nbsp;<\/p>\n<p><a href=\"https:\/\/static-blogs.diariosur.es\/wp-content\/uploads\/sites\/12\/2025\/10\/G2p7icmWsAAQ46u.jpg\"><img loading=\"lazy\" class=\"aligncenter size-full wp-image-46751\" src=\"https:\/\/static-blogs.diariosur.es\/wp-content\/uploads\/sites\/12\/2025\/10\/G2p7icmWsAAQ46u.jpg\" alt=\"\" width=\"900\" height=\"648\" srcset=\"https:\/\/static-blogs.diariosur.es\/wp-content\/uploads\/sites\/12\/2025\/10\/G2p7icmWsAAQ46u.jpg 900w, https:\/\/static-blogs.diariosur.es\/wp-content\/uploads\/sites\/12\/2025\/10\/G2p7icmWsAAQ46u-556x400.jpg 556w, https:\/\/static-blogs.diariosur.es\/wp-content\/uploads\/sites\/12\/2025\/10\/G2p7icmWsAAQ46u-567x408.jpg 567w, https:\/\/static-blogs.diariosur.es\/wp-content\/uploads\/sites\/12\/2025\/10\/G2p7icmWsAAQ46u-768x553.jpg 768w\" sizes=\"(max-width: 900px) 100vw, 900px\" \/><\/a><\/p>\n<p>&nbsp;<\/p>\n","protected":false},"excerpt":{"rendered":"<p>&nbsp; Buenas tardes, amigos de la meteo. La Aemet activa el aviso amarillo el jueves por lluvias y tormentas en las provincias de Ja\u00e9n, Almer\u00eda y Granada; en esta \u00faltima, el aviso es para Sierra Nevada y Alpujarras. En la zona m\u00e1s oriental de la provincia de M\u00e1laga hay probabilidad baja de algunos chubascos. En [&hellip;]<\/p>\n","protected":false},"author":16,"featured_media":46749,"comment_status":"open","ping_status":"open","sticky":false,"template":"","format":"standard","meta":[],"categories":[2],"tags":[2073,94,151,307,358,569,587,800,996],"_links":{"self":[{"href":"https:\/\/blogs.diariosur.es\/tormentas-y-rayos\/wp-json\/wp\/v2\/posts\/46746"}],"collection":[{"href":"https:\/\/blogs.diariosur.es\/tormentas-y-rayos\/wp-json\/wp\/v2\/posts"}],"about":[{"href":"https:\/\/blogs.diariosur.es\/tormentas-y-rayos\/wp-json\/wp\/v2\/types\/post"}],"author":[{"embeddable":true,"href":"https:\/\/blogs.diariosur.es\/tormentas-y-rayos\/wp-json\/wp\/v2\/users\/16"}],"replies":[{"embeddable":true,"href":"https:\/\/blogs.diariosur.es\/tormentas-y-rayos\/wp-json\/wp\/v2\/comments?post=46746"}],"version-history":[{"count":6,"href":"https:\/\/blogs.diariosur.es\/tormentas-y-rayos\/wp-json\/wp\/v2\/posts\/46746\/revisions"}],"predecessor-version":[{"id":46785,"href":"https:\/\/blogs.diariosur.es\/tormentas-y-rayos\/wp-json\/wp\/v2\/posts\/46746\/revisions\/46785"}],"wp:featuredmedia":[{"embeddable":true,"href":"https:\/\/blogs.diariosur.es\/tormentas-y-rayos\/wp-json\/wp\/v2\/media\/46749"}],"wp:attachment":[{"href":"https:\/\/blogs.diariosur.es\/tormentas-y-rayos\/wp-json\/wp\/v2\/media?parent=46746"}],"wp:term":[{"taxonomy":"category","embeddable":true,"href":"https:\/\/blogs.diariosur.es\/tormentas-y-rayos\/wp-json\/wp\/v2\/categories?post=46746"},{"taxonomy":"post_tag","embeddable":true,"href":"https:\/\/blogs.diariosur.es\/tormentas-y-rayos\/wp-json\/wp\/v2\/tags?post=46746"}],"curies":[{"name":"wp","href":"https:\/\/api.w.org\/{rel}","templated":true}]}}