{"id":46791,"date":"2025-10-09T12:25:18","date_gmt":"2025-10-09T10:25:18","guid":{"rendered":"https:\/\/blogs.diariosur.es\/tormentas-y-rayos\/?p=46791"},"modified":"2025-10-09T12:30:15","modified_gmt":"2025-10-09T10:30:15","slug":"aviso-amarilllo-por-tormentas-y-lluvias-en-las-comarcas-de-ronda-y-antequera-para-manana-viernes","status":"publish","type":"post","link":"https:\/\/blogs.diariosur.es\/tormentas-y-rayos\/2025\/10\/09\/aviso-amarilllo-por-tormentas-y-lluvias-en-las-comarcas-de-ronda-y-antequera-para-manana-viernes\/","title":{"rendered":"Aviso amarilllo por tormentas y lluvias en las comarcas de Ronda y Antequera para ma\u00f1ana viernes"},"content":{"rendered":"<p><a href=\"https:\/\/static-blogs.diariosur.es\/wp-content\/uploads\/sites\/12\/2025\/09\/72999690_10217709542349272_7908844429161529344_n.jpg\"><img loading=\"lazy\" class=\"aligncenter size-thumbnail wp-image-46373\" src=\"https:\/\/static-blogs.diariosur.es\/wp-content\/uploads\/sites\/12\/2025\/09\/72999690_10217709542349272_7908844429161529344_n-150x150.jpg\" alt=\"\" width=\"150\" height=\"150\" \/><\/a><\/p>\n<p>Buenas tardes, amigo de la meteo. La Aemet activa el aviso amarillo por tormentas y lluvias de 15 mm en una hora en las comarcas de Ronda y Antequera para ma\u00f1ana viernes. No llover\u00e1 en todos los portales, en unos s\u00ed y en otros no.<\/p>\n<p>Destacar el aviso rojo para ma\u00f1ana en zonas de Alicante y\u00a0 Murcia,\u00a0 mucha precauci\u00f3n.<\/p>\n","protected":false},"excerpt":{"rendered":"<p>Buenas tardes, amigo de la meteo. La Aemet activa el aviso amarillo por tormentas y lluvias de 15 mm en una hora en las comarcas de Ronda y Antequera para ma\u00f1ana viernes. No llover\u00e1 en todos los portales, en unos s\u00ed y en otros no. Destacar el aviso rojo para ma\u00f1ana en zonas de Alicante [&hellip;]<\/p>\n","protected":false},"author":16,"featured_media":46792,"comment_status":"open","ping_status":"open","sticky":false,"template":"","format":"standard","meta":[],"categories":[2],"tags":[],"_links":{"self":[{"href":"https:\/\/blogs.diariosur.es\/tormentas-y-rayos\/wp-json\/wp\/v2\/posts\/46791"}],"collection":[{"href":"https:\/\/blogs.diariosur.es\/tormentas-y-rayos\/wp-json\/wp\/v2\/posts"}],"about":[{"href":"https:\/\/blogs.diariosur.es\/tormentas-y-rayos\/wp-json\/wp\/v2\/types\/post"}],"author":[{"embeddable":true,"href":"https:\/\/blogs.diariosur.es\/tormentas-y-rayos\/wp-json\/wp\/v2\/users\/16"}],"replies":[{"embeddable":true,"href":"https:\/\/blogs.diariosur.es\/tormentas-y-rayos\/wp-json\/wp\/v2\/comments?post=46791"}],"version-history":[{"count":3,"href":"https:\/\/blogs.diariosur.es\/tormentas-y-rayos\/wp-json\/wp\/v2\/posts\/46791\/revisions"}],"predecessor-version":[{"id":46795,"href":"https:\/\/blogs.diariosur.es\/tormentas-y-rayos\/wp-json\/wp\/v2\/posts\/46791\/revisions\/46795"}],"wp:featuredmedia":[{"embeddable":true,"href":"https:\/\/blogs.diariosur.es\/tormentas-y-rayos\/wp-json\/wp\/v2\/media\/46792"}],"wp:attachment":[{"href":"https:\/\/blogs.diariosur.es\/tormentas-y-rayos\/wp-json\/wp\/v2\/media?parent=46791"}],"wp:term":[{"taxonomy":"category","embeddable":true,"href":"https:\/\/blogs.diariosur.es\/tormentas-y-rayos\/wp-json\/wp\/v2\/categories?post=46791"},{"taxonomy":"post_tag","embeddable":true,"href":"https:\/\/blogs.diariosur.es\/tormentas-y-rayos\/wp-json\/wp\/v2\/tags?post=46791"}],"curies":[{"name":"wp","href":"https:\/\/api.w.org\/{rel}","templated":true}]}}