{"id":4681,"date":"2013-01-19T07:23:10","date_gmt":"2013-01-19T06:23:10","guid":{"rendered":"http:\/\/blogs.diariosur.es\/tormentas-y-rayos\/?p=4681"},"modified":"2013-01-19T07:23:10","modified_gmt":"2013-01-19T06:23:10","slug":"la-ciclogenesis-explosiva-gong-ya-se-ha-producido-pontevedra-961-hpa-bestial","status":"publish","type":"post","link":"https:\/\/blogs.diariosur.es\/tormentas-y-rayos\/2013\/01\/19\/la-ciclogenesis-explosiva-gong-ya-se-ha-producido-pontevedra-961-hpa-bestial\/","title":{"rendered":"La Ciclog\u00e9nesis Explosiva Gong  ya se ha producido. Pontevedra 961 hPa&#8221; BESTIAL&#8221;. Hoy pueden caer granizos."},"content":{"rendered":"<p><strong>Muy buenos dias amigos de la meteo. Son las seis de la ma\u00f1ana, registro 17 grados y caen gotas ahora mismo. La ciclog\u00e9nesis explosiva ya se ha producido y Pontevedra tiene ahora mismo 961 \u00a0hectopascales, una pasada amigos. \u00a0Para los que no\u00a0sep\u00e1is, porque se produce la ciclog\u00e9nesis explosiva lo <a href=\"https:\/\/blogs.diariosur.es\/tormentas-y-rayos\/2013\/01\/18\/ciclogenesis-explosiva-en-el-centro-de-la-peninsula-explicacion-alerta-naranja-y-amarilla-en-casi-toda-espana\/\">explico AQUI<\/a><\/strong><\/p>\n<p><a href=\"https:\/\/blogs.diariosur.es\/tormentas-y-rayos\/2013\/01\/19\/la-ciclogenesis-explosiva-gong-ya-se-ha-producido-pontevedra-961-hpa-bestial\/pontevedra\/\" rel=\"attachment wp-att-4682\"><img loading=\"lazy\" class=\"aligncenter size-medium wp-image-4682\" title=\"pontevedra\" src=\"\/tormentas-y-rayos\/wp-content\/uploads\/sites\/12\/2013\/01\/pontevedra.jpg\" alt=\"\" width=\"600\" height=\"262\" srcset=\"https:\/\/static-blogs.diariosur.es\/wp-content\/uploads\/sites\/12\/2013\/01\/pontevedra.jpg 717w, https:\/\/static-blogs.diariosur.es\/wp-content\/uploads\/sites\/12\/2013\/01\/pontevedra-640x280.jpg 640w\" sizes=\"(max-width: 600px) 100vw, 600px\" \/><\/a><\/p>\n<p><strong>En nuestra Capital Malague\u00f1a\u00a0tambi\u00e9n\u00a0esta baja, mi\u00a0bar\u00f3metro\u00a0registra ahora mismo 995 hPa y la cabeza la tengo como un bombo ji ji ji.<\/strong><\/p>\n<p><a href=\"https:\/\/blogs.diariosur.es\/tormentas-y-rayos\/2013\/01\/19\/la-ciclogenesis-explosiva-gong-ya-se-ha-producido-pontevedra-961-hpa-bestial\/ciclo-presi\/\" rel=\"attachment wp-att-4683\"><img loading=\"lazy\" class=\"aligncenter size-medium wp-image-4683\" title=\"ciclo presi\" src=\"\/tormentas-y-rayos\/wp-content\/uploads\/sites\/12\/2013\/01\/ciclo-presi.jpg\" alt=\"\" width=\"600\" height=\"260\" srcset=\"https:\/\/static-blogs.diariosur.es\/wp-content\/uploads\/sites\/12\/2013\/01\/ciclo-presi.jpg 745w, https:\/\/static-blogs.diariosur.es\/wp-content\/uploads\/sites\/12\/2013\/01\/ciclo-presi-640x277.jpg 640w\" sizes=\"(max-width: 600px) 100vw, 600px\" \/><\/a><\/p>\n<p><strong>Fijaros que bonita se \u00a0ve a Gong en esta imagen de Meteogalicia eumetsat. La espiral es impresionante y el frente fr\u00edo ya afecta a toda la zona oeste de la\u00a0Pen\u00ednsula.<\/strong><\/p>\n<p><a href=\"https:\/\/blogs.diariosur.es\/tormentas-y-rayos\/2013\/01\/19\/la-ciclogenesis-explosiva-gong-ya-se-ha-producido-pontevedra-961-hpa-bestial\/ciclo-3\/\" rel=\"attachment wp-att-4684\"><img loading=\"lazy\" class=\"aligncenter size-full wp-image-4684\" title=\"ciclo\" src=\"\/tormentas-y-rayos\/wp-content\/uploads\/sites\/12\/2013\/01\/ciclo.jpg\" alt=\"\" width=\"757\" height=\"536\" srcset=\"https:\/\/static-blogs.diariosur.es\/wp-content\/uploads\/sites\/12\/2013\/01\/ciclo.jpg 757w, https:\/\/static-blogs.diariosur.es\/wp-content\/uploads\/sites\/12\/2013\/01\/ciclo-565x400.jpg 565w\" sizes=\"(max-width: 757px) 100vw, 757px\" \/><\/a><\/p>\n<p><strong>La lluvia y el viento ya son los protagonistas en muchos puntos de la peninsula, sobre todo en su zona mas occidental. En la Costa Malague\u00f1a ya se producen los primeros chubascos. Estos\u00a0ser\u00e1n\u00a0mas fuertes a partir de las diez de la ma\u00f1ana, que sera cuando llueva mas y el viento tome protagonismo. Fuente aemet.<\/strong><\/p>\n<p><a href=\"https:\/\/blogs.diariosur.es\/tormentas-y-rayos\/2013\/01\/19\/la-ciclogenesis-explosiva-gong-ya-se-ha-producido-pontevedra-961-hpa-bestial\/radar-18\/\" rel=\"attachment wp-att-4685\"><img loading=\"lazy\" class=\"aligncenter size-full wp-image-4685\" title=\"radar\" src=\"\/tormentas-y-rayos\/wp-content\/uploads\/sites\/12\/2013\/01\/radar.jpg\" alt=\"\" width=\"619\" height=\"530\" srcset=\"https:\/\/static-blogs.diariosur.es\/wp-content\/uploads\/sites\/12\/2013\/01\/radar.jpg 619w, https:\/\/static-blogs.diariosur.es\/wp-content\/uploads\/sites\/12\/2013\/01\/radar-467x400.jpg 467w\" sizes=\"(max-width: 619px) 100vw, 619px\" \/><\/a><\/p>\n<p><a href=\"https:\/\/blogs.diariosur.es\/tormentas-y-rayos\/2013\/01\/19\/la-ciclogenesis-explosiva-gong-ya-se-ha-producido-pontevedra-961-hpa-bestial\/ma\/\" rel=\"attachment wp-att-4686\"><img loading=\"lazy\" class=\"aligncenter size-full wp-image-4686\" title=\"ma\" src=\"\/tormentas-y-rayos\/wp-content\/uploads\/sites\/12\/2013\/01\/ma.jpg\" alt=\"\" width=\"674\" height=\"578\" srcset=\"https:\/\/static-blogs.diariosur.es\/wp-content\/uploads\/sites\/12\/2013\/01\/ma.jpg 674w, https:\/\/static-blogs.diariosur.es\/wp-content\/uploads\/sites\/12\/2013\/01\/ma-466x400.jpg 466w\" sizes=\"(max-width: 674px) 100vw, 674px\" \/><\/a><\/p>\n<p><strong>Como es comentaba en el anterior post, la\u00a0temperatura\u00a0bajara\u00a0duramente\u00a0esta tarde noche y ma\u00f1ana domingo tendremos fr\u00edo, o mas bien sensaci\u00f3n\u00a0t\u00e9rmica. Poco mas que contar, os dejo que en un rato tiro para el curro. Un abrazo a todos.<\/strong><\/p>\n","protected":false},"excerpt":{"rendered":"<p>Muy buenos dias amigos de la meteo. Son las seis de la ma\u00f1ana, registro 17 grados y caen gotas ahora mismo. La ciclog\u00e9nesis explosiva ya se ha producido y Pontevedra tiene ahora mismo 961 \u00a0hectopascales, una pasada amigos. \u00a0Para los que no\u00a0sep\u00e1is, porque se produce la ciclog\u00e9nesis explosiva lo explico AQUI En nuestra Capital Malague\u00f1a\u00a0tambi\u00e9n\u00a0esta [&hellip;]<\/p>\n","protected":false},"author":16,"featured_media":4684,"comment_status":"open","ping_status":"closed","sticky":false,"template":"","format":"standard","meta":[],"categories":[2],"tags":[],"_links":{"self":[{"href":"https:\/\/blogs.diariosur.es\/tormentas-y-rayos\/wp-json\/wp\/v2\/posts\/4681"}],"collection":[{"href":"https:\/\/blogs.diariosur.es\/tormentas-y-rayos\/wp-json\/wp\/v2\/posts"}],"about":[{"href":"https:\/\/blogs.diariosur.es\/tormentas-y-rayos\/wp-json\/wp\/v2\/types\/post"}],"author":[{"embeddable":true,"href":"https:\/\/blogs.diariosur.es\/tormentas-y-rayos\/wp-json\/wp\/v2\/users\/16"}],"replies":[{"embeddable":true,"href":"https:\/\/blogs.diariosur.es\/tormentas-y-rayos\/wp-json\/wp\/v2\/comments?post=4681"}],"version-history":[{"count":0,"href":"https:\/\/blogs.diariosur.es\/tormentas-y-rayos\/wp-json\/wp\/v2\/posts\/4681\/revisions"}],"wp:featuredmedia":[{"embeddable":true,"href":"https:\/\/blogs.diariosur.es\/tormentas-y-rayos\/wp-json\/wp\/v2\/media\/4684"}],"wp:attachment":[{"href":"https:\/\/blogs.diariosur.es\/tormentas-y-rayos\/wp-json\/wp\/v2\/media?parent=4681"}],"wp:term":[{"taxonomy":"category","embeddable":true,"href":"https:\/\/blogs.diariosur.es\/tormentas-y-rayos\/wp-json\/wp\/v2\/categories?post=4681"},{"taxonomy":"post_tag","embeddable":true,"href":"https:\/\/blogs.diariosur.es\/tormentas-y-rayos\/wp-json\/wp\/v2\/tags?post=4681"}],"curies":[{"name":"wp","href":"https:\/\/api.w.org\/{rel}","templated":true}]}}