{"id":46811,"date":"2025-10-11T07:37:26","date_gmt":"2025-10-11T05:37:26","guid":{"rendered":"https:\/\/blogs.diariosur.es\/tormentas-y-rayos\/?p=46811"},"modified":"2025-10-11T07:39:51","modified_gmt":"2025-10-11T05:39:51","slug":"el-escudero-de-la-meteo-muchas-gracias-amigo-enrique-salvo-tierra","status":"publish","type":"post","link":"https:\/\/blogs.diariosur.es\/tormentas-y-rayos\/2025\/10\/11\/el-escudero-de-la-meteo-muchas-gracias-amigo-enrique-salvo-tierra\/","title":{"rendered":"El Escudero de la Meteo. Muchas gracias amigo Enrique Salvo Tierra."},"content":{"rendered":"<p><a href=\"https:\/\/static-blogs.diariosur.es\/wp-content\/uploads\/sites\/12\/2025\/09\/72999690_10217709542349272_7908844429161529344_n.jpg\"><img loading=\"lazy\" class=\"aligncenter size-thumbnail wp-image-46373\" src=\"https:\/\/static-blogs.diariosur.es\/wp-content\/uploads\/sites\/12\/2025\/09\/72999690_10217709542349272_7908844429161529344_n-150x150.jpg\" alt=\"\" width=\"150\" height=\"150\" \/><\/a><\/p>\n<p>Buenos d\u00edas, amigos de la meteo. Hasta las 5 de la madrugada hemos tenido una noche tropical en las tres estaciones de la Aemet en M\u00e1laga capital, ahora a las siete de la ma\u00f1ana el aeropuerto registra 19,2 \u00baC. La temperatura del agua del mar est\u00e1 a 22 \u00baC. La probabilidad de precipitaciones es muy baja.<\/p>\n<p>Muchas gracias, Enrique, me ha encantado, y adem\u00e1s, me has cargado las pilas que me hac\u00edan falta.<\/p>\n<h3 data-pm-slice=\"1 1 []\">Os dejo con el articulo de mi amigo.<\/h3>\n<div class=\"html-div xdj266r x14z9mp xat24cr x1lziwak xexx8yu xyri2b x18d9i69 x1c1uobl\">\n<div class=\"html-div xdj266r x14z9mp xat24cr x1lziwak xexx8yu xyri2b x18d9i69 x1c1uobl\" dir=\"auto\">\n<div class=\"html-div xdj266r x14z9mp xat24cr x1lziwak xexx8yu xyri2b x18d9i69 x1c1uobl\" data-ad-rendering-role=\"story_message\">\n<div id=\"_r_i4_\" class=\"x1iorvi4 xjkvuk6 x1g0dm76 xpdmqnj\" data-ad-comet-preview=\"message\" data-ad-preview=\"message\">\n<div class=\"x78zum5 xdt5ytf xz62fqu x16ldp7u\">\n<div class=\"xu06os2 x1ok221b\">\n<div class=\"html-div xdj266r x14z9mp xat24cr x1lziwak xexx8yu xyri2b x18d9i69 x1c1uobl\">\n<div class=\"xdj266r x14z9mp xat24cr x1lziwak x1vvkbs x126k92a\"><\/div>\n<\/div>\n<div dir=\"auto\">\n<p>Hay amaneceres que se agradecen m\u00e1s por quien los cuenta que por c\u00f3mo asoman. El de hoy, con el mar a\u00fan somnoliento y una luz de cobre fundido, llega acompa\u00f1ado por la foto y el parte del tiempo que cada ma\u00f1ana comparte el Escudero de la Meteo. No es solo un pron\u00f3stico: es un rito matinal de observaci\u00f3n, ciencia y entusiasmo.<\/p>\n<p>Hasta que Gutenberg se puso a imprimir, la ciencia era asunto de \u00e9lites cortesanas, claustros y laboratorios palaciegos. La imprenta rompi\u00f3 ese monopolio y el saber se hizo p\u00fablico, tan p\u00fablico que la ciencia acab\u00f3 volvi\u00e9ndose espect\u00e1culo. En aquellas sesiones acad\u00e9micas, ya multitudinarias, los asistentes aplaud\u00edan o abucheaban hip\u00f3tesis como si de un teatro se tratase. Imaginen al pobre Darwin, temblando ante la concurrencia que se burlaba de su teor\u00eda de la evoluci\u00f3n \u2014\u201cla ocurrencia de que el hombre viene del mono\u201d\u2014 y que acab\u00f3 caricaturizada, con sorna, en la famosa etiqueta del An\u00eds del Mono.<\/p>\n<p>Con el tiempo, aquel acceso popular al conocimiento trajo su propia fauna: los autodidactas, los curiosos, los exploradores sin t\u00edtulo. En las ciencias naturales abundaron estos rodrigones \u2014como se les llamaba con cierto desprecio\u2014 que, pese a todo, acabaron aportando hallazgos notables. El pinsapo, por ejemplo, fue descubierto por uno de ellos.<\/p>\n<p>Hoy esos herederos del entusiasmo amateur tienen un nombre m\u00e1s digno: ciencia ciudadana. Una corriente que ha democratizado la observaci\u00f3n y aportado datos de enorme valor a disciplinas tan diversas como la ornitolog\u00eda, la bot\u00e1nica, la geolog\u00eda o la meteorolog\u00eda. Y, sobre todo, ha devuelto algo que la ciencia institucional hab\u00eda perdido: la capacidad de emocionar y de contar.<\/p>\n<p>Ah\u00ed entra Jos\u00e9 Luis Escudero, m\u00e1s conocido como el de la meteo. Desde su jubilaci\u00f3n, dedica sus d\u00edas a leer el cielo con la precisi\u00f3n de un t\u00e9cnico y la pasi\u00f3n de un poeta. Observa nubes, mide el viento, escucha el rumor de las olas y traduce todo ello en lenguaje com\u00fan, sin perder rigor ni respeto por la ciencia oficial. Esa es su grandeza: no pretende suplantar al cient\u00edfico, sino complementarlo.<\/p>\n<p>Mientras algunos autodidactas caen en la tentaci\u00f3n de ser \u201cm\u00e1s papistas que el papa\u201d o de creerse profetas del clima, Escudero se ha ganado el aprecio de los profesionales de la AEMET, una de las agencias meteorol\u00f3gicas m\u00e1s prestigiosas del mundo. Lo respetan porque \u00e9l tambi\u00e9n los respeta.<\/p>\n<p>En el fondo, el Escudero de la Meteo representa algo m\u00e1s que un hombre que mira al cielo. Es la prueba de que la curiosidad sigue siendo el mejor bar\u00f3metro del alma humana. Y que, frente al ruido de la desinformaci\u00f3n, siempre habr\u00e1 quien mire las nubes con la misma fe con la que otros buscan certezas.<\/p>\n<p>En el Juego de Truenos, junto a Lillo, sabemos bien que el gran terral se acerca. Pero si lo anuncia Escudero, hasta el calor tiene su encanto.<\/p>\n<p>&nbsp;<\/p>\n<p>&nbsp;<\/p>\n<p>&nbsp;<\/p>\n<\/div>\n<\/div>\n<\/div>\n<\/div>\n<\/div>\n<\/div>\n<\/div>\n<div class=\"x8gbvx8 x80vd3b x1q0q8m5 xso031l x8cjs6t x13fuv20 x178xt8z x78zum5 x1q0g3np x1qughib xz9dl7a xpdmqnj xsag5q8 x1onr9mi x14vqqas\">\n<div class=\"x6s0dn4 x78zum5 x1nhvcw1\"><\/div>\n<\/div>\n<div>\n<div class=\"xabvvm4 xeyy32k x1ia1hqs x1a2w583 x6ikm8r x10wlt62\" data-visualcompletion=\"ignore-dynamic\">\n<div>\n<div class=\"x9f619 x1n2onr6 x1ja2u2z x78zum5 xdt5ytf x193iq5w xeuugli x1r8uery x1iyjqo2 xs83m0k x14vy60q xyiysdx x10b6aqq x1yrsyyn\"><a href=\"https:\/\/static-blogs.diariosur.es\/wp-content\/uploads\/sites\/12\/2025\/10\/52486127840_bc8c64fc43_k-e1760160418422.jpg\"><img loading=\"lazy\" class=\"aligncenter size-full wp-image-46816\" src=\"https:\/\/static-blogs.diariosur.es\/wp-content\/uploads\/sites\/12\/2025\/10\/52486127840_bc8c64fc43_k-e1760160418422.jpg\" alt=\"\" width=\"1200\" height=\"800\" \/><\/a><\/div>\n<div>\n<div>\n<div class=\"xbmvrgn x1diwwjn x1uuop16 x1fqkajt x1aj7aux x1axty5n\">\n<div class=\"x9f619 x1ja2u2z x78zum5 x2lah0s x1n2onr6 x1qughib x1qjc9v5 xozqiw3 x1q0g3np xjkvuk6 x1iorvi4 x11lt19s xe9ewy2 x4cne27 xifccgj\">\n<div class=\"x9f619 x1n2onr6 x1ja2u2z x78zum5 xdt5ytf x193iq5w xeuugli x1r8uery x1iyjqo2 xs83m0k x14vy60q xyiysdx x10b6aqq x1yrsyyn\"><\/div>\n<\/div>\n<\/div>\n<\/div>\n<\/div>\n<\/div>\n<\/div>\n<\/div>\n","protected":false},"excerpt":{"rendered":"<p>Buenos d\u00edas, amigos de la meteo. Hasta las 5 de la madrugada hemos tenido una noche tropical en las tres estaciones de la Aemet en M\u00e1laga capital, ahora a las siete de la ma\u00f1ana el aeropuerto registra 19,2 \u00baC. La temperatura del agua del mar est\u00e1 a 22 \u00baC. La probabilidad de precipitaciones es muy [&hellip;]<\/p>\n","protected":false},"author":16,"featured_media":46816,"comment_status":"open","ping_status":"open","sticky":false,"template":"","format":"standard","meta":[],"categories":[2],"tags":[2073,307,358,1365,2069],"_links":{"self":[{"href":"https:\/\/blogs.diariosur.es\/tormentas-y-rayos\/wp-json\/wp\/v2\/posts\/46811"}],"collection":[{"href":"https:\/\/blogs.diariosur.es\/tormentas-y-rayos\/wp-json\/wp\/v2\/posts"}],"about":[{"href":"https:\/\/blogs.diariosur.es\/tormentas-y-rayos\/wp-json\/wp\/v2\/types\/post"}],"author":[{"embeddable":true,"href":"https:\/\/blogs.diariosur.es\/tormentas-y-rayos\/wp-json\/wp\/v2\/users\/16"}],"replies":[{"embeddable":true,"href":"https:\/\/blogs.diariosur.es\/tormentas-y-rayos\/wp-json\/wp\/v2\/comments?post=46811"}],"version-history":[{"count":5,"href":"https:\/\/blogs.diariosur.es\/tormentas-y-rayos\/wp-json\/wp\/v2\/posts\/46811\/revisions"}],"predecessor-version":[{"id":46820,"href":"https:\/\/blogs.diariosur.es\/tormentas-y-rayos\/wp-json\/wp\/v2\/posts\/46811\/revisions\/46820"}],"wp:featuredmedia":[{"embeddable":true,"href":"https:\/\/blogs.diariosur.es\/tormentas-y-rayos\/wp-json\/wp\/v2\/media\/46816"}],"wp:attachment":[{"href":"https:\/\/blogs.diariosur.es\/tormentas-y-rayos\/wp-json\/wp\/v2\/media?parent=46811"}],"wp:term":[{"taxonomy":"category","embeddable":true,"href":"https:\/\/blogs.diariosur.es\/tormentas-y-rayos\/wp-json\/wp\/v2\/categories?post=46811"},{"taxonomy":"post_tag","embeddable":true,"href":"https:\/\/blogs.diariosur.es\/tormentas-y-rayos\/wp-json\/wp\/v2\/tags?post=46811"}],"curies":[{"name":"wp","href":"https:\/\/api.w.org\/{rel}","templated":true}]}}