{"id":46822,"date":"2025-10-16T08:00:19","date_gmt":"2025-10-16T06:00:19","guid":{"rendered":"https:\/\/blogs.diariosur.es\/tormentas-y-rayos\/?p=46822"},"modified":"2025-10-20T22:22:51","modified_gmt":"2025-10-20T20:22:51","slug":"5000-muertos-en-la-herradura-granada-por-un-ciclon-extratropical-del-tipo-de-shapiro-y-keyser","status":"publish","type":"post","link":"https:\/\/blogs.diariosur.es\/tormentas-y-rayos\/2025\/10\/16\/5000-muertos-en-la-herradura-granada-por-un-ciclon-extratropical-del-tipo-de-shapiro-y-keyser\/","title":{"rendered":"5000 muertos en la Herradura (Granada) por un cicl\u00f3n extratropical, del tipo de Shapiro y Keyser"},"content":{"rendered":"<p><a href=\"https:\/\/static-blogs.diariosur.es\/wp-content\/uploads\/sites\/12\/2025\/09\/72999690_10217709542349272_7908844429161529344_n.jpg\"><img loading=\"lazy\" class=\"aligncenter size-thumbnail wp-image-46373\" src=\"https:\/\/static-blogs.diariosur.es\/wp-content\/uploads\/sites\/12\/2025\/09\/72999690_10217709542349272_7908844429161529344_n-150x150.jpg\" alt=\"\" width=\"150\" height=\"150\" \/><\/a><\/p>\n<p data-pm-slice=\"1 1 []\">Buenos d\u00edas, amigos de la meteo. Antes de explicaros lo que sucedi\u00f3 en La Herradura, os comento que han ca\u00eddo chubascos en la zona de Torrox, Algarrobo, V\u00e9lez M\u00e1laga, Frigiliana y Nerja, en algunos puntos hasta 6 mm.<\/p>\n<p data-pm-slice=\"1 1 []\">Como todos los a\u00f1os y para mis nuevos seguidores, os explicar\u00e9 qu\u00e9 pas\u00f3 en La Herradura un 19 de octubre de 1562. Como ma\u00f1ana me voy a Valladolid y no vuelvo hasta el domingo, os adelanto el relato.<\/p>\n<h3><span style=\"color: #ff0000;\"><strong>Cinco mil fallecidos y 25 galeras hundidas en la Herradura<\/strong><\/span><\/h3>\n<p data-pm-slice=\"1 1 []\">Hoy se cumplen 463 a\u00f1os del desastre naval de la armada espa\u00f1ola en la Herradura, donde se hundieron 25 galeras y hubo cinco mil fallecidos. Muchos os preguntar\u00e9is: \u00bfQu\u00e9 tiene que ver esto con el tiempo? Pues bastante, amigos de la meteo.<\/p>\n<p>Os cuento: En el a\u00f1o 1562, cuando reinaba Felipe II, las galeras se dedicaban a inspeccionar todo el Mediterr\u00e1neo para controlar la pirater\u00eda turco-berberisca, aportar v\u00edveres a otras plazas y trasladar soldados y familiares a otros puertos.<\/p>\n<p>El 18 de octubre del a\u00f1o antes mencionado, veintiocho galeras al mando de don Juan de Mendoza fondeaban en la bah\u00eda de M\u00e1laga, cargando v\u00edveres y pasaje. Al comenzar un temporal de levante y antes de que fuera a m\u00e1s, Mendoza decidi\u00f3 marchar a la Herradura; en aquellos tiempos el puerto de M\u00e1laga no ten\u00eda defensa ante los temporales de levante. Una vez salieron todas las naves a remo, a la altura de\u00a0<em>Vezmiliana (proximidades del actual Rinc\u00f3n de la Victoria),<\/em> el viento cambi\u00f3 bruscamente a terral,\u00a0provocando que la galera Caballo de N\u00e1poles embistiera a la Soberana de Espa\u00f1a, que tuvo que ser remolcada. Llegando a Nerja, vuelve el viento de levante con rachas muy fuertes y grandes olas, dificultando mucho la llegada a La Herradura.<\/p>\n<p>Una vez llegaron a la Herradura, toda la flota compuesta por 28 galeras se situ\u00f3 en la Punta de la Mona; Mendoza sab\u00eda que esta zona proteg\u00eda de los vientos de levante y de las olas. La otra zona de la Herradura, que es el Cerro Gordo, protege de los temporales de poniente. Una vez fondeadas, el viento de levante y las olas fueron a menos; durante un tiempo tuvieron calma chicha. Pero enseguida cambi\u00f3 el viento bruscamente y un impresionante temporal de suroeste empez\u00f3 a afectar a las galeras. Don Juan de Mendoza dio la orden de levantar anclas para situarse en la zona del Cerro Gordo, pero ya fue demasiado tarde. Las naves empezaron a chocar unas con otras y a la vez las grandes olas las mandaban contra las rocas. De las 28 naves solo se salvaron tres,\u00a0Mendoza, Soberana y San Juan; fallecieron 5000 personas, entre marineros, remeros, soldados y pasaje.<\/p>\n<p>Y muchos os preguntar\u00e9is qu\u00e9 pas\u00f3 para que cambiara de pronto la direcci\u00f3n del viento; muy f\u00e1cil, amigos de la meteo.<\/p>\n<p>Un cicl\u00f3n extratropical entr\u00f3 por el Cabo de San Vicente, continu\u00f3 por el Golfo de C\u00e1diz, Estrecho y Mar de Albor\u00e1n, con rachas de viento de m\u00e1s de 115 km\/h, dejando mar arbolada con olas de 8 y 9 metros. Cuando el cicl\u00f3n se encontraba por el Golfo de C\u00e1diz, el viento era de levante; una vez pas\u00f3 el Estrecho y se adentr\u00f3 en el Mar de Albor\u00e1n, cambi\u00f3 el viento bruscamente a suroeste y a poniente; por este motivo no le dio tiempo a reaccionar a don Juan de Mendoza. Pero mis amigos Jos\u00e9 Mar\u00eda S\u00e1nchez-Laulh\u00e9 y Mar\u00eda del Carmen S\u00e1nchez de Cos, lo explican mejor m\u00e1s abajo del post.<\/p>\n<p>Este temporal tambi\u00e9n se dej\u00f3 notar en toda la costa de M\u00e1laga y provincia de Granada. <strong>Este hecho est\u00e1 mencionado en el cap\u00edtulo 31 de la segunda parte del Quijote.<\/strong><\/p>\n<p>&nbsp;<\/p>\n<p>Os paso este mapa que he hecho de La Herradura, para que ve\u00e1is d\u00f3nde estaban las galeras.<\/p>\n<p>&nbsp;<\/p>\n<p><a href=\"https:\/\/static-blogs.diariosur.es\/wp-content\/uploads\/sites\/12\/2022\/10\/cc-1-e1666110222617.jpg\"><img loading=\"lazy\" class=\"aligncenter size-full wp-image-34775\" src=\"https:\/\/static-blogs.diariosur.es\/wp-content\/uploads\/sites\/12\/2022\/10\/cc-1-e1666110222617.jpg\" alt=\"\" width=\"1200\" height=\"667\" \/><\/a><\/p>\n<p>&nbsp;<\/p>\n<h3><span style=\"color: #ff0000;\"><strong>\u00bfPorqu\u00e9 sucedi\u00f3 esto?<\/strong><\/span><\/h3>\n<p>Os dejo con este gran articulo de la Revista Ram, donde Jos\u00e9 Mar\u00eda S\u00e1nchez-Laulh\u00e9 y Mar\u00eda del Carmen S\u00e1nchez de Cos de la AEMET, explican lo m\u00e1s probable que paso ese d\u00eda.<\/p>\n<h3 class=\"titular\"><a href=\"https:\/\/www.tiempo.com\/ram\/31061\/meteorologia-en-el-naufragio-de-la-flota-espanola-de-galeras-en-la-herradura-almunecar-en-1562\/\" rel=\"external nofollow\">Meteorolog\u00eda en el naufragio de la flota espa\u00f1ola de galeras en La Herradura (Almu\u00f1ecar) en 1562<\/a><\/h3>\n<p>&nbsp;<\/p>\n<p>Imagen IR 10.8 \u00b5m Meteosat de 21:45 UTC del 2 de mayo de 2004. Algo parecido pudo pasar el 19 de octubre del 1562,\u00a0cicl\u00f3n extratropical del tipo de Shapiro- Keyser (S-K<\/p>\n<p>&nbsp;<\/p>\n<p><a href=\"https:\/\/static-blogs.diariosur.es\/wp-content\/uploads\/sites\/12\/2021\/10\/Captura-de-pantalla-2022-10-17-075213.png\"><img loading=\"lazy\" class=\"aligncenter size-full wp-image-34742\" src=\"https:\/\/static-blogs.diariosur.es\/wp-content\/uploads\/sites\/12\/2021\/10\/Captura-de-pantalla-2022-10-17-075213.png\" alt=\"\" width=\"632\" height=\"489\" srcset=\"https:\/\/static-blogs.diariosur.es\/wp-content\/uploads\/sites\/12\/2021\/10\/Captura-de-pantalla-2022-10-17-075213.png 632w, https:\/\/static-blogs.diariosur.es\/wp-content\/uploads\/sites\/12\/2021\/10\/Captura-de-pantalla-2022-10-17-075213-517x400.png 517w\" sizes=\"(max-width: 632px) 100vw, 632px\" \/><\/a><\/p>\n<p>Monumento al naufragio<\/p>\n<p>&nbsp;<\/p>\n<p><a href=\"https:\/\/static-blogs.diariosur.es\/wp-content\/uploads\/sites\/12\/2022\/10\/20230724_111121.jpg\"><img loading=\"lazy\" class=\"aligncenter size-full wp-image-37769\" src=\"https:\/\/static-blogs.diariosur.es\/wp-content\/uploads\/sites\/12\/2022\/10\/20230724_111121.jpg\" alt=\"\" width=\"1200\" height=\"900\" srcset=\"https:\/\/static-blogs.diariosur.es\/wp-content\/uploads\/sites\/12\/2022\/10\/20230724_111121.jpg 1200w, https:\/\/static-blogs.diariosur.es\/wp-content\/uploads\/sites\/12\/2022\/10\/20230724_111121-533x400.jpg 533w, https:\/\/static-blogs.diariosur.es\/wp-content\/uploads\/sites\/12\/2022\/10\/20230724_111121-768x576.jpg 768w\" sizes=\"(max-width: 1200px) 100vw, 1200px\" \/><\/a><\/p>\n<p><a href=\"https:\/\/static-blogs.diariosur.es\/wp-content\/uploads\/sites\/12\/2022\/10\/20230724_111102-e1690195266692.jpg\"><img loading=\"lazy\" class=\"aligncenter size-full wp-image-37770\" src=\"https:\/\/static-blogs.diariosur.es\/wp-content\/uploads\/sites\/12\/2022\/10\/20230724_111102-e1690195266692.jpg\" alt=\"\" width=\"900\" height=\"675\" \/><\/a><\/p>\n<p>&nbsp;<\/p>\n<p>Os recuerdo tambien esta efem\u00e9rides.<\/p>\n<ul>\n<li><strong>19\u00a0octubre\u00a01973:\u00a0<\/strong><strong>Como continuaci\u00f3n de la tormenta iniciada el 18, se recogen 600 l\/m2 en Z\u00fargena (Almer\u00eda) y otros 600 l\/m2 en Albu\u00f1ol (Granada), que son el segundo registro de m\u00e1xima precipitaci\u00f3n en Espa\u00f1a, despu\u00e9s del de Gand\u00eda (Valencia) el 3\/11\/1987 con 817 litros. Se producen numerosas v\u00edctimas mortales. Los municipios de La R\u00e1bita (Granada) y Puerto Lumbreras (Murcia), quedaron arrasados.<\/strong><\/li>\n<\/ul>\n<p>&nbsp;<\/p>\n","protected":false},"excerpt":{"rendered":"<p>Buenos d\u00edas, amigos de la meteo. Antes de explicaros lo que sucedi\u00f3 en La Herradura, os comento que han ca\u00eddo chubascos en la zona de Torrox, Algarrobo, V\u00e9lez M\u00e1laga, Frigiliana y Nerja, en algunos puntos hasta 6 mm. Como todos los a\u00f1os y para mis nuevos seguidores, os explicar\u00e9 qu\u00e9 pas\u00f3 en La Herradura un [&hellip;]<\/p>\n","protected":false},"author":16,"featured_media":46867,"comment_status":"open","ping_status":"open","sticky":false,"template":"","format":"standard","meta":[],"categories":[2],"tags":[2074,1636,668],"_links":{"self":[{"href":"https:\/\/blogs.diariosur.es\/tormentas-y-rayos\/wp-json\/wp\/v2\/posts\/46822"}],"collection":[{"href":"https:\/\/blogs.diariosur.es\/tormentas-y-rayos\/wp-json\/wp\/v2\/posts"}],"about":[{"href":"https:\/\/blogs.diariosur.es\/tormentas-y-rayos\/wp-json\/wp\/v2\/types\/post"}],"author":[{"embeddable":true,"href":"https:\/\/blogs.diariosur.es\/tormentas-y-rayos\/wp-json\/wp\/v2\/users\/16"}],"replies":[{"embeddable":true,"href":"https:\/\/blogs.diariosur.es\/tormentas-y-rayos\/wp-json\/wp\/v2\/comments?post=46822"}],"version-history":[{"count":4,"href":"https:\/\/blogs.diariosur.es\/tormentas-y-rayos\/wp-json\/wp\/v2\/posts\/46822\/revisions"}],"predecessor-version":[{"id":46896,"href":"https:\/\/blogs.diariosur.es\/tormentas-y-rayos\/wp-json\/wp\/v2\/posts\/46822\/revisions\/46896"}],"wp:featuredmedia":[{"embeddable":true,"href":"https:\/\/blogs.diariosur.es\/tormentas-y-rayos\/wp-json\/wp\/v2\/media\/46867"}],"wp:attachment":[{"href":"https:\/\/blogs.diariosur.es\/tormentas-y-rayos\/wp-json\/wp\/v2\/media?parent=46822"}],"wp:term":[{"taxonomy":"category","embeddable":true,"href":"https:\/\/blogs.diariosur.es\/tormentas-y-rayos\/wp-json\/wp\/v2\/categories?post=46822"},{"taxonomy":"post_tag","embeddable":true,"href":"https:\/\/blogs.diariosur.es\/tormentas-y-rayos\/wp-json\/wp\/v2\/tags?post=46822"}],"curies":[{"name":"wp","href":"https:\/\/api.w.org\/{rel}","templated":true}]}}