{"id":46824,"date":"2025-10-12T08:08:00","date_gmt":"2025-10-12T06:08:00","guid":{"rendered":"https:\/\/blogs.diariosur.es\/tormentas-y-rayos\/?p=46824"},"modified":"2025-10-12T11:52:38","modified_gmt":"2025-10-12T09:52:38","slug":"insoportable-un-12-de-octubre-en-malaga-capital-y-otras-zonas-de-la-provincia-esta-pasada-madrugada","status":"publish","type":"post","link":"https:\/\/blogs.diariosur.es\/tormentas-y-rayos\/2025\/10\/12\/insoportable-un-12-de-octubre-en-malaga-capital-y-otras-zonas-de-la-provincia-esta-pasada-madrugada\/","title":{"rendered":"Insoportable un 12 de octubre en M\u00e1laga capital y otras zonas de la provincia esta pasada madrugada."},"content":{"rendered":"<p data-pm-slice=\"1 1 []\"><a href=\"https:\/\/static-blogs.diariosur.es\/wp-content\/uploads\/sites\/12\/2025\/09\/72999690_10217709542349272_7908844429161529344_n.jpg\"><img loading=\"lazy\" class=\"aligncenter size-thumbnail wp-image-46373\" src=\"https:\/\/static-blogs.diariosur.es\/wp-content\/uploads\/sites\/12\/2025\/09\/72999690_10217709542349272_7908844429161529344_n-150x150.jpg\" alt=\"\" width=\"150\" height=\"150\" \/><\/a><\/p>\n<p data-pm-slice=\"1 1 []\">Buenos d\u00edas, amigos de la meteo. Primero de todo, daros las gracias, de parte de Enrique Salvo Tierra, por los comentarios que hab\u00e9is puesto de su art\u00edculo que escribi\u00f3 en el peri\u00f3dico, os lo pongo otra vez: <a href=\"https:\/\/blogs.diariosur.es\/tormentas-y-rayos\/2025\/10\/11\/el-escudero-de-la-meteo-muchas-gracias-amigo-enrique-salvo-tierra\/\"><strong>El Escudero de la Meteo<\/strong><\/a><\/p>\n<p data-pm-slice=\"1 1 []\">Cuando son las siete de la ma\u00f1ana en M\u00e1laga capital, mi estaci\u00f3n registra 20,5 \u00baC, los cielos est\u00e1n despejados y el viento sopla flojo de componente este en mi zona. La temperatura del agua del mar es de 22 \u00baC y en la costa tenemos mag\u00f3n (mar de fondo). La temperatura m\u00e1xima prevista hoy en la capital rondar\u00e1 entre los 26 \u00baC y 27 \u00baC. <span style=\"color: #800000;\">Tanto hoy domingo como ma\u00f1ana lunes, tendremos un poco de polvo en suspensi\u00f3n.<\/span><\/p>\n<p>Ayer s\u00e1bado, el Centro Meteorol\u00f3gico de M\u00e1laga registr\u00f3 26,6 \u00baC; destacar \u00c1lora con 27 \u00baC y Fuente de Piedra con 27,5 \u00baC. La racha m\u00e1xima de viento se dio en Manilva con 43 km\/h.<\/p>\n<p>&nbsp;<\/p>\n<h3><span style=\"color: #ff0000;\"><strong>Insoportable un 12 de octubre en M\u00e1laga capital y otras zonas de la provincia esta pasada madrugada.<\/strong><\/span><\/h3>\n<p data-pm-slice=\"1 1 []\">Noche y madrugada tropical en las tres estaciones que tiene la Aemet en M\u00e1laga capital, han rondado los 21 \u00baC, qu\u00e9 ganitas tengo de que entre el fr\u00edo.<\/p>\n<p data-pm-slice=\"1 1 []\">Destacar tambi\u00e9n a Estepona, Marbella, Torremolinos y Nerja, que tampoco han bajado de 21 \u00baC y 20 \u00baC.<\/p>\n<p data-pm-slice=\"1 1 []\">Os paso los gr\u00e1ficos de temperatura de las tres estaciones en M\u00e1laga capital hasta las seis de la ma\u00f1ana.<\/p>\n<p>&nbsp;<\/p>\n<p><a href=\"https:\/\/static-blogs.diariosur.es\/wp-content\/uploads\/sites\/12\/2025\/10\/aeropuerto-e1760244710127.jpg\"><img loading=\"lazy\" class=\"aligncenter size-full wp-image-46825\" src=\"https:\/\/static-blogs.diariosur.es\/wp-content\/uploads\/sites\/12\/2025\/10\/aeropuerto-e1760244710127.jpg\" alt=\"\" width=\"1100\" height=\"476\" \/><\/a><\/p>\n<p>&nbsp;<\/p>\n<p><a href=\"https:\/\/static-blogs.diariosur.es\/wp-content\/uploads\/sites\/12\/2025\/10\/centro-meteo-e1760244737689.jpg\"><img loading=\"lazy\" class=\"aligncenter size-full wp-image-46826\" src=\"https:\/\/static-blogs.diariosur.es\/wp-content\/uploads\/sites\/12\/2025\/10\/centro-meteo-e1760244737689.jpg\" alt=\"\" width=\"1100\" height=\"513\" \/><\/a><\/p>\n<p>&nbsp;<\/p>\n<p><a href=\"https:\/\/static-blogs.diariosur.es\/wp-content\/uploads\/sites\/12\/2025\/10\/puerto-1-e1760244761566.jpg\"><img loading=\"lazy\" class=\"aligncenter size-full wp-image-46827\" src=\"https:\/\/static-blogs.diariosur.es\/wp-content\/uploads\/sites\/12\/2025\/10\/puerto-1-e1760244761566.jpg\" alt=\"\" width=\"1100\" height=\"504\" \/><\/a><\/p>\n<p>&nbsp;<\/p>\n<p data-pm-slice=\"1 1 []\"><strong>A vuestra pregunta del probable cambio de tiempo para finales de octubre, hay mucha incertidumbre, en estos momentos, con los modelos. A mediados de la semana que viene estar\u00e1 m\u00e1s claro. Yo, particularmente, no me hago muchas ilusiones; ojal\u00e1 me equivoque.<\/strong><\/p>\n<p data-pm-slice=\"1 1 []\">Os dejo con esta foto de archivo.<\/p>\n<p data-pm-slice=\"1 1 []\"><a href=\"https:\/\/static-blogs.diariosur.es\/wp-content\/uploads\/sites\/12\/2025\/10\/53366051064_908a56277f_o-scaled-e1760249264208.jpg\"><img loading=\"lazy\" class=\"aligncenter size-full wp-image-46831\" src=\"https:\/\/static-blogs.diariosur.es\/wp-content\/uploads\/sites\/12\/2025\/10\/53366051064_908a56277f_o-scaled-e1760249264208.jpg\" alt=\"\" width=\"1000\" height=\"750\" \/><\/a><\/p>\n","protected":false},"excerpt":{"rendered":"<p>Buenos d\u00edas, amigos de la meteo. Primero de todo, daros las gracias, de parte de Enrique Salvo Tierra, por los comentarios que hab\u00e9is puesto de su art\u00edculo que escribi\u00f3 en el peri\u00f3dico, os lo pongo otra vez: El Escudero de la Meteo Cuando son las siete de la ma\u00f1ana en M\u00e1laga capital, mi estaci\u00f3n registra [&hellip;]<\/p>\n","protected":false},"author":16,"featured_media":46831,"comment_status":"open","ping_status":"open","sticky":false,"template":"","format":"standard","meta":[],"categories":[2],"tags":[2073,358,587,704,800,1026],"_links":{"self":[{"href":"https:\/\/blogs.diariosur.es\/tormentas-y-rayos\/wp-json\/wp\/v2\/posts\/46824"}],"collection":[{"href":"https:\/\/blogs.diariosur.es\/tormentas-y-rayos\/wp-json\/wp\/v2\/posts"}],"about":[{"href":"https:\/\/blogs.diariosur.es\/tormentas-y-rayos\/wp-json\/wp\/v2\/types\/post"}],"author":[{"embeddable":true,"href":"https:\/\/blogs.diariosur.es\/tormentas-y-rayos\/wp-json\/wp\/v2\/users\/16"}],"replies":[{"embeddable":true,"href":"https:\/\/blogs.diariosur.es\/tormentas-y-rayos\/wp-json\/wp\/v2\/comments?post=46824"}],"version-history":[{"count":6,"href":"https:\/\/blogs.diariosur.es\/tormentas-y-rayos\/wp-json\/wp\/v2\/posts\/46824\/revisions"}],"predecessor-version":[{"id":46834,"href":"https:\/\/blogs.diariosur.es\/tormentas-y-rayos\/wp-json\/wp\/v2\/posts\/46824\/revisions\/46834"}],"wp:featuredmedia":[{"embeddable":true,"href":"https:\/\/blogs.diariosur.es\/tormentas-y-rayos\/wp-json\/wp\/v2\/media\/46831"}],"wp:attachment":[{"href":"https:\/\/blogs.diariosur.es\/tormentas-y-rayos\/wp-json\/wp\/v2\/media?parent=46824"}],"wp:term":[{"taxonomy":"category","embeddable":true,"href":"https:\/\/blogs.diariosur.es\/tormentas-y-rayos\/wp-json\/wp\/v2\/categories?post=46824"},{"taxonomy":"post_tag","embeddable":true,"href":"https:\/\/blogs.diariosur.es\/tormentas-y-rayos\/wp-json\/wp\/v2\/tags?post=46824"}],"curies":[{"name":"wp","href":"https:\/\/api.w.org\/{rel}","templated":true}]}}