{"id":46857,"date":"2025-10-15T07:53:21","date_gmt":"2025-10-15T05:53:21","guid":{"rendered":"https:\/\/blogs.diariosur.es\/tormentas-y-rayos\/?p=46857"},"modified":"2025-10-15T07:53:21","modified_gmt":"2025-10-15T05:53:21","slug":"se-esperan-precipitaciones-manana-jueves-en-la-provincia-malaguena","status":"publish","type":"post","link":"https:\/\/blogs.diariosur.es\/tormentas-y-rayos\/2025\/10\/15\/se-esperan-precipitaciones-manana-jueves-en-la-provincia-malaguena\/","title":{"rendered":"\u00bfSe esperan precipitaciones ma\u00f1ana jueves en la provincia malague\u00f1a?"},"content":{"rendered":"<p><a href=\"https:\/\/static-blogs.diariosur.es\/wp-content\/uploads\/sites\/12\/2025\/09\/72999690_10217709542349272_7908844429161529344_n.jpg\"><img loading=\"lazy\" class=\"aligncenter size-thumbnail wp-image-46373\" src=\"https:\/\/static-blogs.diariosur.es\/wp-content\/uploads\/sites\/12\/2025\/09\/72999690_10217709542349272_7908844429161529344_n-150x150.jpg\" alt=\"\" width=\"150\" height=\"150\" \/><\/a><\/p>\n<p data-pm-slice=\"1 1 []\">Buenos d\u00edas, amigos de la meteo. He recibido wassat y correos, pregunt\u00e1ndome si ma\u00f1ana jueves llueve. Os explico: ma\u00f1ana tendremos aire fr\u00edo inestable en altura y viento muy h\u00famedo de levante; esto puede traer consigo que caigan chubascos d\u00e9biles y espor\u00e1dicos en algunos puntos de la costa, sobre todo a primeras horas de la ma\u00f1ana y por la tarde en el interior, en zonas de monta\u00f1a. Salvo sorpresas, no espero gran cosa; habr\u00e1 muchos portales que no se mojen.<\/p>\n<p data-pm-slice=\"1 1 []\">El viernes, aunque la probabilidad es menor, tambi\u00e9n puede caer algunas gotas.<\/p>\n<p data-pm-slice=\"1 1 []\">De todas formas, cuando actualicen los modelos en mesoescala, os dar\u00e9 esta tarde la \u00faltima hora para ma\u00f1ana, por si ha cambiado.<\/p>\n<p>&nbsp;<\/p>\n<p>&nbsp;<\/p>\n","protected":false},"excerpt":{"rendered":"<p>Buenos d\u00edas, amigos de la meteo. He recibido wassat y correos, pregunt\u00e1ndome si ma\u00f1ana jueves llueve. Os explico: ma\u00f1ana tendremos aire fr\u00edo inestable en altura y viento muy h\u00famedo de levante; esto puede traer consigo que caigan chubascos d\u00e9biles y espor\u00e1dicos en algunos puntos de la costa, sobre todo a primeras horas de la ma\u00f1ana [&hellip;]<\/p>\n","protected":false},"author":16,"featured_media":46863,"comment_status":"open","ping_status":"open","sticky":false,"template":"","format":"standard","meta":[],"categories":[2],"tags":[358,587,800],"_links":{"self":[{"href":"https:\/\/blogs.diariosur.es\/tormentas-y-rayos\/wp-json\/wp\/v2\/posts\/46857"}],"collection":[{"href":"https:\/\/blogs.diariosur.es\/tormentas-y-rayos\/wp-json\/wp\/v2\/posts"}],"about":[{"href":"https:\/\/blogs.diariosur.es\/tormentas-y-rayos\/wp-json\/wp\/v2\/types\/post"}],"author":[{"embeddable":true,"href":"https:\/\/blogs.diariosur.es\/tormentas-y-rayos\/wp-json\/wp\/v2\/users\/16"}],"replies":[{"embeddable":true,"href":"https:\/\/blogs.diariosur.es\/tormentas-y-rayos\/wp-json\/wp\/v2\/comments?post=46857"}],"version-history":[{"count":7,"href":"https:\/\/blogs.diariosur.es\/tormentas-y-rayos\/wp-json\/wp\/v2\/posts\/46857\/revisions"}],"predecessor-version":[{"id":46865,"href":"https:\/\/blogs.diariosur.es\/tormentas-y-rayos\/wp-json\/wp\/v2\/posts\/46857\/revisions\/46865"}],"wp:featuredmedia":[{"embeddable":true,"href":"https:\/\/blogs.diariosur.es\/tormentas-y-rayos\/wp-json\/wp\/v2\/media\/46863"}],"wp:attachment":[{"href":"https:\/\/blogs.diariosur.es\/tormentas-y-rayos\/wp-json\/wp\/v2\/media?parent=46857"}],"wp:term":[{"taxonomy":"category","embeddable":true,"href":"https:\/\/blogs.diariosur.es\/tormentas-y-rayos\/wp-json\/wp\/v2\/categories?post=46857"},{"taxonomy":"post_tag","embeddable":true,"href":"https:\/\/blogs.diariosur.es\/tormentas-y-rayos\/wp-json\/wp\/v2\/tags?post=46857"}],"curies":[{"name":"wp","href":"https:\/\/api.w.org\/{rel}","templated":true}]}}