{"id":4687,"date":"2013-01-20T08:07:47","date_gmt":"2013-01-20T07:07:47","guid":{"rendered":"http:\/\/blogs.diariosur.es\/tormentas-y-rayos\/?p=4687"},"modified":"2013-01-20T08:07:47","modified_gmt":"2013-01-20T07:07:47","slug":"lo-que-el-viento-se-llevo-ciclogenesis-gong-deja-rachas-de-casi-150-kmh-prediccion-del-tiempo-domingo-20-1-2013","status":"publish","type":"post","link":"https:\/\/blogs.diariosur.es\/tormentas-y-rayos\/2013\/01\/20\/lo-que-el-viento-se-llevo-ciclogenesis-gong-deja-rachas-de-casi-150-kmh-prediccion-del-tiempo-domingo-20-1-2013\/","title":{"rendered":"&#8220;Lo que el viento se llevo &#8220;. Ciclog\u00e9nesis. Gong deja rachas de casi 150 km\/h. Predicci\u00f3n del tiempo domingo 20-1-2013"},"content":{"rendered":"<p><strong>Buenos dias amigos de la meteo<\/strong>. <strong>Son las seis de la ma\u00f1ana, registro 10,1 grados y el viento de terral de invierno ha soplado entre moderado y fuerte esta madrugada. Asi que la sensaci\u00f3n\u00a0t\u00e9rmica\u00a0es de 5 grados.<\/strong><\/p>\n<p><a href=\"https:\/\/blogs.diariosur.es\/tormentas-y-rayos\/2013\/01\/20\/lo-que-el-viento-se-llevo-ciclogenesis-gong-deja-rachas-de-casi-150-kmh-prediccion-del-tiempo-domingo-20-1-2013\/049-2\/\" rel=\"attachment wp-att-4688\"><img loading=\"lazy\" class=\"aligncenter size-full wp-image-4688\" title=\"049\" src=\"\/tormentas-y-rayos\/wp-content\/uploads\/sites\/12\/2013\/01\/049.jpg\" alt=\"\" width=\"680\" height=\"454\" srcset=\"https:\/\/static-blogs.diariosur.es\/wp-content\/uploads\/sites\/12\/2013\/01\/049.jpg 680w, https:\/\/static-blogs.diariosur.es\/wp-content\/uploads\/sites\/12\/2013\/01\/049-599x400.jpg 599w\" sizes=\"(max-width: 680px) 100vw, 680px\" \/><\/a><\/p>\n<p><strong>Se cumplieron los pron\u00f3sticos ayer s\u00e1bado ( aunque yo pensaba que seria un poco mas tarde) \u00a0y desde las ocho de la ma\u00f1ana hasta las diez, se registraron las rachas mas fuertes de viento, que iban acompa\u00f1adas por fuertes aguaceros. Y si no que se lo pregunten a mi compa\u00f1ero Antonio, que pod\u00e9is ver en la foto de portada. Se puso empapado y el paraguas creo que lo ha tenido que tirar. Hablando de paraguas, ayer fue el dia que mas paraguas se llevo el viento je je, y si no se los llevo, los hizo trizas. Mi mujer Geno, no se le ocurre otra cosa que salir a comprar \u00a0el pan cuando mas llov\u00eda y mas soplaba Gong, como resultado le paso esto ji ji. No se pa que tiene al hombre del tiempo en casa.<\/strong><\/p>\n<p><a href=\"https:\/\/blogs.diariosur.es\/tormentas-y-rayos\/2013\/01\/20\/lo-que-el-viento-se-llevo-ciclogenesis-gong-deja-rachas-de-casi-150-kmh-prediccion-del-tiempo-domingo-20-1-2013\/olympus-digital-camera-1042\/\" rel=\"attachment wp-att-4689\"><img loading=\"lazy\" class=\"aligncenter size-full wp-image-4689\" title=\"OLYMPUS DIGITAL CAMERA\" src=\"\/tormentas-y-rayos\/wp-content\/uploads\/sites\/12\/2013\/01\/063.jpg\" alt=\"\" width=\"680\" height=\"510\" srcset=\"https:\/\/static-blogs.diariosur.es\/wp-content\/uploads\/sites\/12\/2013\/01\/063.jpg 680w, https:\/\/static-blogs.diariosur.es\/wp-content\/uploads\/sites\/12\/2013\/01\/063-533x400.jpg 533w\" sizes=\"(max-width: 680px) 100vw, 680px\" \/><\/a><\/p>\n<p>&nbsp;<\/p>\n<p><strong>Pero no solo se rompieron o volaron paraguas, tambi\u00e9n el fuerte viento tiro palmeras, ramas de arboles y vallas.<\/strong><\/p>\n<p><a href=\"https:\/\/blogs.diariosur.es\/tormentas-y-rayos\/2013\/01\/20\/lo-que-el-viento-se-llevo-ciclogenesis-gong-deja-rachas-de-casi-150-kmh-prediccion-del-tiempo-domingo-20-1-2013\/attachment\/040\/\" rel=\"attachment wp-att-4690\"><img loading=\"lazy\" class=\"aligncenter size-full wp-image-4690\" title=\"040\" src=\"\/tormentas-y-rayos\/wp-content\/uploads\/sites\/12\/2013\/01\/040.jpg\" alt=\"\" width=\"680\" height=\"508\" srcset=\"https:\/\/static-blogs.diariosur.es\/wp-content\/uploads\/sites\/12\/2013\/01\/040.jpg 680w, https:\/\/static-blogs.diariosur.es\/wp-content\/uploads\/sites\/12\/2013\/01\/040-535x400.jpg 535w\" sizes=\"(max-width: 680px) 100vw, 680px\" \/><\/a><\/p>\n<p><a href=\"https:\/\/blogs.diariosur.es\/tormentas-y-rayos\/2013\/01\/20\/lo-que-el-viento-se-llevo-ciclogenesis-gong-deja-rachas-de-casi-150-kmh-prediccion-del-tiempo-domingo-20-1-2013\/attachment\/043\/\" rel=\"attachment wp-att-4691\"><img loading=\"lazy\" class=\"aligncenter size-full wp-image-4691\" title=\"043\" src=\"\/tormentas-y-rayos\/wp-content\/uploads\/sites\/12\/2013\/01\/043.jpg\" alt=\"\" width=\"680\" height=\"508\" srcset=\"https:\/\/static-blogs.diariosur.es\/wp-content\/uploads\/sites\/12\/2013\/01\/043.jpg 680w, https:\/\/static-blogs.diariosur.es\/wp-content\/uploads\/sites\/12\/2013\/01\/043-535x400.jpg 535w\" sizes=\"(max-width: 680px) 100vw, 680px\" \/><\/a><\/p>\n<p><a href=\"https:\/\/blogs.diariosur.es\/tormentas-y-rayos\/2013\/01\/20\/lo-que-el-viento-se-llevo-ciclogenesis-gong-deja-rachas-de-casi-150-kmh-prediccion-del-tiempo-domingo-20-1-2013\/044-2\/\" rel=\"attachment wp-att-4692\"><img loading=\"lazy\" class=\"aligncenter size-full wp-image-4692\" title=\"044\" src=\"\/tormentas-y-rayos\/wp-content\/uploads\/sites\/12\/2013\/01\/044.jpg\" alt=\"\" width=\"680\" height=\"508\" srcset=\"https:\/\/static-blogs.diariosur.es\/wp-content\/uploads\/sites\/12\/2013\/01\/044.jpg 680w, https:\/\/static-blogs.diariosur.es\/wp-content\/uploads\/sites\/12\/2013\/01\/044-535x400.jpg 535w\" sizes=\"(max-width: 680px) 100vw, 680px\" \/><\/a><\/p>\n<p>&nbsp;<\/p>\n<p>&nbsp;<\/p>\n<p><strong>Tambien hubo una\u00a0intr\u00e9pida\u00a0reportera que cuando gong se cebaba con M\u00e1laga, tomaba fotos de la ciclog\u00e9nesis je je. Lo malo que nuestra reportera Paqui Carnero, se quedo sin paraguas. Tendremos que hacer una\u00a0colecta ji ji.\u00a0<\/strong><\/p>\n<p><a href=\"https:\/\/blogs.diariosur.es\/tormentas-y-rayos\/2013\/01\/20\/lo-que-el-viento-se-llevo-ciclogenesis-gong-deja-rachas-de-casi-150-kmh-prediccion-del-tiempo-domingo-20-1-2013\/45919_4119556478191_425822106_n\/\" rel=\"attachment wp-att-4704\"><img loading=\"lazy\" class=\"aligncenter size-full wp-image-4704\" title=\"45919_4119556478191_425822106_n\" src=\"\/tormentas-y-rayos\/wp-content\/uploads\/sites\/12\/2013\/01\/45919_4119556478191_425822106_n.jpg\" alt=\"\" width=\"300\" height=\"615\" srcset=\"https:\/\/static-blogs.diariosur.es\/wp-content\/uploads\/sites\/12\/2013\/01\/45919_4119556478191_425822106_n.jpg 300w, https:\/\/static-blogs.diariosur.es\/wp-content\/uploads\/sites\/12\/2013\/01\/45919_4119556478191_425822106_n-195x400.jpg 195w\" sizes=\"(max-width: 300px) 100vw, 300px\" \/><\/a><\/p>\n<p>&nbsp;<\/p>\n<p><a href=\"https:\/\/blogs.diariosur.es\/tormentas-y-rayos\/2013\/01\/20\/lo-que-el-viento-se-llevo-ciclogenesis-gong-deja-rachas-de-casi-150-kmh-prediccion-del-tiempo-domingo-20-1-2013\/184677_4119556998204_1564346423_n\/\" rel=\"attachment wp-att-4705\"><img loading=\"lazy\" class=\"aligncenter size-full wp-image-4705\" title=\"184677_4119556998204_1564346423_n\" src=\"\/tormentas-y-rayos\/wp-content\/uploads\/sites\/12\/2013\/01\/184677_4119556998204_1564346423_n.jpg\" alt=\"\" width=\"670\" height=\"355\" srcset=\"https:\/\/static-blogs.diariosur.es\/wp-content\/uploads\/sites\/12\/2013\/01\/184677_4119556998204_1564346423_n.jpg 670w, https:\/\/static-blogs.diariosur.es\/wp-content\/uploads\/sites\/12\/2013\/01\/184677_4119556998204_1564346423_n-640x339.jpg 640w\" sizes=\"(max-width: 670px) 100vw, 670px\" \/><\/a><\/p>\n<p>&nbsp;<\/p>\n<p><strong>Os paso un\u00a0gr\u00e1fico de ayer de viento en M\u00e1laga fuente aemet. Y otro del viento que\u00a0tambi\u00e9n\u00a0ha estado soplando esta madrugada.<\/strong><\/p>\n<p>&nbsp;<\/p>\n<p><a href=\"https:\/\/blogs.diariosur.es\/tormentas-y-rayos\/2013\/01\/20\/lo-que-el-viento-se-llevo-ciclogenesis-gong-deja-rachas-de-casi-150-kmh-prediccion-del-tiempo-domingo-20-1-2013\/viento-puerto-malaga\/\" rel=\"attachment wp-att-4700\"><img loading=\"lazy\" class=\"aligncenter size-full wp-image-4700\" title=\"viento puerto malaga\" src=\"\/tormentas-y-rayos\/wp-content\/uploads\/sites\/12\/2013\/01\/viento-puerto-malaga.jpg\" alt=\"\" width=\"731\" height=\"321\" srcset=\"https:\/\/static-blogs.diariosur.es\/wp-content\/uploads\/sites\/12\/2013\/01\/viento-puerto-malaga.jpg 731w, https:\/\/static-blogs.diariosur.es\/wp-content\/uploads\/sites\/12\/2013\/01\/viento-puerto-malaga-640x281.jpg 640w\" sizes=\"(max-width: 731px) 100vw, 731px\" \/><\/a><\/p>\n<p><a href=\"https:\/\/blogs.diariosur.es\/tormentas-y-rayos\/2013\/01\/20\/lo-que-el-viento-se-llevo-ciclogenesis-gong-deja-rachas-de-casi-150-kmh-prediccion-del-tiempo-domingo-20-1-2013\/domingo-8\/\" rel=\"attachment wp-att-4701\"><img loading=\"lazy\" class=\"aligncenter size-full wp-image-4701\" title=\"domingo\" src=\"\/tormentas-y-rayos\/wp-content\/uploads\/sites\/12\/2013\/01\/domingo.jpg\" alt=\"\" width=\"722\" height=\"326\" srcset=\"https:\/\/static-blogs.diariosur.es\/wp-content\/uploads\/sites\/12\/2013\/01\/domingo.jpg 722w, https:\/\/static-blogs.diariosur.es\/wp-content\/uploads\/sites\/12\/2013\/01\/domingo-640x289.jpg 640w\" sizes=\"(max-width: 722px) 100vw, 722px\" \/><\/a><\/p>\n<p>&nbsp;<\/p>\n<p><strong>Ayer guarde una imagen del visible, es una pasada ver a Gong encima de la Pen\u00ednsula. Fuente meteogalicia eumetsat<\/strong><\/p>\n<p><a href=\"https:\/\/blogs.diariosur.es\/tormentas-y-rayos\/2013\/01\/20\/lo-que-el-viento-se-llevo-ciclogenesis-gong-deja-rachas-de-casi-150-kmh-prediccion-del-tiempo-domingo-20-1-2013\/visible-3\/\" rel=\"attachment wp-att-4693\"><img loading=\"lazy\" class=\"aligncenter size-full wp-image-4693\" title=\"visible\" src=\"\/tormentas-y-rayos\/wp-content\/uploads\/sites\/12\/2013\/01\/visible.jpg\" alt=\"\" width=\"743\" height=\"566\" srcset=\"https:\/\/static-blogs.diariosur.es\/wp-content\/uploads\/sites\/12\/2013\/01\/visible.jpg 743w, https:\/\/static-blogs.diariosur.es\/wp-content\/uploads\/sites\/12\/2013\/01\/visible-525x400.jpg 525w\" sizes=\"(max-width: 743px) 100vw, 743px\" \/><\/a><\/p>\n<p><strong>O esta otra de masas de aire, fuente aemet- eumetsat<\/strong><\/p>\n<p><a href=\"https:\/\/blogs.diariosur.es\/tormentas-y-rayos\/2013\/01\/20\/lo-que-el-viento-se-llevo-ciclogenesis-gong-deja-rachas-de-casi-150-kmh-prediccion-del-tiempo-domingo-20-1-2013\/masas\/\" rel=\"attachment wp-att-4694\"><img loading=\"lazy\" class=\"aligncenter size-full wp-image-4694\" title=\"masas\" src=\"\/tormentas-y-rayos\/wp-content\/uploads\/sites\/12\/2013\/01\/masas.jpg\" alt=\"\" width=\"572\" height=\"514\" srcset=\"https:\/\/static-blogs.diariosur.es\/wp-content\/uploads\/sites\/12\/2013\/01\/masas.jpg 572w, https:\/\/static-blogs.diariosur.es\/wp-content\/uploads\/sites\/12\/2013\/01\/masas-445x400.jpg 445w\" sizes=\"(max-width: 572px) 100vw, 572px\" \/><\/a><\/p>\n<p>&nbsp;<\/p>\n<p><strong>\u00a0<\/strong><\/p>\n<p><strong>Otro dato curioso, fue la temperatura amigos de la meteo. Sobre las ocho de la ma\u00f1ana dio un baj\u00f3n impresionante, como pod\u00e9is ver en estos gr\u00e1ficos de la Aemet. Esto se\u00a0debi\u00f3\u00a0al\u00a0momento\u00a0que el frente fr\u00edo cruzaba la provincia malague\u00f1a.<\/strong><\/p>\n<p><a href=\"https:\/\/blogs.diariosur.es\/tormentas-y-rayos\/2013\/01\/20\/lo-que-el-viento-se-llevo-ciclogenesis-gong-deja-rachas-de-casi-150-kmh-prediccion-del-tiempo-domingo-20-1-2013\/tem-puerto\/\" rel=\"attachment wp-att-4695\"><img loading=\"lazy\" class=\"aligncenter size-full wp-image-4695\" title=\"tem puerto\" src=\"\/tormentas-y-rayos\/wp-content\/uploads\/sites\/12\/2013\/01\/tem-puerto.jpg\" alt=\"\" width=\"724\" height=\"314\" srcset=\"https:\/\/static-blogs.diariosur.es\/wp-content\/uploads\/sites\/12\/2013\/01\/tem-puerto.jpg 724w, https:\/\/static-blogs.diariosur.es\/wp-content\/uploads\/sites\/12\/2013\/01\/tem-puerto-640x278.jpg 640w\" sizes=\"(max-width: 724px) 100vw, 724px\" \/><\/a><\/p>\n<p><a href=\"https:\/\/blogs.diariosur.es\/tormentas-y-rayos\/2013\/01\/20\/lo-que-el-viento-se-llevo-ciclogenesis-gong-deja-rachas-de-casi-150-kmh-prediccion-del-tiempo-domingo-20-1-2013\/tempe-teatibnos\/\" rel=\"attachment wp-att-4696\"><img loading=\"lazy\" class=\"aligncenter size-full wp-image-4696\" title=\"tempe teatibnos\" src=\"\/tormentas-y-rayos\/wp-content\/uploads\/sites\/12\/2013\/01\/tempe-teatibnos.jpg\" alt=\"\" width=\"760\" height=\"304\" srcset=\"https:\/\/static-blogs.diariosur.es\/wp-content\/uploads\/sites\/12\/2013\/01\/tempe-teatibnos.jpg 760w, https:\/\/static-blogs.diariosur.es\/wp-content\/uploads\/sites\/12\/2013\/01\/tempe-teatibnos-640x256.jpg 640w\" sizes=\"(max-width: 760px) 100vw, 760px\" \/><\/a><\/p>\n<p><strong>Aunque nuestro amigo Gong, donde dejo las rachas mas fuertes de viento y la presi\u00f3n mas baja fue en Galicia. Pontevedra registro 959,5 \u00a0hPa y la Estaci\u00f3n de Estaca de Bares casi 125 km\/h.<\/strong><\/p>\n<p><strong> Pero destaca Fisterra con 149 km\/h , o en Jerez de los Caballeros (Extremadura) : 138 km\/h.<\/strong><\/p>\n<p><a href=\"https:\/\/blogs.diariosur.es\/tormentas-y-rayos\/2013\/01\/20\/lo-que-el-viento-se-llevo-ciclogenesis-gong-deja-rachas-de-casi-150-kmh-prediccion-del-tiempo-domingo-20-1-2013\/presionnnnn\/\" rel=\"attachment wp-att-4697\"><img loading=\"lazy\" class=\"aligncenter size-full wp-image-4697\" title=\"presionnnnn\" src=\"\/tormentas-y-rayos\/wp-content\/uploads\/sites\/12\/2013\/01\/presionnnnn.jpg\" alt=\"\" width=\"738\" height=\"331\" srcset=\"https:\/\/static-blogs.diariosur.es\/wp-content\/uploads\/sites\/12\/2013\/01\/presionnnnn.jpg 738w, https:\/\/static-blogs.diariosur.es\/wp-content\/uploads\/sites\/12\/2013\/01\/presionnnnn-640x287.jpg 640w\" sizes=\"(max-width: 738px) 100vw, 738px\" \/><\/a><\/p>\n<p>&nbsp;<\/p>\n<p><a href=\"https:\/\/blogs.diariosur.es\/tormentas-y-rayos\/2013\/01\/20\/lo-que-el-viento-se-llevo-ciclogenesis-gong-deja-rachas-de-casi-150-kmh-prediccion-del-tiempo-domingo-20-1-2013\/ventarron-2\/\" rel=\"attachment wp-att-4699\"><img loading=\"lazy\" class=\"aligncenter size-full wp-image-4699\" title=\"ventarron\" src=\"\/tormentas-y-rayos\/wp-content\/uploads\/sites\/12\/2013\/01\/ventarron1.jpg\" alt=\"\" width=\"720\" height=\"329\" srcset=\"https:\/\/static-blogs.diariosur.es\/wp-content\/uploads\/sites\/12\/2013\/01\/ventarron1.jpg 720w, https:\/\/static-blogs.diariosur.es\/wp-content\/uploads\/sites\/12\/2013\/01\/ventarron1-640x292.jpg 640w\" sizes=\"(max-width: 720px) 100vw, 720px\" \/><\/a><\/p>\n<p>&nbsp;<\/p>\n<p><strong>Bueno amigos poco mas que contar sobre este episodio.\u00a0<\/strong><\/p>\n<p><span style=\"color: #ff0000;\"><strong>Os doy la predicci\u00f3n para hoy domingo en la Provincia Malague\u00f1a.<\/strong><\/span><\/p>\n<p><span style=\"color: #ff00ff;\"><strong>Hoy domingo\u00a0seguir\u00e1\u00a0soplando el viento de terral de invierno. Esto\u00a0har\u00e1\u00a0que la sensaci\u00f3n\u00a0t\u00e9rmica\u00a0sea de mas fr\u00edo. Un nuevo frente \u00a0se ira acercando a la\u00a0pen\u00ednsula\u00a0 esto\u00a0traer\u00e1\u00a0consigo que en nuestra provincia, se puedan registrar algunos chubascos a ultima hora de la noche o madrugada del lunes. La borrasca que ha creado este frente es una pasada amigos.\u00a0Tambi\u00e9n\u00a0naci\u00f3\u00a0de una ciclog\u00e9nesis explosiva, pero mucho mas bestial que Gong. Ha llegado ha tener 944 hPa. \u00a0Os paso unas imagenes fuente meteogalicia, eumetsat, aemet<\/strong><\/span><\/p>\n<p><a href=\"https:\/\/blogs.diariosur.es\/tormentas-y-rayos\/2013\/01\/20\/lo-que-el-viento-se-llevo-ciclogenesis-gong-deja-rachas-de-casi-150-kmh-prediccion-del-tiempo-domingo-20-1-2013\/domingo-borasca\/\" rel=\"attachment wp-att-4702\"><img loading=\"lazy\" class=\"aligncenter size-full wp-image-4702\" title=\"domingo borasca\" src=\"\/tormentas-y-rayos\/wp-content\/uploads\/sites\/12\/2013\/01\/domingo-borasca.jpg\" alt=\"\" width=\"751\" height=\"517\" srcset=\"https:\/\/static-blogs.diariosur.es\/wp-content\/uploads\/sites\/12\/2013\/01\/domingo-borasca.jpg 751w, https:\/\/static-blogs.diariosur.es\/wp-content\/uploads\/sites\/12\/2013\/01\/domingo-borasca-581x400.jpg 581w\" sizes=\"(max-width: 751px) 100vw, 751px\" \/><\/a><\/p>\n<p><a href=\"https:\/\/blogs.diariosur.es\/tormentas-y-rayos\/2013\/01\/20\/lo-que-el-viento-se-llevo-ciclogenesis-gong-deja-rachas-de-casi-150-kmh-prediccion-del-tiempo-domingo-20-1-2013\/dmin-isobaras\/\" rel=\"attachment wp-att-4703\"><img loading=\"lazy\" class=\"aligncenter size-full wp-image-4703\" title=\"dmin isobaras\" src=\"\/tormentas-y-rayos\/wp-content\/uploads\/sites\/12\/2013\/01\/dmin-isobaras.jpg\" alt=\"\" width=\"716\" height=\"466\" srcset=\"https:\/\/static-blogs.diariosur.es\/wp-content\/uploads\/sites\/12\/2013\/01\/dmin-isobaras.jpg 716w, https:\/\/static-blogs.diariosur.es\/wp-content\/uploads\/sites\/12\/2013\/01\/dmin-isobaras-615x400.jpg 615w\" sizes=\"(max-width: 716px) 100vw, 716px\" \/><\/a><\/p>\n<p><span style=\"color: #ff0000;\"><strong>Aunque lo mas seguro es que el lunes\u00a0habr\u00e1\u00a0un nuevo post, os doy un peque\u00f1o avance para el lunes y el martes. Solo comentaros que ma\u00f1ana lunes de nuevo el viento de terral de invierno soplara entre moderado y fuerte seg\u00fan las horas. El martes de nuevo nos podria cruzar un nuevo frente fr\u00edo, que\u00a0dejar\u00eda\u00a0chubascos en casi toda Andaluc\u00eda. Otro dato a destacar sera que a 850 hpa (1500m) las isos rondaran los 0 grados. \u00a0Esto quiere decir dos cosas, que tendremos fr\u00edo y lo que caiga de lluvia estos dias, sera de nieve tanto en Sierra Tejeda como en la Sierra de las Nieves. Calculo que a partir de 1500\u00a0cuajar\u00eda.<\/strong><\/span><\/p>\n<p><strong>Amigo Eduardo en un comentario que te puse ayer, te deje el enlace para ver la presion en el Puerto de \u00a0M\u00e1laga. Te lo paso de nuevo. Arriba veras que no solo puedes ver la presion, si no tambien la temperatura , viento, etc. Por cierto me he encontrado una gallina en la terraza amiga Ana.<\/strong><\/p>\n<p><strong><a href=\"http:\/\/www.aemet.es\/es\/eltiempo\/observacion\/ultimosdatos?k=and&#038;l=6172O&#038;w=0&#038;datos=img&#038;x=h24&#038;f=temperatura\" rel=\"external nofollow\">ENLACE<\/a>,\u00a0<\/strong><\/p>\n<p>Un abrazo a todos.<\/p>\n<p>&nbsp;<\/p>\n","protected":false},"excerpt":{"rendered":"<p>Buenos dias amigos de la meteo. Son las seis de la ma\u00f1ana, registro 10,1 grados y el viento de terral de invierno ha soplado entre moderado y fuerte esta madrugada. Asi que la sensaci\u00f3n\u00a0t\u00e9rmica\u00a0es de 5 grados. Se cumplieron los pron\u00f3sticos ayer s\u00e1bado ( aunque yo pensaba que seria un poco mas tarde) \u00a0y desde [&hellip;]<\/p>\n","protected":false},"author":16,"featured_media":4688,"comment_status":"open","ping_status":"closed","sticky":false,"template":"","format":"standard","meta":[],"categories":[2],"tags":[252,340,456,800,980],"_links":{"self":[{"href":"https:\/\/blogs.diariosur.es\/tormentas-y-rayos\/wp-json\/wp\/v2\/posts\/4687"}],"collection":[{"href":"https:\/\/blogs.diariosur.es\/tormentas-y-rayos\/wp-json\/wp\/v2\/posts"}],"about":[{"href":"https:\/\/blogs.diariosur.es\/tormentas-y-rayos\/wp-json\/wp\/v2\/types\/post"}],"author":[{"embeddable":true,"href":"https:\/\/blogs.diariosur.es\/tormentas-y-rayos\/wp-json\/wp\/v2\/users\/16"}],"replies":[{"embeddable":true,"href":"https:\/\/blogs.diariosur.es\/tormentas-y-rayos\/wp-json\/wp\/v2\/comments?post=4687"}],"version-history":[{"count":0,"href":"https:\/\/blogs.diariosur.es\/tormentas-y-rayos\/wp-json\/wp\/v2\/posts\/4687\/revisions"}],"wp:featuredmedia":[{"embeddable":true,"href":"https:\/\/blogs.diariosur.es\/tormentas-y-rayos\/wp-json\/wp\/v2\/media\/4688"}],"wp:attachment":[{"href":"https:\/\/blogs.diariosur.es\/tormentas-y-rayos\/wp-json\/wp\/v2\/media?parent=4687"}],"wp:term":[{"taxonomy":"category","embeddable":true,"href":"https:\/\/blogs.diariosur.es\/tormentas-y-rayos\/wp-json\/wp\/v2\/categories?post=4687"},{"taxonomy":"post_tag","embeddable":true,"href":"https:\/\/blogs.diariosur.es\/tormentas-y-rayos\/wp-json\/wp\/v2\/tags?post=4687"}],"curies":[{"name":"wp","href":"https:\/\/api.w.org\/{rel}","templated":true}]}}