{"id":46870,"date":"2025-10-20T08:16:17","date_gmt":"2025-10-20T06:16:17","guid":{"rendered":"https:\/\/blogs.diariosur.es\/tormentas-y-rayos\/?p=46870"},"modified":"2025-10-20T08:20:07","modified_gmt":"2025-10-20T06:20:07","slug":"mala-noticias-para-las-castaneras-y-castaneros-de-andalucia","status":"publish","type":"post","link":"https:\/\/blogs.diariosur.es\/tormentas-y-rayos\/2025\/10\/20\/mala-noticias-para-las-castaneras-y-castaneros-de-andalucia\/","title":{"rendered":"Malas noticias para las casta\u00f1eras y casta\u00f1eros de Andaluc\u00eda"},"content":{"rendered":"<p data-pm-slice=\"1 1 []\"><a href=\"https:\/\/static-blogs.diariosur.es\/wp-content\/uploads\/sites\/12\/2025\/09\/72999690_10217709542349272_7908844429161529344_n.jpg\"><img loading=\"lazy\" class=\"aligncenter size-thumbnail wp-image-46373\" src=\"https:\/\/static-blogs.diariosur.es\/wp-content\/uploads\/sites\/12\/2025\/09\/72999690_10217709542349272_7908844429161529344_n-150x150.jpg\" alt=\"\" width=\"150\" height=\"150\" \/><\/a><\/p>\n<p data-pm-slice=\"1 1 []\">Buenos d\u00edas, amigos de la meteo. Ya de vuelta de Valladolid de dar mi ponencia del terral; lo he pasado genial en el Primer Congreso Sinobas de aficionados a la meteorolog\u00eda que ha organizado la Aemet. Los dos d\u00edas que he estado en la capital, hemos tenido m\u00e1ximas de 25,6 \u00b0C y 26 \u00b0C; a primera hora de la ma\u00f1ana, 8,5 \u00b0C; con ese fresquito he cargado las pilas. Comentaros tambi\u00e9n la foto ganadora del concurso de fotos del Primer Congreso Sinobas de aficionados a la meteorolog\u00eda celebrado en Valladolid, ha sido para Nany Lavado y el de las ponencias a mi amigo Jose Antonio Gallego de Santander.<\/p>\n<h3><span style=\"color: #ff0000;\"><strong>Malas noticias para las casta\u00f1eras y casta\u00f1eros Andaluc\u00eda<\/strong><\/span><\/h3>\n<p data-pm-slice=\"1 1 []\">En lo que se refiere a la provincia de M\u00e1laga, hoy lunes se esperan rachas de moderadas a fuertes de poniente y terral por la tarde en la costa malague\u00f1a. En las zonas habituales donde entre terral, las temperaturas m\u00e1ximas rondar\u00e1n entre los 27 \u00baC y 29 \u00baC; en las dem\u00e1s zonas, entre los 22 \u00baC y 25 \u00baC.<\/p>\n<p>Ma\u00f1ana martes ser\u00e1 muy parecida la predicci\u00f3n; seguir\u00e1 de protagonista el poniente y el terral con rachas fuertes. En las zonas habituales donde entre terral, las temperaturas m\u00e1ximas rondar\u00e1n entre los 25 \u00baC y 28 \u00baC; en las dem\u00e1s zonas, entre los 21 \u00baC y 23 \u00baC.<\/p>\n<p>A partir del mi\u00e9rcoles bajar\u00e1 de intensidad el viento, pero seguir\u00e1 de poniente y terral hasta el viernes. Las temperaturas m\u00e1ximas seguir\u00e1n por encima de la media; incluso hay probabilidad el jueves, viernes y s\u00e1bado de que en algunas zonas de la provincia malague\u00f1a lleguen a los 30 \u00baC y 31 \u00baC.<\/p>\n<p>En las dem\u00e1s provincias andaluzas tambi\u00e9n se esperan temperaturas m\u00e1ximas muy por encima de la media. Ya iremos viendo si hay cambio de tiempo a partir del domingo.<\/p>\n<p>Os pongo las m\u00e1ximas y m\u00ednimas que prev\u00e9 la AEMET hasta el viernes en Andaluc\u00eda.<\/p>\n<p>&nbsp;<\/p>\n<p><a href=\"https:\/\/static-blogs.diariosur.es\/wp-content\/uploads\/sites\/12\/2025\/10\/MARTES-1.jpg\"><img loading=\"lazy\" class=\"aligncenter size-full wp-image-46879\" src=\"https:\/\/static-blogs.diariosur.es\/wp-content\/uploads\/sites\/12\/2025\/10\/MARTES-1.jpg\" alt=\"\" width=\"1050\" height=\"822\" srcset=\"https:\/\/static-blogs.diariosur.es\/wp-content\/uploads\/sites\/12\/2025\/10\/MARTES-1.jpg 1050w, https:\/\/static-blogs.diariosur.es\/wp-content\/uploads\/sites\/12\/2025\/10\/MARTES-1-511x400.jpg 511w, https:\/\/static-blogs.diariosur.es\/wp-content\/uploads\/sites\/12\/2025\/10\/MARTES-1-521x408.jpg 521w, https:\/\/static-blogs.diariosur.es\/wp-content\/uploads\/sites\/12\/2025\/10\/MARTES-1-768x601.jpg 768w\" sizes=\"(max-width: 1050px) 100vw, 1050px\" \/><\/a><\/p>\n<p><a href=\"https:\/\/static-blogs.diariosur.es\/wp-content\/uploads\/sites\/12\/2025\/10\/MIERCOLES.jpg\"><img loading=\"lazy\" class=\"aligncenter size-full wp-image-46880\" src=\"https:\/\/static-blogs.diariosur.es\/wp-content\/uploads\/sites\/12\/2025\/10\/MIERCOLES.jpg\" alt=\"\" width=\"1048\" height=\"819\" srcset=\"https:\/\/static-blogs.diariosur.es\/wp-content\/uploads\/sites\/12\/2025\/10\/MIERCOLES.jpg 1048w, https:\/\/static-blogs.diariosur.es\/wp-content\/uploads\/sites\/12\/2025\/10\/MIERCOLES-512x400.jpg 512w, https:\/\/static-blogs.diariosur.es\/wp-content\/uploads\/sites\/12\/2025\/10\/MIERCOLES-522x408.jpg 522w, https:\/\/static-blogs.diariosur.es\/wp-content\/uploads\/sites\/12\/2025\/10\/MIERCOLES-768x600.jpg 768w\" sizes=\"(max-width: 1048px) 100vw, 1048px\" \/><\/a><\/p>\n<p><a href=\"https:\/\/static-blogs.diariosur.es\/wp-content\/uploads\/sites\/12\/2025\/10\/JUEVES.jpg\"><img loading=\"lazy\" class=\"aligncenter size-full wp-image-46881\" src=\"https:\/\/static-blogs.diariosur.es\/wp-content\/uploads\/sites\/12\/2025\/10\/JUEVES.jpg\" alt=\"\" width=\"1051\" height=\"819\" srcset=\"https:\/\/static-blogs.diariosur.es\/wp-content\/uploads\/sites\/12\/2025\/10\/JUEVES.jpg 1051w, https:\/\/static-blogs.diariosur.es\/wp-content\/uploads\/sites\/12\/2025\/10\/JUEVES-513x400.jpg 513w, https:\/\/static-blogs.diariosur.es\/wp-content\/uploads\/sites\/12\/2025\/10\/JUEVES-524x408.jpg 524w, https:\/\/static-blogs.diariosur.es\/wp-content\/uploads\/sites\/12\/2025\/10\/JUEVES-768x598.jpg 768w\" sizes=\"(max-width: 1051px) 100vw, 1051px\" \/><\/a><\/p>\n<p><a href=\"https:\/\/static-blogs.diariosur.es\/wp-content\/uploads\/sites\/12\/2025\/10\/VIERNES-1.jpg\"><img loading=\"lazy\" class=\"aligncenter size-full wp-image-46882\" src=\"https:\/\/static-blogs.diariosur.es\/wp-content\/uploads\/sites\/12\/2025\/10\/VIERNES-1.jpg\" alt=\"\" width=\"1048\" height=\"820\" srcset=\"https:\/\/static-blogs.diariosur.es\/wp-content\/uploads\/sites\/12\/2025\/10\/VIERNES-1.jpg 1048w, https:\/\/static-blogs.diariosur.es\/wp-content\/uploads\/sites\/12\/2025\/10\/VIERNES-1-511x400.jpg 511w, https:\/\/static-blogs.diariosur.es\/wp-content\/uploads\/sites\/12\/2025\/10\/VIERNES-1-521x408.jpg 521w, https:\/\/static-blogs.diariosur.es\/wp-content\/uploads\/sites\/12\/2025\/10\/VIERNES-1-768x601.jpg 768w\" sizes=\"(max-width: 1048px) 100vw, 1048px\" \/><\/a><\/p>\n<p>&nbsp;<\/p>\n<p>&nbsp;<\/p>\n<p>Os dejo con la foto que hice ayer por la noche a mis amigos de las casta\u00f1as.<\/p>\n<p>&nbsp;<\/p>\n<p><a href=\"https:\/\/static-blogs.diariosur.es\/wp-content\/uploads\/sites\/12\/2025\/10\/566215684_10234881574919354_8922986817789088591_n-e1760940187457.jpg\"><img loading=\"lazy\" class=\"aligncenter size-full wp-image-46883\" src=\"https:\/\/static-blogs.diariosur.es\/wp-content\/uploads\/sites\/12\/2025\/10\/566215684_10234881574919354_8922986817789088591_n-e1760940187457.jpg\" alt=\"\" width=\"900\" height=\"1056\" \/><\/a><\/p>\n","protected":false},"excerpt":{"rendered":"<p>Buenos d\u00edas, amigos de la meteo. Ya de vuelta de Valladolid de dar mi ponencia del terral; lo he pasado genial en el Primer Congreso Sinobas de aficionados a la meteorolog\u00eda que ha organizado la Aemet. Los dos d\u00edas que he estado en la capital, hemos tenido m\u00e1ximas de 25,6 \u00b0C y 26 \u00b0C; a [&hellip;]<\/p>\n","protected":false},"author":16,"featured_media":46883,"comment_status":"open","ping_status":"open","sticky":false,"template":"","format":"standard","meta":[],"categories":[2],"tags":[231,358,587,791,800,975],"_links":{"self":[{"href":"https:\/\/blogs.diariosur.es\/tormentas-y-rayos\/wp-json\/wp\/v2\/posts\/46870"}],"collection":[{"href":"https:\/\/blogs.diariosur.es\/tormentas-y-rayos\/wp-json\/wp\/v2\/posts"}],"about":[{"href":"https:\/\/blogs.diariosur.es\/tormentas-y-rayos\/wp-json\/wp\/v2\/types\/post"}],"author":[{"embeddable":true,"href":"https:\/\/blogs.diariosur.es\/tormentas-y-rayos\/wp-json\/wp\/v2\/users\/16"}],"replies":[{"embeddable":true,"href":"https:\/\/blogs.diariosur.es\/tormentas-y-rayos\/wp-json\/wp\/v2\/comments?post=46870"}],"version-history":[{"count":10,"href":"https:\/\/blogs.diariosur.es\/tormentas-y-rayos\/wp-json\/wp\/v2\/posts\/46870\/revisions"}],"predecessor-version":[{"id":46886,"href":"https:\/\/blogs.diariosur.es\/tormentas-y-rayos\/wp-json\/wp\/v2\/posts\/46870\/revisions\/46886"}],"wp:featuredmedia":[{"embeddable":true,"href":"https:\/\/blogs.diariosur.es\/tormentas-y-rayos\/wp-json\/wp\/v2\/media\/46883"}],"wp:attachment":[{"href":"https:\/\/blogs.diariosur.es\/tormentas-y-rayos\/wp-json\/wp\/v2\/media?parent=46870"}],"wp:term":[{"taxonomy":"category","embeddable":true,"href":"https:\/\/blogs.diariosur.es\/tormentas-y-rayos\/wp-json\/wp\/v2\/categories?post=46870"},{"taxonomy":"post_tag","embeddable":true,"href":"https:\/\/blogs.diariosur.es\/tormentas-y-rayos\/wp-json\/wp\/v2\/tags?post=46870"}],"curies":[{"name":"wp","href":"https:\/\/api.w.org\/{rel}","templated":true}]}}