{"id":46887,"date":"2025-10-20T20:56:29","date_gmt":"2025-10-20T18:56:29","guid":{"rendered":"https:\/\/blogs.diariosur.es\/tormentas-y-rayos\/?p=46887"},"modified":"2025-10-20T20:56:29","modified_gmt":"2025-10-20T18:56:29","slug":"rincon-de-la-victoria-registra-hoy-20-de-octubre-la-temperatura-maxima-mas-alta-de-espana","status":"publish","type":"post","link":"https:\/\/blogs.diariosur.es\/tormentas-y-rayos\/2025\/10\/20\/rincon-de-la-victoria-registra-hoy-20-de-octubre-la-temperatura-maxima-mas-alta-de-espana\/","title":{"rendered":"Rinc\u00f3n de la Victoria registra hoy 20 de octubre la temperatura m\u00e1xima m\u00e1s alta de Espa\u00f1a"},"content":{"rendered":"<p><a href=\"https:\/\/static-blogs.diariosur.es\/wp-content\/uploads\/sites\/12\/2025\/09\/72999690_10217709542349272_7908844429161529344_n.jpg\"><img loading=\"lazy\" class=\"aligncenter size-thumbnail wp-image-46373\" src=\"https:\/\/static-blogs.diariosur.es\/wp-content\/uploads\/sites\/12\/2025\/09\/72999690_10217709542349272_7908844429161529344_n-150x150.jpg\" alt=\"\" width=\"150\" height=\"150\" \/><\/a><\/p>\n<p data-pm-slice=\"1 1 []\">Buenas noches, amigos de la meteo. Cuando son las nueve menos cuarto de la noche en M\u00e1laga capital, mi estaci\u00f3n registra 24\u00b0C, los cielos est\u00e1n poco nubosos y el viento sopla moderado de poniente y terral seg\u00fan zonas de la provincia malague\u00f1a.<\/p>\n<p>Hoy lunes 20 de octubre, el Rinc\u00f3n de la Victoria ha registrado la temperatura m\u00e1xima m\u00e1s alta de Espa\u00f1a con 32,1 \u00b0C; destacar tambi\u00e9n V\u00e9lez M\u00e1laga con 30 \u00b0C y M\u00e1laga Aeropuerto con 29,7 \u00b0C.<\/p>\n<p>Aunque hay un mito de que el terral no entra en el Rinc\u00f3n de la Victoria, no es as\u00ed; en ocasiones s\u00ed entra. En mi ponencia de Valladolid estuve hablando de por qu\u00e9 entra. Os dejo este post de hace unos a\u00f1os para los nuevos seguidores.<\/p>\n<p>&nbsp;<\/p>\n<h3><a href=\"https:\/\/blogs.diariosur.es\/tormentas-y-rayos\/2012\/07\/16\/porque-el-sabado-el-rincon-de-la-victoria-llego-a-417-grados-record-historico\/\">\u00bfPorqu\u00e9 el s\u00e1bado 14 el Rinc\u00f3n de la Victoria registr\u00f3 a 41,7 grados?<\/a><\/h3>\n<p>&nbsp;<\/p>\n","protected":false},"excerpt":{"rendered":"<p>Buenas noches, amigos de la meteo. Cuando son las nueve menos cuarto de la noche en M\u00e1laga capital, mi estaci\u00f3n registra 24\u00b0C, los cielos est\u00e1n poco nubosos y el viento sopla moderado de poniente y terral seg\u00fan zonas de la provincia malague\u00f1a. Hoy lunes 20 de octubre, el Rinc\u00f3n de la Victoria ha registrado la [&hellip;]<\/p>\n","protected":false},"author":16,"featured_media":46894,"comment_status":"open","ping_status":"open","sticky":false,"template":"","format":"standard","meta":[],"categories":[2],"tags":[],"_links":{"self":[{"href":"https:\/\/blogs.diariosur.es\/tormentas-y-rayos\/wp-json\/wp\/v2\/posts\/46887"}],"collection":[{"href":"https:\/\/blogs.diariosur.es\/tormentas-y-rayos\/wp-json\/wp\/v2\/posts"}],"about":[{"href":"https:\/\/blogs.diariosur.es\/tormentas-y-rayos\/wp-json\/wp\/v2\/types\/post"}],"author":[{"embeddable":true,"href":"https:\/\/blogs.diariosur.es\/tormentas-y-rayos\/wp-json\/wp\/v2\/users\/16"}],"replies":[{"embeddable":true,"href":"https:\/\/blogs.diariosur.es\/tormentas-y-rayos\/wp-json\/wp\/v2\/comments?post=46887"}],"version-history":[{"count":7,"href":"https:\/\/blogs.diariosur.es\/tormentas-y-rayos\/wp-json\/wp\/v2\/posts\/46887\/revisions"}],"predecessor-version":[{"id":46895,"href":"https:\/\/blogs.diariosur.es\/tormentas-y-rayos\/wp-json\/wp\/v2\/posts\/46887\/revisions\/46895"}],"wp:featuredmedia":[{"embeddable":true,"href":"https:\/\/blogs.diariosur.es\/tormentas-y-rayos\/wp-json\/wp\/v2\/media\/46894"}],"wp:attachment":[{"href":"https:\/\/blogs.diariosur.es\/tormentas-y-rayos\/wp-json\/wp\/v2\/media?parent=46887"}],"wp:term":[{"taxonomy":"category","embeddable":true,"href":"https:\/\/blogs.diariosur.es\/tormentas-y-rayos\/wp-json\/wp\/v2\/categories?post=46887"},{"taxonomy":"post_tag","embeddable":true,"href":"https:\/\/blogs.diariosur.es\/tormentas-y-rayos\/wp-json\/wp\/v2\/tags?post=46887"}],"curies":[{"name":"wp","href":"https:\/\/api.w.org\/{rel}","templated":true}]}}