{"id":46904,"date":"2025-10-21T19:59:45","date_gmt":"2025-10-21T17:59:45","guid":{"rendered":"https:\/\/blogs.diariosur.es\/tormentas-y-rayos\/?p=46904"},"modified":"2025-10-21T19:59:45","modified_gmt":"2025-10-21T17:59:45","slug":"zonas-de-la-axarquia-registran-hoy-21-de-octubre-las-maximas-mas-altas-de-andalucia-y-espana","status":"publish","type":"post","link":"https:\/\/blogs.diariosur.es\/tormentas-y-rayos\/2025\/10\/21\/zonas-de-la-axarquia-registran-hoy-21-de-octubre-las-maximas-mas-altas-de-andalucia-y-espana\/","title":{"rendered":"Zonas de la Axarqu\u00eda registran hoy 21 de octubre, las m\u00e1ximas m\u00e1s altas de Andaluc\u00eda y Espa\u00f1a"},"content":{"rendered":"<p><a href=\"https:\/\/static-blogs.diariosur.es\/wp-content\/uploads\/sites\/12\/2025\/09\/72999690_10217709542349272_7908844429161529344_n-e1761036508428.jpg\"><img loading=\"lazy\" class=\"aligncenter size-thumbnail wp-image-46373\" src=\"https:\/\/static-blogs.diariosur.es\/wp-content\/uploads\/sites\/12\/2025\/09\/72999690_10217709542349272_7908844429161529344_n-150x150.jpg\" alt=\"\" width=\"150\" height=\"150\" \/><\/a><\/p>\n<p>Buenas tardes noches, amigos de la meteo. Os paso las temperaturas m\u00e1ximas que se han dado en la provincia malague\u00f1a.<\/p>\n<p>Rinc\u00f3n de la Victoria 33,5 \u00b0C, m\u00e1xima de Espa\u00f1a.<\/p>\n<p>Algarrobo Costa 31,5 \u00b0C<\/p>\n<p>Nerja 30,1 \u00b0C, en esta zona es muy dif\u00edcil que entre el terral.<\/p>\n<p>Y para terminar, Torremolinos con 30,5 \u00b0C y M\u00e1laga Aeropuerto con 30,1\u00b0C con los sinop actualizados.<\/p>\n<p>En las comarcas de Ronda y Antequera, las temperaturas m\u00e1ximas han rondado entre 21 \u00b0C y 23\u00b0C.<\/p>\n<p>&nbsp;<\/p>\n","protected":false},"excerpt":{"rendered":"<p>Buenas tardes noches, amigos de la meteo. Os paso las temperaturas m\u00e1ximas que se han dado en la provincia malague\u00f1a. Rinc\u00f3n de la Victoria 33,5 \u00b0C, m\u00e1xima de Espa\u00f1a. Algarrobo Costa 31,5 \u00b0C Nerja 30,1 \u00b0C, en esta zona es muy dif\u00edcil que entre el terral. Y para terminar, Torremolinos con 30,5 \u00b0C y M\u00e1laga [&hellip;]<\/p>\n","protected":false},"author":16,"featured_media":46894,"comment_status":"open","ping_status":"open","sticky":false,"template":"","format":"standard","meta":[],"categories":[2],"tags":[212,358,587,975],"_links":{"self":[{"href":"https:\/\/blogs.diariosur.es\/tormentas-y-rayos\/wp-json\/wp\/v2\/posts\/46904"}],"collection":[{"href":"https:\/\/blogs.diariosur.es\/tormentas-y-rayos\/wp-json\/wp\/v2\/posts"}],"about":[{"href":"https:\/\/blogs.diariosur.es\/tormentas-y-rayos\/wp-json\/wp\/v2\/types\/post"}],"author":[{"embeddable":true,"href":"https:\/\/blogs.diariosur.es\/tormentas-y-rayos\/wp-json\/wp\/v2\/users\/16"}],"replies":[{"embeddable":true,"href":"https:\/\/blogs.diariosur.es\/tormentas-y-rayos\/wp-json\/wp\/v2\/comments?post=46904"}],"version-history":[{"count":2,"href":"https:\/\/blogs.diariosur.es\/tormentas-y-rayos\/wp-json\/wp\/v2\/posts\/46904\/revisions"}],"predecessor-version":[{"id":46906,"href":"https:\/\/blogs.diariosur.es\/tormentas-y-rayos\/wp-json\/wp\/v2\/posts\/46904\/revisions\/46906"}],"wp:featuredmedia":[{"embeddable":true,"href":"https:\/\/blogs.diariosur.es\/tormentas-y-rayos\/wp-json\/wp\/v2\/media\/46894"}],"wp:attachment":[{"href":"https:\/\/blogs.diariosur.es\/tormentas-y-rayos\/wp-json\/wp\/v2\/media?parent=46904"}],"wp:term":[{"taxonomy":"category","embeddable":true,"href":"https:\/\/blogs.diariosur.es\/tormentas-y-rayos\/wp-json\/wp\/v2\/categories?post=46904"},{"taxonomy":"post_tag","embeddable":true,"href":"https:\/\/blogs.diariosur.es\/tormentas-y-rayos\/wp-json\/wp\/v2\/tags?post=46904"}],"curies":[{"name":"wp","href":"https:\/\/api.w.org\/{rel}","templated":true}]}}