{"id":46907,"date":"2025-10-22T08:33:30","date_gmt":"2025-10-22T06:33:30","guid":{"rendered":"https:\/\/blogs.diariosur.es\/tormentas-y-rayos\/?p=46907"},"modified":"2025-10-22T08:33:30","modified_gmt":"2025-10-22T06:33:30","slug":"nuevamente-noche-tropical-hoy-22-de-octubre-en-malaga-capital-hasta-cuando-estas-temperaturas-maximas-y-minimas","status":"publish","type":"post","link":"https:\/\/blogs.diariosur.es\/tormentas-y-rayos\/2025\/10\/22\/nuevamente-noche-tropical-hoy-22-de-octubre-en-malaga-capital-hasta-cuando-estas-temperaturas-maximas-y-minimas\/","title":{"rendered":"Nuevamente noche tropical hoy 22 de octubre en M\u00e1laga capital. \u00bfHasta cu\u00e1ndo estas temperaturas m\u00e1ximas y m\u00ednimas?"},"content":{"rendered":"<p data-pm-slice=\"1 1 []\"><a href=\"https:\/\/static-blogs.diariosur.es\/wp-content\/uploads\/sites\/12\/2025\/09\/72999690_10217709542349272_7908844429161529344_n-e1761036508428.jpg\"><img loading=\"lazy\" class=\"aligncenter size-thumbnail wp-image-46373\" src=\"https:\/\/static-blogs.diariosur.es\/wp-content\/uploads\/sites\/12\/2025\/09\/72999690_10217709542349272_7908844429161529344_n-150x150.jpg\" alt=\"\" width=\"150\" height=\"150\" \/><\/a><\/p>\n<p data-pm-slice=\"1 1 []\">Buenos d\u00edas, amigos de la meteo. Cuando son las siete y media de la ma\u00f1ana en M\u00e1laga capital, la estaci\u00f3n de la Aemet del Aeropuerto registra 23,4 \u00baC, los cielos est\u00e1n poco nubosos y el viento sopla moderado de noroeste. Hoy mi\u00e9rcoles hay probabilidad de alguna precipitaci\u00f3n d\u00e9bil y ocasional hasta el mediod\u00eda por el interior, siendo m\u00e1s probables en las comarcas de Antequera y Ronda. Nuevamente, se esperan rachas de moderadas a fuertes de poniente y terral en zonas de costa y sistemas monta\u00f1osos.<\/p>\n<p data-pm-slice=\"1 1 []\">Tal d\u00eda como hoy del a\u00f1o 2014 registramos la temperatura m\u00e1xima m\u00e1s alta desde que hay registros, con 36 \u00baC.<\/p>\n<p>Os pongo las temperaturas m\u00e1ximas actualizadas para hoy mi\u00e9rcoles en la provincia malague\u00f1a. Fuente Aemet<\/p>\n<p>&nbsp;<\/p>\n<p><a href=\"https:\/\/static-blogs.diariosur.es\/wp-content\/uploads\/sites\/12\/2025\/10\/Captura-de-pantalla-2025-10-22-074144.jpg\"><img loading=\"lazy\" class=\"aligncenter size-full wp-image-46908\" src=\"https:\/\/static-blogs.diariosur.es\/wp-content\/uploads\/sites\/12\/2025\/10\/Captura-de-pantalla-2025-10-22-074144.jpg\" alt=\"\" width=\"1041\" height=\"823\" srcset=\"https:\/\/static-blogs.diariosur.es\/wp-content\/uploads\/sites\/12\/2025\/10\/Captura-de-pantalla-2025-10-22-074144.jpg 1041w, https:\/\/static-blogs.diariosur.es\/wp-content\/uploads\/sites\/12\/2025\/10\/Captura-de-pantalla-2025-10-22-074144-506x400.jpg 506w, https:\/\/static-blogs.diariosur.es\/wp-content\/uploads\/sites\/12\/2025\/10\/Captura-de-pantalla-2025-10-22-074144-516x408.jpg 516w, https:\/\/static-blogs.diariosur.es\/wp-content\/uploads\/sites\/12\/2025\/10\/Captura-de-pantalla-2025-10-22-074144-768x607.jpg 768w\" sizes=\"(max-width: 1041px) 100vw, 1041px\" \/><\/a><\/p>\n<p>&nbsp;<\/p>\n<h3><span style=\"color: #ff0000;\"><strong>Nuevamente noche tropical hoy 22 de octubre en M\u00e1laga capital. \u00bfHasta cu\u00e1ndo?<\/strong><\/span><\/h3>\n<p data-pm-slice=\"1 1 []\">Pues s\u00ed, amigos de la meteo, las tres estaciones de la Aemet en M\u00e1laga capital no han bajado de 22 \u00baC durante toda la madrugada; os pongo los gr\u00e1ficos de temperatura. Fuente AEMET<\/p>\n<p data-pm-slice=\"1 1 []\">\n<p data-pm-slice=\"1 1 []\"><a href=\"https:\/\/static-blogs.diariosur.es\/wp-content\/uploads\/sites\/12\/2025\/10\/aeropuerto-1-e1761112100272.jpg\"><img loading=\"lazy\" class=\"aligncenter size-full wp-image-46909\" src=\"https:\/\/static-blogs.diariosur.es\/wp-content\/uploads\/sites\/12\/2025\/10\/aeropuerto-1-e1761112100272.jpg\" alt=\"\" width=\"1100\" height=\"510\" \/><\/a><\/p>\n<p data-pm-slice=\"1 1 []\">\n<p data-pm-slice=\"1 1 []\"><a href=\"https:\/\/static-blogs.diariosur.es\/wp-content\/uploads\/sites\/12\/2025\/10\/centro-meteorologico-1-e1761112123289.jpg\"><img loading=\"lazy\" class=\"aligncenter size-full wp-image-46910\" src=\"https:\/\/static-blogs.diariosur.es\/wp-content\/uploads\/sites\/12\/2025\/10\/centro-meteorologico-1-e1761112123289.jpg\" alt=\"\" width=\"1100\" height=\"494\" \/><\/a><\/p>\n<p data-pm-slice=\"1 1 []\">\n<p data-pm-slice=\"1 1 []\">\n<p data-pm-slice=\"1 1 []\"><a href=\"https:\/\/static-blogs.diariosur.es\/wp-content\/uploads\/sites\/12\/2025\/10\/puerto-3-e1761114254485.jpg\"><img loading=\"lazy\" class=\"aligncenter size-full wp-image-46912\" src=\"https:\/\/static-blogs.diariosur.es\/wp-content\/uploads\/sites\/12\/2025\/10\/puerto-3-e1761114254485.jpg\" alt=\"\" width=\"1100\" height=\"504\" \/><\/a><\/p>\n<p data-pm-slice=\"1 1 []\">Destacar tambi\u00e9n Torremolinos, Estepona, Nerja, Rinc\u00f3n de la Victoria, Algarrobo, V\u00e9lez M\u00e1laga, Marbella y Manilva, que tambi\u00e9n han tenido una noche tropical.<\/p>\n<h3 data-pm-slice=\"1 1 []\"><\/h3>\n<h3 data-pm-slice=\"1 1 []\"><span style=\"color: #ff00ff;\"><strong>\u00bfHasta cu\u00e1ndo estas temperaturas m\u00e1ximas y m\u00ednimas?<\/strong><\/span><\/h3>\n<p data-pm-slice=\"1 1 []\">Con los modelos actualizados, es muy probable que sigamos con temperaturas m\u00e1ximas y m\u00ednimas por encima de la media en toda la provincia malague\u00f1a hasta el s\u00e1bado e incluso el domingo, sobre todo en la capital.<\/p>\n<p data-pm-slice=\"1 1 []\">A partir del lunes 27, muy probablemente las temperaturas descender\u00e1n y tendremos valores normales para un mes de octubre.<\/p>\n<p>Tomando datos oficiales del aeropuerto, la temperatura media de las m\u00e1ximas en el mes de octubre en M\u00e1laga capital es de 24,1 \u00baC y la media de las m\u00ednimas de 15 \u00baC. Hasta ayer, la media de las m\u00e1ximas la hemos sobrepasado todos los d\u00edas; en cuanto a la media de las m\u00ednimas, solo un d\u00eda hemos estado por debajo de 15 \u00b0C.<\/p>\n<p>Os dejo con esta bonita foto de mi amigo Crist\u00f3bal Gambero.<\/p>\n<p>&nbsp;<\/p>\n<p><a href=\"https:\/\/static-blogs.diariosur.es\/wp-content\/uploads\/sites\/12\/2025\/10\/568532350_24742159025406425_3653641399206874649_n-e1761114610657.jpg\"><img loading=\"lazy\" class=\"aligncenter size-full wp-image-46913\" src=\"https:\/\/static-blogs.diariosur.es\/wp-content\/uploads\/sites\/12\/2025\/10\/568532350_24742159025406425_3653641399206874649_n-e1761114610657.jpg\" alt=\"\" width=\"1100\" height=\"619\" \/><\/a><\/p>\n<p>&nbsp;<\/p>\n<p>&nbsp;<\/p>\n<p>&nbsp;<\/p>\n","protected":false},"excerpt":{"rendered":"<p>Buenos d\u00edas, amigos de la meteo. Cuando son las siete y media de la ma\u00f1ana en M\u00e1laga capital, la estaci\u00f3n de la Aemet del Aeropuerto registra 23,4 \u00baC, los cielos est\u00e1n poco nubosos y el viento sopla moderado de noroeste. Hoy mi\u00e9rcoles hay probabilidad de alguna precipitaci\u00f3n d\u00e9bil y ocasional hasta el mediod\u00eda por el [&hellip;]<\/p>\n","protected":false},"author":16,"featured_media":46913,"comment_status":"open","ping_status":"open","sticky":false,"template":"","format":"standard","meta":[],"categories":[2],"tags":[358,587,704,975,1026],"_links":{"self":[{"href":"https:\/\/blogs.diariosur.es\/tormentas-y-rayos\/wp-json\/wp\/v2\/posts\/46907"}],"collection":[{"href":"https:\/\/blogs.diariosur.es\/tormentas-y-rayos\/wp-json\/wp\/v2\/posts"}],"about":[{"href":"https:\/\/blogs.diariosur.es\/tormentas-y-rayos\/wp-json\/wp\/v2\/types\/post"}],"author":[{"embeddable":true,"href":"https:\/\/blogs.diariosur.es\/tormentas-y-rayos\/wp-json\/wp\/v2\/users\/16"}],"replies":[{"embeddable":true,"href":"https:\/\/blogs.diariosur.es\/tormentas-y-rayos\/wp-json\/wp\/v2\/comments?post=46907"}],"version-history":[{"count":1,"href":"https:\/\/blogs.diariosur.es\/tormentas-y-rayos\/wp-json\/wp\/v2\/posts\/46907\/revisions"}],"predecessor-version":[{"id":46914,"href":"https:\/\/blogs.diariosur.es\/tormentas-y-rayos\/wp-json\/wp\/v2\/posts\/46907\/revisions\/46914"}],"wp:featuredmedia":[{"embeddable":true,"href":"https:\/\/blogs.diariosur.es\/tormentas-y-rayos\/wp-json\/wp\/v2\/media\/46913"}],"wp:attachment":[{"href":"https:\/\/blogs.diariosur.es\/tormentas-y-rayos\/wp-json\/wp\/v2\/media?parent=46907"}],"wp:term":[{"taxonomy":"category","embeddable":true,"href":"https:\/\/blogs.diariosur.es\/tormentas-y-rayos\/wp-json\/wp\/v2\/categories?post=46907"},{"taxonomy":"post_tag","embeddable":true,"href":"https:\/\/blogs.diariosur.es\/tormentas-y-rayos\/wp-json\/wp\/v2\/tags?post=46907"}],"curies":[{"name":"wp","href":"https:\/\/api.w.org\/{rel}","templated":true}]}}