{"id":46917,"date":"2025-10-22T19:34:00","date_gmt":"2025-10-22T17:34:00","guid":{"rendered":"https:\/\/blogs.diariosur.es\/tormentas-y-rayos\/?p=46917"},"modified":"2025-10-22T19:45:32","modified_gmt":"2025-10-22T17:45:32","slug":"la-borrasaca-benjamin-afectara-a-la-provincia-malaguena-manana-jueves","status":"publish","type":"post","link":"https:\/\/blogs.diariosur.es\/tormentas-y-rayos\/2025\/10\/22\/la-borrasaca-benjamin-afectara-a-la-provincia-malaguena-manana-jueves\/","title":{"rendered":"\u00bfLa borrasca Benjam\u00edn afectar\u00e1 a la provincia malague\u00f1a ma\u00f1ana jueves?"},"content":{"rendered":"<p><a href=\"https:\/\/static-blogs.diariosur.es\/wp-content\/uploads\/sites\/12\/2025\/09\/72999690_10217709542349272_7908844429161529344_n-e1761036508428.jpg\"><img loading=\"lazy\" class=\"aligncenter size-thumbnail wp-image-46373\" src=\"https:\/\/static-blogs.diariosur.es\/wp-content\/uploads\/sites\/12\/2025\/09\/72999690_10217709542349272_7908844429161529344_n-150x150.jpg\" alt=\"\" width=\"150\" height=\"150\" \/><\/a><\/p>\n<p>Buenas tardes noches, amigos de la meteo. Como estoy recibiendo muchos mensajes pregunt\u00e1ndome si la borrasca Benjam\u00edn afectar\u00e1 a la provincia malague\u00f1a, os respondo: no nos afectar\u00e1; ni con rachas fuertes de viento, ni lluvias, ni por fen\u00f3menos costeros. Incluso el viernes pueden subir las temperaturas m\u00e1ximas.<\/p>\n<p>En otras zonas de la pen\u00ednsula y Baleares si, incluso se activan avisos rojos por fen\u00f3menos costeros en el Cant\u00e1brico, amarillos y naranjas por viento y por lluvias en Galicia.<\/p>\n<p>Os paso los avisos de la aemet<\/p>\n<p>Viento<\/p>\n<p><a href=\"https:\/\/static-blogs.diariosur.es\/wp-content\/uploads\/sites\/12\/2025\/10\/Screenshot_20251022_191834_Chrome-e1761153730619.jpg\"><img loading=\"lazy\" class=\"aligncenter size-full wp-image-46919\" src=\"https:\/\/static-blogs.diariosur.es\/wp-content\/uploads\/sites\/12\/2025\/10\/Screenshot_20251022_191834_Chrome-e1761153730619.jpg\" alt=\"\" width=\"1000\" height=\"883\" \/><\/a><\/p>\n<p>Fen\u00f3menos costeros<\/p>\n<p><a href=\"https:\/\/static-blogs.diariosur.es\/wp-content\/uploads\/sites\/12\/2025\/10\/Screenshot_20251022_191845_Chrome-e1761153782228.jpg\"><img loading=\"lazy\" class=\"aligncenter size-full wp-image-46920\" src=\"https:\/\/static-blogs.diariosur.es\/wp-content\/uploads\/sites\/12\/2025\/10\/Screenshot_20251022_191845_Chrome-e1761153782228.jpg\" alt=\"\" width=\"1000\" height=\"853\" \/><\/a><\/p>\n<p>Lluvias<\/p>\n<p><a href=\"https:\/\/static-blogs.diariosur.es\/wp-content\/uploads\/sites\/12\/2025\/10\/Screenshot_20251022_191857_Chrome-e1761153820879.jpg\"><img loading=\"lazy\" class=\"aligncenter size-full wp-image-46921\" src=\"https:\/\/static-blogs.diariosur.es\/wp-content\/uploads\/sites\/12\/2025\/10\/Screenshot_20251022_191857_Chrome-e1761153820879.jpg\" alt=\"\" width=\"1000\" height=\"849\" \/><\/a><\/p>\n<p>Os dejo con el mapa de superficie de la aemet, previsto para ma\u00f1ana.<\/p>\n<p>Foto de portada Diario Sur.<\/p>\n<p><a href=\"https:\/\/static-blogs.diariosur.es\/wp-content\/uploads\/sites\/12\/2025\/10\/Screenshot_20251022_192624_Chrome-e1761154073678.jpg\"><img loading=\"lazy\" class=\"aligncenter size-full wp-image-46922\" src=\"https:\/\/static-blogs.diariosur.es\/wp-content\/uploads\/sites\/12\/2025\/10\/Screenshot_20251022_192624_Chrome-e1761154073678.jpg\" alt=\"\" width=\"1100\" height=\"736\" \/><\/a><\/p>\n","protected":false},"excerpt":{"rendered":"<p>Buenas tardes noches, amigos de la meteo. Como estoy recibiendo muchos mensajes pregunt\u00e1ndome si la borrasca Benjam\u00edn afectar\u00e1 a la provincia malague\u00f1a, os respondo: no nos afectar\u00e1; ni con rachas fuertes de viento, ni lluvias, ni por fen\u00f3menos costeros. Incluso el viernes pueden subir las temperaturas m\u00e1ximas. En otras zonas de la pen\u00ednsula y Baleares [&hellip;]<\/p>\n","protected":false},"author":16,"featured_media":46923,"comment_status":"open","ping_status":"open","sticky":false,"template":"","format":"standard","meta":[],"categories":[2],"tags":[2075,188,375],"_links":{"self":[{"href":"https:\/\/blogs.diariosur.es\/tormentas-y-rayos\/wp-json\/wp\/v2\/posts\/46917"}],"collection":[{"href":"https:\/\/blogs.diariosur.es\/tormentas-y-rayos\/wp-json\/wp\/v2\/posts"}],"about":[{"href":"https:\/\/blogs.diariosur.es\/tormentas-y-rayos\/wp-json\/wp\/v2\/types\/post"}],"author":[{"embeddable":true,"href":"https:\/\/blogs.diariosur.es\/tormentas-y-rayos\/wp-json\/wp\/v2\/users\/16"}],"replies":[{"embeddable":true,"href":"https:\/\/blogs.diariosur.es\/tormentas-y-rayos\/wp-json\/wp\/v2\/comments?post=46917"}],"version-history":[{"count":4,"href":"https:\/\/blogs.diariosur.es\/tormentas-y-rayos\/wp-json\/wp\/v2\/posts\/46917\/revisions"}],"predecessor-version":[{"id":46927,"href":"https:\/\/blogs.diariosur.es\/tormentas-y-rayos\/wp-json\/wp\/v2\/posts\/46917\/revisions\/46927"}],"wp:featuredmedia":[{"embeddable":true,"href":"https:\/\/blogs.diariosur.es\/tormentas-y-rayos\/wp-json\/wp\/v2\/media\/46923"}],"wp:attachment":[{"href":"https:\/\/blogs.diariosur.es\/tormentas-y-rayos\/wp-json\/wp\/v2\/media?parent=46917"}],"wp:term":[{"taxonomy":"category","embeddable":true,"href":"https:\/\/blogs.diariosur.es\/tormentas-y-rayos\/wp-json\/wp\/v2\/categories?post=46917"},{"taxonomy":"post_tag","embeddable":true,"href":"https:\/\/blogs.diariosur.es\/tormentas-y-rayos\/wp-json\/wp\/v2\/tags?post=46917"}],"curies":[{"name":"wp","href":"https:\/\/api.w.org\/{rel}","templated":true}]}}