{"id":46928,"date":"2025-10-23T08:18:07","date_gmt":"2025-10-23T06:18:07","guid":{"rendered":"https:\/\/blogs.diariosur.es\/tormentas-y-rayos\/?p=46928"},"modified":"2025-10-23T08:25:19","modified_gmt":"2025-10-23T06:25:19","slug":"manana-24-de-octubre-sera-como-un-24-de-agosto-en-la-provincia-malaguena","status":"publish","type":"post","link":"https:\/\/blogs.diariosur.es\/tormentas-y-rayos\/2025\/10\/23\/manana-24-de-octubre-sera-como-un-24-de-agosto-en-la-provincia-malaguena\/","title":{"rendered":"Ma\u00f1ana 24 de octubre ser\u00e1 como un 24 de agosto en la provincia malague\u00f1a"},"content":{"rendered":"<p data-pm-slice=\"1 1 []\">\n<p data-pm-slice=\"1 1 []\"><a href=\"https:\/\/static-blogs.diariosur.es\/wp-content\/uploads\/sites\/12\/2025\/07\/444912498_10228884468795449_97962860407814916_n.jpg\"><img loading=\"lazy\" class=\"aligncenter size-thumbnail wp-image-45498\" src=\"https:\/\/static-blogs.diariosur.es\/wp-content\/uploads\/sites\/12\/2025\/07\/444912498_10228884468795449_97962860407814916_n-150x150.jpg\" alt=\"\" width=\"150\" height=\"150\" \/><\/a><\/p>\n<p data-pm-slice=\"1 1 []\">Buenos d\u00edas, amigos de la meteo. Antes de nada, os pido, por favor, que hasta el lunes o el martes no estar\u00e1 seguro el probable cambio de tiempo para primeros de noviembre en forma de lluvias y de las buenas en toda Andaluc\u00eda. Ya veo en muchas p\u00e1ginas hablando de esto, pero a\u00fan es muy pronto; los modelos cambian de un d\u00eda a otro. Luego ya sab\u00e9is lo que pasa. Si el lunes los modelos siguen dando las lluvias, lo iremos viendo en el blog. Que tampoco salgan los negativos diciendo que no llover\u00e1; esperemos unos d\u00edas y bailemos la danza de la lluvia.<\/p>\n<p data-pm-slice=\"1 1 []\">Cuando son las siete de la ma\u00f1ana en M\u00e1laga capital, mi estaci\u00f3n registra 22,6 \u00baC, la humedad ronda el 77%, el viento sopla, de momento en mi zona, flojo de componente oeste; luego se esperan rachas fuertes. Hoy jueves llegaremos a los 30 \u00baC en zonas habituales donde el poniente entre de tierra. Como lleva pasando hace unos d\u00edas, las tres estaciones de la Aemet de M\u00e1laga capital no han bajado de 22 \u00baC durante toda la noche; nuevamente ha sido tropical.<\/p>\n<p data-pm-slice=\"1 1 []\">Ayer nuevamente el Rinc\u00f3n de la Victoria registr\u00f3 la temperatura m\u00e1xima de Espa\u00f1a con 32 \u00baC; destacar Estepona 30,3 \u00baC, V\u00e9lez M\u00e1laga con 30,2 \u00baC, Algarrobo 30 \u00baC, Nerja 29,9 \u00baC y M\u00e1laga aeropuerto con 29,8 \u00baC.<\/p>\n<h3><span style=\"color: #ff0000;\"><strong>Ma\u00f1ana 24 de octubre ser\u00e1 como un 24 de agosto en la provincia malague\u00f1a<\/strong><\/span><\/h3>\n<p data-pm-slice=\"1 1 []\">Si os fij\u00e1is en el mapa de temperaturas m\u00e1ximas y m\u00ednimas previstas por la Aemet para ma\u00f1ana viernes en la provincia de M\u00e1laga, es una pasada. La masa de aire c\u00e1lida har\u00e1 que tengamos anomal\u00edas positivas de temperatura a 850 hPa\u00a0 (1500 m) de 7 \u00baC y 8 \u00baC.<\/p>\n<p>&nbsp;<\/p>\n<p>&nbsp;<\/p>\n<p>&nbsp;<\/p>\n<p><a href=\"https:\/\/static-blogs.diariosur.es\/wp-content\/uploads\/sites\/12\/2025\/10\/malaga.jpg\"><img loading=\"lazy\" class=\"aligncenter size-full wp-image-46929\" src=\"https:\/\/static-blogs.diariosur.es\/wp-content\/uploads\/sites\/12\/2025\/10\/malaga.jpg\" alt=\"\" width=\"1055\" height=\"829\" srcset=\"https:\/\/static-blogs.diariosur.es\/wp-content\/uploads\/sites\/12\/2025\/10\/malaga.jpg 1055w, https:\/\/static-blogs.diariosur.es\/wp-content\/uploads\/sites\/12\/2025\/10\/malaga-509x400.jpg 509w, https:\/\/static-blogs.diariosur.es\/wp-content\/uploads\/sites\/12\/2025\/10\/malaga-519x408.jpg 519w, https:\/\/static-blogs.diariosur.es\/wp-content\/uploads\/sites\/12\/2025\/10\/malaga-768x603.jpg 768w\" sizes=\"(max-width: 1055px) 100vw, 1055px\" \/><\/a><\/p>\n<p>&nbsp;<\/p>\n<p>&nbsp;<\/p>\n<p>Mapa de anomal\u00edas positivas a 850 hpa (1500 m)<\/p>\n<p>&nbsp;<\/p>\n<p><a href=\"https:\/\/static-blogs.diariosur.es\/wp-content\/uploads\/sites\/12\/2025\/10\/Captura-de-pantalla-2025-10-23-071902.jpg\"><img loading=\"lazy\" class=\"aligncenter size-full wp-image-46931\" src=\"https:\/\/static-blogs.diariosur.es\/wp-content\/uploads\/sites\/12\/2025\/10\/Captura-de-pantalla-2025-10-23-071902.jpg\" alt=\"\" width=\"1161\" height=\"1181\" srcset=\"https:\/\/static-blogs.diariosur.es\/wp-content\/uploads\/sites\/12\/2025\/10\/Captura-de-pantalla-2025-10-23-071902.jpg 1161w, https:\/\/static-blogs.diariosur.es\/wp-content\/uploads\/sites\/12\/2025\/10\/Captura-de-pantalla-2025-10-23-071902-393x400.jpg 393w, https:\/\/static-blogs.diariosur.es\/wp-content\/uploads\/sites\/12\/2025\/10\/Captura-de-pantalla-2025-10-23-071902-401x408.jpg 401w, https:\/\/static-blogs.diariosur.es\/wp-content\/uploads\/sites\/12\/2025\/10\/Captura-de-pantalla-2025-10-23-071902-768x781.jpg 768w\" sizes=\"(max-width: 1161px) 100vw, 1161px\" \/><\/a><\/p>\n<p>&nbsp;<\/p>\n<p data-pm-slice=\"1 1 []\">En otras provincias de Andaluc\u00eda tambi\u00e9n se esperan temperaturas m\u00e1ximas y m\u00ednimas muy por encima de la media.<\/p>\n<p data-pm-slice=\"1 1 []\">Os paso el mapa de la AEMET.<\/p>\n<p>&nbsp;<\/p>\n<p><a href=\"https:\/\/static-blogs.diariosur.es\/wp-content\/uploads\/sites\/12\/2025\/10\/andalucia.jpg\"><img loading=\"lazy\" class=\"aligncenter size-full wp-image-46930\" src=\"https:\/\/static-blogs.diariosur.es\/wp-content\/uploads\/sites\/12\/2025\/10\/andalucia.jpg\" alt=\"\" width=\"1045\" height=\"814\" srcset=\"https:\/\/static-blogs.diariosur.es\/wp-content\/uploads\/sites\/12\/2025\/10\/andalucia.jpg 1045w, https:\/\/static-blogs.diariosur.es\/wp-content\/uploads\/sites\/12\/2025\/10\/andalucia-514x400.jpg 514w, https:\/\/static-blogs.diariosur.es\/wp-content\/uploads\/sites\/12\/2025\/10\/andalucia-524x408.jpg 524w, https:\/\/static-blogs.diariosur.es\/wp-content\/uploads\/sites\/12\/2025\/10\/andalucia-768x598.jpg 768w\" sizes=\"(max-width: 1045px) 100vw, 1045px\" \/><\/a><\/p>\n<p>&nbsp;<\/p>\n<p>Con los modelos actualizados, es probable que el domingo empiecen a bajar las temperaturas m\u00e1ximas y m\u00ednimas, pero no espero fr\u00edo.<\/p>\n","protected":false},"excerpt":{"rendered":"<p>Buenos d\u00edas, amigos de la meteo. Antes de nada, os pido, por favor, que hasta el lunes o el martes no estar\u00e1 seguro el probable cambio de tiempo para primeros de noviembre en forma de lluvias y de las buenas en toda Andaluc\u00eda. Ya veo en muchas p\u00e1ginas hablando de esto, pero a\u00fan es muy [&hellip;]<\/p>\n","protected":false},"author":16,"featured_media":45141,"comment_status":"open","ping_status":"open","sticky":false,"template":"","format":"standard","meta":[],"categories":[2],"tags":[100,151,2075,212,358,587,872,975],"_links":{"self":[{"href":"https:\/\/blogs.diariosur.es\/tormentas-y-rayos\/wp-json\/wp\/v2\/posts\/46928"}],"collection":[{"href":"https:\/\/blogs.diariosur.es\/tormentas-y-rayos\/wp-json\/wp\/v2\/posts"}],"about":[{"href":"https:\/\/blogs.diariosur.es\/tormentas-y-rayos\/wp-json\/wp\/v2\/types\/post"}],"author":[{"embeddable":true,"href":"https:\/\/blogs.diariosur.es\/tormentas-y-rayos\/wp-json\/wp\/v2\/users\/16"}],"replies":[{"embeddable":true,"href":"https:\/\/blogs.diariosur.es\/tormentas-y-rayos\/wp-json\/wp\/v2\/comments?post=46928"}],"version-history":[{"count":10,"href":"https:\/\/blogs.diariosur.es\/tormentas-y-rayos\/wp-json\/wp\/v2\/posts\/46928\/revisions"}],"predecessor-version":[{"id":46940,"href":"https:\/\/blogs.diariosur.es\/tormentas-y-rayos\/wp-json\/wp\/v2\/posts\/46928\/revisions\/46940"}],"wp:featuredmedia":[{"embeddable":true,"href":"https:\/\/blogs.diariosur.es\/tormentas-y-rayos\/wp-json\/wp\/v2\/media\/45141"}],"wp:attachment":[{"href":"https:\/\/blogs.diariosur.es\/tormentas-y-rayos\/wp-json\/wp\/v2\/media?parent=46928"}],"wp:term":[{"taxonomy":"category","embeddable":true,"href":"https:\/\/blogs.diariosur.es\/tormentas-y-rayos\/wp-json\/wp\/v2\/categories?post=46928"},{"taxonomy":"post_tag","embeddable":true,"href":"https:\/\/blogs.diariosur.es\/tormentas-y-rayos\/wp-json\/wp\/v2\/tags?post=46928"}],"curies":[{"name":"wp","href":"https:\/\/api.w.org\/{rel}","templated":true}]}}