{"id":46943,"date":"2025-10-24T08:07:06","date_gmt":"2025-10-24T06:07:06","guid":{"rendered":"https:\/\/blogs.diariosur.es\/tormentas-y-rayos\/?p=46943"},"modified":"2025-10-25T16:15:53","modified_gmt":"2025-10-25T14:15:53","slug":"malaga-aeropuerto-de-momento-bate-el-record-de-dias-de-noches-tropicales-en-octubre","status":"publish","type":"post","link":"https:\/\/blogs.diariosur.es\/tormentas-y-rayos\/2025\/10\/24\/malaga-aeropuerto-de-momento-bate-el-record-de-dias-de-noches-tropicales-en-octubre\/","title":{"rendered":"M\u00e1laga aeropuerto, de momento, bate el r\u00e9cord de d\u00edas de noches tropicales en octubre"},"content":{"rendered":"<p data-pm-slice=\"1 1 []\"><a href=\"https:\/\/static-blogs.diariosur.es\/wp-content\/uploads\/sites\/12\/2025\/07\/444912498_10228884468795449_97962860407814916_n.jpg\"><img loading=\"lazy\" class=\"aligncenter size-thumbnail wp-image-45498\" src=\"https:\/\/static-blogs.diariosur.es\/wp-content\/uploads\/sites\/12\/2025\/07\/444912498_10228884468795449_97962860407814916_n-150x150.jpg\" alt=\"\" width=\"150\" height=\"150\" \/><\/a><\/p>\n<p data-pm-slice=\"1 1 []\">Buenos d\u00edas, amigos de la meteo. M\u00e1laga aeropuerto, de momento, bate el r\u00e9cord de noches tropicales para un mes de octubre con 6 noches; el anterior r\u00e9cord lo ten\u00eda octubre de 2013 con 5 noches. Queda ma\u00f1ana s\u00e1bado; ya veremos si al final son\u00a07 noches tropicales.<\/p>\n<h3><strong>A\u00f1o 2025<\/strong><\/h3>\n<p>5 de octubre 20,4 \u00baC<\/p>\n<p>6 de octubre 21,8 \u00baC<\/p>\n<p>21 de octubre: 20,9 \u00baC<\/p>\n<p>22 de octubre 21,8 \u00baC<\/p>\n<p>23 de octubre 21,9 \u00baC<\/p>\n<p>24 de octubre, 21,2 \u00baC<\/p>\n<h3><strong>A\u00f1o 2013<\/strong><\/h3>\n<p>1 de octubre 22,5 \u00b0C<\/p>\n<p>2 de octubre 20,3 \u00b0C<\/p>\n<p>3 de octubre 20,3 \u00baC<\/p>\n<p>4 de octubre, 21,1 \u00b0C<\/p>\n<p>7 de octubre, 20 \u00b0C.<\/p>\n<p><span style=\"color: #ff0000;\"><strong>Destacar tambi\u00e9n que la Estaci\u00f3n de la Aemet del Puerto ha registrado 12 noches tropicales.<\/strong><\/span><\/p>\n<p data-pm-slice=\"1 1 []\">Aunque a\u00fan quedan ocho d\u00edas para que acabe el mes, es muy probable que octubre de 2025 bata los extremos absolutos de temperatura media, media de las m\u00e1ximas m\u00e1s altas y media de las m\u00ednimas m\u00e1s altas.<\/p>\n<p data-pm-slice=\"1 1 []\"><strong>RESUMEN DE AYER 23 DE OCTUBRE<\/strong><\/p>\n<p data-pm-slice=\"1 1 []\">Ayer 23 de octubre, Manilva registr\u00f3 la temperatura m\u00e1xima m\u00e1s alta de Espa\u00f1a con 35,5 \u00baC, seguida de V\u00e9lez M\u00e1laga con 34,9 \u00baC, que fue la segunda m\u00e1xima de Espa\u00f1a. En M\u00e1laga capital, la m\u00e1xima la dio el aeropuerto y puerto con 32,5 \u00baC, seguida del Centro Meteorol\u00f3gico con 32,4 \u00baC. La racha m\u00e1s fuerte de viento en la provincia se registr\u00f3 en M\u00e1laga aeropuerto con 52 km\/h, fuente Aemet.<\/p>\n<p data-pm-slice=\"1 1 []\"><span style=\"color: #ff0000;\"><strong>Los modelos siguen dando un cambio de tiempo para la pr\u00f3xima semana; incluso ya se notar\u00eda a partir del lunes. Esperemos se cumplan las deseadas lluvias. Seguir bailando, porfi.<\/strong><\/span><\/p>\n<p data-pm-slice=\"1 1 []\">Ma\u00f1ana s\u00e1bado hay algunos modelos que dan probabilidad de tar\u00f3.<\/p>\n<p data-pm-slice=\"1 1 []\">Hasta ma\u00f1ana<\/p>\n<p>&nbsp;<\/p>\n<p><a href=\"https:\/\/static-blogs.diariosur.es\/wp-content\/uploads\/sites\/12\/2025\/09\/136369166_3496763090421129_3265318277826880008_n.jpg\"><img loading=\"lazy\" class=\"aligncenter size-full wp-image-46348\" src=\"https:\/\/static-blogs.diariosur.es\/wp-content\/uploads\/sites\/12\/2025\/09\/136369166_3496763090421129_3265318277826880008_n.jpg\" alt=\"\" width=\"528\" height=\"844\" srcset=\"https:\/\/static-blogs.diariosur.es\/wp-content\/uploads\/sites\/12\/2025\/09\/136369166_3496763090421129_3265318277826880008_n.jpg 528w, https:\/\/static-blogs.diariosur.es\/wp-content\/uploads\/sites\/12\/2025\/09\/136369166_3496763090421129_3265318277826880008_n-250x400.jpg 250w, https:\/\/static-blogs.diariosur.es\/wp-content\/uploads\/sites\/12\/2025\/09\/136369166_3496763090421129_3265318277826880008_n-255x408.jpg 255w\" sizes=\"(max-width: 528px) 100vw, 528px\" \/><\/a><\/p>\n<p>&nbsp;<\/p>\n","protected":false},"excerpt":{"rendered":"<p>Buenos d\u00edas, amigos de la meteo. M\u00e1laga aeropuerto, de momento, bate el r\u00e9cord de noches tropicales para un mes de octubre con 6 noches; el anterior r\u00e9cord lo ten\u00eda octubre de 2013 con 5 noches. Queda ma\u00f1ana s\u00e1bado; ya veremos si al final son\u00a07 noches tropicales. A\u00f1o 2025 5 de octubre 20,4 \u00baC 6 de [&hellip;]<\/p>\n","protected":false},"author":16,"featured_media":46951,"comment_status":"open","ping_status":"open","sticky":false,"template":"","format":"standard","meta":[],"categories":[2],"tags":[212,358,587,709,728,975,1478],"_links":{"self":[{"href":"https:\/\/blogs.diariosur.es\/tormentas-y-rayos\/wp-json\/wp\/v2\/posts\/46943"}],"collection":[{"href":"https:\/\/blogs.diariosur.es\/tormentas-y-rayos\/wp-json\/wp\/v2\/posts"}],"about":[{"href":"https:\/\/blogs.diariosur.es\/tormentas-y-rayos\/wp-json\/wp\/v2\/types\/post"}],"author":[{"embeddable":true,"href":"https:\/\/blogs.diariosur.es\/tormentas-y-rayos\/wp-json\/wp\/v2\/users\/16"}],"replies":[{"embeddable":true,"href":"https:\/\/blogs.diariosur.es\/tormentas-y-rayos\/wp-json\/wp\/v2\/comments?post=46943"}],"version-history":[{"count":13,"href":"https:\/\/blogs.diariosur.es\/tormentas-y-rayos\/wp-json\/wp\/v2\/posts\/46943\/revisions"}],"predecessor-version":[{"id":46963,"href":"https:\/\/blogs.diariosur.es\/tormentas-y-rayos\/wp-json\/wp\/v2\/posts\/46943\/revisions\/46963"}],"wp:featuredmedia":[{"embeddable":true,"href":"https:\/\/blogs.diariosur.es\/tormentas-y-rayos\/wp-json\/wp\/v2\/media\/46951"}],"wp:attachment":[{"href":"https:\/\/blogs.diariosur.es\/tormentas-y-rayos\/wp-json\/wp\/v2\/media?parent=46943"}],"wp:term":[{"taxonomy":"category","embeddable":true,"href":"https:\/\/blogs.diariosur.es\/tormentas-y-rayos\/wp-json\/wp\/v2\/categories?post=46943"},{"taxonomy":"post_tag","embeddable":true,"href":"https:\/\/blogs.diariosur.es\/tormentas-y-rayos\/wp-json\/wp\/v2\/tags?post=46943"}],"curies":[{"name":"wp","href":"https:\/\/api.w.org\/{rel}","templated":true}]}}