{"id":46966,"date":"2025-10-26T09:12:57","date_gmt":"2025-10-26T08:12:57","guid":{"rendered":"https:\/\/blogs.diariosur.es\/tormentas-y-rayos\/?p=46966"},"modified":"2025-10-26T12:25:52","modified_gmt":"2025-10-26T11:25:52","slug":"avisos-para-manana-lunes-por-tormentas-y-lluvias-en-estas-dos-provincias-andaluzas","status":"publish","type":"post","link":"https:\/\/blogs.diariosur.es\/tormentas-y-rayos\/2025\/10\/26\/avisos-para-manana-lunes-por-tormentas-y-lluvias-en-estas-dos-provincias-andaluzas\/","title":{"rendered":"Avisos para ma\u00f1ana lunes por tormentas y lluvias en estas dos provincias andaluzas, seguir bailando"},"content":{"rendered":"<p data-pm-slice=\"1 1 []\"><a href=\"https:\/\/static-blogs.diariosur.es\/wp-content\/uploads\/sites\/12\/2025\/10\/444912498_10228884468795449_97962860407814916_n.jpg\"><img loading=\"lazy\" class=\"aligncenter size-thumbnail wp-image-46969\" src=\"https:\/\/static-blogs.diariosur.es\/wp-content\/uploads\/sites\/12\/2025\/10\/444912498_10228884468795449_97962860407814916_n-150x150.jpg\" alt=\"\" width=\"150\" height=\"150\" \/><\/a><\/p>\n<p data-pm-slice=\"1 1 []\">Buenos d\u00edas, amigos de la meteo. Es muy probable que el mi\u00e9rcoles se active en algunas zonas de la provincia malague\u00f1a. Seguir bailando la danza de la lluvia, porfi, est\u00e1n bailando m\u00e1s en C\u00e1diz que aqu\u00ed, me han dicho.<\/p>\n<p data-pm-slice=\"1 1 []\">Ma\u00f1ana con los modelos actualizados dir\u00e9 los probables acumulados del martes y mi\u00e9rcoles en la provincia malague\u00f1a.<\/p>\n<p><iframe loading=\"lazy\" title=\"Por favor que llueva\" width=\"500\" height=\"281\" src=\"https:\/\/www.youtube.com\/embed\/r1Pg1_hHAuM?feature=oembed\" frameborder=\"0\" allow=\"accelerometer; autoplay; clipboard-write; encrypted-media; gyroscope; picture-in-picture; web-share\" referrerpolicy=\"strict-origin-when-cross-origin\" allowfullscreen><\/iframe><\/p>\n<p data-pm-slice=\"1 1 []\">Ma\u00f1ana lunes se activa el aviso amarillo por lluvias y tormentas en el litoral gaditano y levante almeriense; precipitaci\u00f3n acumulada en una hora: 15 mm.<\/p>\n<p data-pm-slice=\"1 1 []\"><a href=\"https:\/\/static-blogs.diariosur.es\/wp-content\/uploads\/sites\/12\/2025\/10\/lunes-1.jpg\"><img loading=\"lazy\" class=\"aligncenter size-full wp-image-46968\" src=\"https:\/\/static-blogs.diariosur.es\/wp-content\/uploads\/sites\/12\/2025\/10\/lunes-1.jpg\" alt=\"\" width=\"1050\" height=\"824\" srcset=\"https:\/\/static-blogs.diariosur.es\/wp-content\/uploads\/sites\/12\/2025\/10\/lunes-1.jpg 1050w, https:\/\/static-blogs.diariosur.es\/wp-content\/uploads\/sites\/12\/2025\/10\/lunes-1-510x400.jpg 510w, https:\/\/static-blogs.diariosur.es\/wp-content\/uploads\/sites\/12\/2025\/10\/lunes-1-520x408.jpg 520w, https:\/\/static-blogs.diariosur.es\/wp-content\/uploads\/sites\/12\/2025\/10\/lunes-1-768x603.jpg 768w\" sizes=\"(max-width: 1050px) 100vw, 1050px\" \/><\/a><\/p>\n<p>&nbsp;<\/p>\n<p>Hoy domingo, el aviso por lluvias y tormentas se ha activado en los litorales de Huelva, C\u00e1diz y tambi\u00e9n en el levante almeriense. Reedito: tambi\u00e9n en las provincias de Sevilla y C\u00f3rdoba.<\/p>\n<p>&nbsp;<\/p>\n<p><a href=\"https:\/\/static-blogs.diariosur.es\/wp-content\/uploads\/sites\/12\/2025\/10\/domingo-2.jpg\"><img loading=\"lazy\" class=\"aligncenter size-full wp-image-46967\" src=\"https:\/\/static-blogs.diariosur.es\/wp-content\/uploads\/sites\/12\/2025\/10\/domingo-2.jpg\" alt=\"\" width=\"1043\" height=\"832\" srcset=\"https:\/\/static-blogs.diariosur.es\/wp-content\/uploads\/sites\/12\/2025\/10\/domingo-2.jpg 1043w, https:\/\/static-blogs.diariosur.es\/wp-content\/uploads\/sites\/12\/2025\/10\/domingo-2-501x400.jpg 501w, https:\/\/static-blogs.diariosur.es\/wp-content\/uploads\/sites\/12\/2025\/10\/domingo-2-511x408.jpg 511w, https:\/\/static-blogs.diariosur.es\/wp-content\/uploads\/sites\/12\/2025\/10\/domingo-2-768x613.jpg 768w\" sizes=\"(max-width: 1043px) 100vw, 1043px\" \/><\/a><\/p>\n","protected":false},"excerpt":{"rendered":"<p>Buenos d\u00edas, amigos de la meteo. Es muy probable que el mi\u00e9rcoles se active en algunas zonas de la provincia malague\u00f1a. Seguir bailando la danza de la lluvia, porfi, est\u00e1n bailando m\u00e1s en C\u00e1diz que aqu\u00ed, me han dicho. Ma\u00f1ana con los modelos actualizados dir\u00e9 los probables acumulados del martes y mi\u00e9rcoles en la provincia [&hellip;]<\/p>\n","protected":false},"author":16,"featured_media":46970,"comment_status":"open","ping_status":"open","sticky":false,"template":"","format":"standard","meta":[],"categories":[2],"tags":[94,100,151,358,569],"_links":{"self":[{"href":"https:\/\/blogs.diariosur.es\/tormentas-y-rayos\/wp-json\/wp\/v2\/posts\/46966"}],"collection":[{"href":"https:\/\/blogs.diariosur.es\/tormentas-y-rayos\/wp-json\/wp\/v2\/posts"}],"about":[{"href":"https:\/\/blogs.diariosur.es\/tormentas-y-rayos\/wp-json\/wp\/v2\/types\/post"}],"author":[{"embeddable":true,"href":"https:\/\/blogs.diariosur.es\/tormentas-y-rayos\/wp-json\/wp\/v2\/users\/16"}],"replies":[{"embeddable":true,"href":"https:\/\/blogs.diariosur.es\/tormentas-y-rayos\/wp-json\/wp\/v2\/comments?post=46966"}],"version-history":[{"count":5,"href":"https:\/\/blogs.diariosur.es\/tormentas-y-rayos\/wp-json\/wp\/v2\/posts\/46966\/revisions"}],"predecessor-version":[{"id":46976,"href":"https:\/\/blogs.diariosur.es\/tormentas-y-rayos\/wp-json\/wp\/v2\/posts\/46966\/revisions\/46976"}],"wp:featuredmedia":[{"embeddable":true,"href":"https:\/\/blogs.diariosur.es\/tormentas-y-rayos\/wp-json\/wp\/v2\/media\/46970"}],"wp:attachment":[{"href":"https:\/\/blogs.diariosur.es\/tormentas-y-rayos\/wp-json\/wp\/v2\/media?parent=46966"}],"wp:term":[{"taxonomy":"category","embeddable":true,"href":"https:\/\/blogs.diariosur.es\/tormentas-y-rayos\/wp-json\/wp\/v2\/categories?post=46966"},{"taxonomy":"post_tag","embeddable":true,"href":"https:\/\/blogs.diariosur.es\/tormentas-y-rayos\/wp-json\/wp\/v2\/tags?post=46966"}],"curies":[{"name":"wp","href":"https:\/\/api.w.org\/{rel}","templated":true}]}}