{"id":46977,"date":"2025-10-26T18:35:41","date_gmt":"2025-10-26T17:35:41","guid":{"rendered":"https:\/\/blogs.diariosur.es\/tormentas-y-rayos\/?p=46977"},"modified":"2025-10-26T19:27:36","modified_gmt":"2025-10-26T18:27:36","slug":"la-provincia-de-malaga-registra-las-temperaturas-mas-altas-de-espana-tambien-han-caido-chubascos-por-el-interior","status":"publish","type":"post","link":"https:\/\/blogs.diariosur.es\/tormentas-y-rayos\/2025\/10\/26\/la-provincia-de-malaga-registra-las-temperaturas-mas-altas-de-espana-tambien-han-caido-chubascos-por-el-interior\/","title":{"rendered":"La provincia de M\u00e1laga registra las temperaturas m\u00e1s altas de Espa\u00f1a; tambi\u00e9n han ca\u00eddo chubascos por el interior"},"content":{"rendered":"<p><a href=\"https:\/\/static-blogs.diariosur.es\/wp-content\/uploads\/sites\/12\/2025\/10\/444912498_10228884468795449_97962860407814916_n.jpg\"><img loading=\"lazy\" class=\"aligncenter size-thumbnail wp-image-46969\" src=\"https:\/\/static-blogs.diariosur.es\/wp-content\/uploads\/sites\/12\/2025\/10\/444912498_10228884468795449_97962860407814916_n-150x150.jpg\" alt=\"\" width=\"150\" height=\"150\" \/><\/a><\/p>\n<p>Buenas noches, amigos de la meteo. Nuevamente zonas de la provincia malague\u00f1a, han registrado hoy domingo las temperaturas m\u00e1ximas m\u00e1s altas de Espa\u00f1a debido al terral. Tambi\u00e9n se han registrado algunos chubascos por el interior.<\/p>\n<p>Os paso primeros las estaciones de la aemet con las m\u00e1ximas y a continuaci\u00f3n los litros. Fuentes Wunderground, Red Hidrosur y Meteoclimati<\/p>\n<p><strong>TEMPERATURAS M\u00c1XIMAS<\/strong><\/p>\n<p>Velez M\u00e1laga 29,5 \u00baC<\/p>\n<p>Estepona 29,4 \u00baC<\/p>\n<p>M\u00e1laga Aeropuerto sinop actualizados\u00a0 28,8 \u00baC<\/p>\n<p>Rinc\u00f3n de la Victoria 28\u00baC<\/p>\n<p>Algarrobo 27,7 \u00baC<\/p>\n<p>Nerja 27,7 \u00baC<\/p>\n<p><strong>PRECIPITACI\u00d3N hasta las 18:00 h<\/strong><\/p>\n<p>R\u00edo Guadalteba Aforo Teba 8,9 mm<\/p>\n<p>R\u00edo Tur\u00f3n Ardales 5,3 mm<\/p>\n<p>Los Reales 1,2 mm<\/p>\n<p>Pujerra 0,5 mm<\/p>\n<p>Cuevas del Becerro 0,9 mm<\/p>\n<p>Ca\u00f1ete La Real 6 mm<\/p>\n<p>Villanueva la Concepci\u00f3n 2 mm<\/p>\n<p>Rio Guadalhorce Archidona 1 mm<\/p>\n<p>Villanueva Nueva del Trabuco\u00a0 1,3 mm<\/p>\n<p>Villanueva del Rosario\u00a0 1 mm<\/p>\n<p>Campillos 1,2 mm<\/p>\n<p>Ronda San Crist\u00f3bal 1,8 mm<\/p>\n<p>Archidona Norte 2,5 mm<\/p>\n<p>Yedra 6,6 mm<\/p>\n<p>Os dejo con este chubasco acerc\u00e1ndose a la capital, llegar\u00e1????<\/p>\n<p>&nbsp;<\/p>\n<p><a href=\"https:\/\/static-blogs.diariosur.es\/wp-content\/uploads\/sites\/12\/2025\/10\/572959764_10234980037940868_1843540832250566652_n-e1761500114603.jpg\"><img loading=\"lazy\" class=\"aligncenter size-full wp-image-46981\" src=\"https:\/\/static-blogs.diariosur.es\/wp-content\/uploads\/sites\/12\/2025\/10\/572959764_10234980037940868_1843540832250566652_n-e1761500114603.jpg\" alt=\"\" width=\"1200\" height=\"900\" \/><\/a><\/p>\n<p>&nbsp;<\/p>\n<p>&nbsp;<\/p>\n","protected":false},"excerpt":{"rendered":"<p>Buenas noches, amigos de la meteo. Nuevamente zonas de la provincia malague\u00f1a, han registrado hoy domingo las temperaturas m\u00e1ximas m\u00e1s altas de Espa\u00f1a debido al terral. Tambi\u00e9n se han registrado algunos chubascos por el interior. Os paso primeros las estaciones de la aemet con las m\u00e1ximas y a continuaci\u00f3n los litros. Fuentes Wunderground, Red Hidrosur [&hellip;]<\/p>\n","protected":false},"author":16,"featured_media":46981,"comment_status":"open","ping_status":"open","sticky":false,"template":"","format":"standard","meta":[],"categories":[2],"tags":[212,358,587,975],"_links":{"self":[{"href":"https:\/\/blogs.diariosur.es\/tormentas-y-rayos\/wp-json\/wp\/v2\/posts\/46977"}],"collection":[{"href":"https:\/\/blogs.diariosur.es\/tormentas-y-rayos\/wp-json\/wp\/v2\/posts"}],"about":[{"href":"https:\/\/blogs.diariosur.es\/tormentas-y-rayos\/wp-json\/wp\/v2\/types\/post"}],"author":[{"embeddable":true,"href":"https:\/\/blogs.diariosur.es\/tormentas-y-rayos\/wp-json\/wp\/v2\/users\/16"}],"replies":[{"embeddable":true,"href":"https:\/\/blogs.diariosur.es\/tormentas-y-rayos\/wp-json\/wp\/v2\/comments?post=46977"}],"version-history":[{"count":5,"href":"https:\/\/blogs.diariosur.es\/tormentas-y-rayos\/wp-json\/wp\/v2\/posts\/46977\/revisions"}],"predecessor-version":[{"id":46983,"href":"https:\/\/blogs.diariosur.es\/tormentas-y-rayos\/wp-json\/wp\/v2\/posts\/46977\/revisions\/46983"}],"wp:featuredmedia":[{"embeddable":true,"href":"https:\/\/blogs.diariosur.es\/tormentas-y-rayos\/wp-json\/wp\/v2\/media\/46981"}],"wp:attachment":[{"href":"https:\/\/blogs.diariosur.es\/tormentas-y-rayos\/wp-json\/wp\/v2\/media?parent=46977"}],"wp:term":[{"taxonomy":"category","embeddable":true,"href":"https:\/\/blogs.diariosur.es\/tormentas-y-rayos\/wp-json\/wp\/v2\/categories?post=46977"},{"taxonomy":"post_tag","embeddable":true,"href":"https:\/\/blogs.diariosur.es\/tormentas-y-rayos\/wp-json\/wp\/v2\/tags?post=46977"}],"curies":[{"name":"wp","href":"https:\/\/api.w.org\/{rel}","templated":true}]}}