{"id":46988,"date":"2025-10-27T07:24:59","date_gmt":"2025-10-27T06:24:59","guid":{"rendered":"https:\/\/blogs.diariosur.es\/tormentas-y-rayos\/?p=46988"},"modified":"2025-10-27T09:08:43","modified_gmt":"2025-10-27T08:08:43","slug":"probables-acumulados-de-precipitaciones-el-miercoles-y-madrugada-del-jueves-en-la-provincia-de-malaga","status":"publish","type":"post","link":"https:\/\/blogs.diariosur.es\/tormentas-y-rayos\/2025\/10\/27\/probables-acumulados-de-precipitaciones-el-miercoles-y-madrugada-del-jueves-en-la-provincia-de-malaga\/","title":{"rendered":"Probables acumulados de precipitaciones el mi\u00e9rcoles y madrugada del jueves en la provincia de M\u00e1laga"},"content":{"rendered":"<p data-pm-slice=\"1 1 []\"><a href=\"https:\/\/static-blogs.diariosur.es\/wp-content\/uploads\/sites\/12\/2025\/10\/444912498_10228884468795449_97962860407814916_n.jpg\"><img loading=\"lazy\" class=\"aligncenter size-thumbnail wp-image-46969\" src=\"https:\/\/static-blogs.diariosur.es\/wp-content\/uploads\/sites\/12\/2025\/10\/444912498_10228884468795449_97962860407814916_n-150x150.jpg\" alt=\"\" width=\"150\" height=\"150\" \/><\/a><\/p>\n<p data-pm-slice=\"1 1 []\">Buenos d\u00edas, amigos de la meteo. Hoy lunes estar\u00e9 en el IES Ciudad Jard\u00edn, para hablar del terral a alumnos de 2.\u00b0 de bachillerato; lo pasaremos muy bien. Amigo Ernesto, muchas gracias por invitarme para dar la charla a tus alumnos.<\/p>\n<p data-pm-slice=\"1 1 []\">Ayer domingo no llovi\u00f3 en tu portal; en el m\u00edo tampoco, pero en otras zonas del interior de la provincia malague\u00f1a s\u00ed. En la comarca de Antequera rondaron entre los 6 mm y los 11 mm, incluso en R\u00edo Teba Aforo Teba 13 mm y R\u00edo Tur\u00f3n Ardales 6 mm. Se registraron chubascos tormentosos repartidos por Andaluc\u00eda; destac\u00f3 Osuna con 37 mm. Lo que nos afecto fue una vaguada con l\u00edneas de instabilidad.<\/p>\n<p data-pm-slice=\"1 1 []\"><strong>Hoy lunes<\/strong> ya se han mojado algunos portales m\u00e1s; en algunas zonas del Palo y Limonar sobrepasan los 10 mm y 15 mm; en el Centro Meteorol\u00f3gico de Teatinos han recogido 7,8 mm reedito 10,3 mm; <strong>curiosamente, en mi portal, muy cerca de Teatinos, 0 mm.<\/strong> En el Rinc\u00f3n de la Victoria entre los 4 y 13 mm. En zonas del Arroyo de la Miel y Benalm\u00e1dena costa entre los 8 y 11 mm. <span style=\"color: #ff0000;\"><strong>Son chubascos convectivos\u00a0<\/strong><\/span><\/p>\n<p data-pm-slice=\"1 1 []\">Reedito: mi portal se acaba de mojar<\/p>\n<h3><span style=\"color: #0000ff;\"><strong>Probables acumulados de precipitaciones el mi\u00e9rcoles y madrugada del jueves en la provincia de M\u00e1laga<\/strong><\/span><\/h3>\n<p>Ma\u00f1ana martes no espero mucho, salvo que se adelante el frente a \u00faltima hora de la noche. Nos centramos en el mi\u00e9rcoles<\/p>\n<p><strong>Modelo Europeo mi\u00e9rcoles<\/strong><\/p>\n<p>&nbsp;<\/p>\n<p><a href=\"https:\/\/static-blogs.diariosur.es\/wp-content\/uploads\/sites\/12\/2025\/10\/MIERCOLES-EUROPEO.jpg\"><img loading=\"lazy\" class=\"aligncenter size-full wp-image-47004\" src=\"https:\/\/static-blogs.diariosur.es\/wp-content\/uploads\/sites\/12\/2025\/10\/MIERCOLES-EUROPEO.jpg\" alt=\"\" width=\"1151\" height=\"1147\" srcset=\"https:\/\/static-blogs.diariosur.es\/wp-content\/uploads\/sites\/12\/2025\/10\/MIERCOLES-EUROPEO.jpg 1151w, https:\/\/static-blogs.diariosur.es\/wp-content\/uploads\/sites\/12\/2025\/10\/MIERCOLES-EUROPEO-401x400.jpg 401w, https:\/\/static-blogs.diariosur.es\/wp-content\/uploads\/sites\/12\/2025\/10\/MIERCOLES-EUROPEO-409x408.jpg 409w, https:\/\/static-blogs.diariosur.es\/wp-content\/uploads\/sites\/12\/2025\/10\/MIERCOLES-EUROPEO-150x150.jpg 150w, https:\/\/static-blogs.diariosur.es\/wp-content\/uploads\/sites\/12\/2025\/10\/MIERCOLES-EUROPEO-768x765.jpg 768w\" sizes=\"(max-width: 1151px) 100vw, 1151px\" \/><\/a><\/p>\n<p>&nbsp;<\/p>\n<p>&nbsp;<\/p>\n<p><strong>Modelo Americano mi\u00e9rcoles. Menos precipitaci\u00f3n y atrasa el frente<\/strong><\/p>\n<p>&nbsp;<\/p>\n<p><a href=\"https:\/\/static-blogs.diariosur.es\/wp-content\/uploads\/sites\/12\/2025\/10\/modelo-americano-mi.jpg\"><img loading=\"lazy\" class=\"aligncenter size-full wp-image-47005\" src=\"https:\/\/static-blogs.diariosur.es\/wp-content\/uploads\/sites\/12\/2025\/10\/modelo-americano-mi.jpg\" alt=\"\" width=\"1139\" height=\"1136\" srcset=\"https:\/\/static-blogs.diariosur.es\/wp-content\/uploads\/sites\/12\/2025\/10\/modelo-americano-mi.jpg 1139w, https:\/\/static-blogs.diariosur.es\/wp-content\/uploads\/sites\/12\/2025\/10\/modelo-americano-mi-401x400.jpg 401w, https:\/\/static-blogs.diariosur.es\/wp-content\/uploads\/sites\/12\/2025\/10\/modelo-americano-mi-409x408.jpg 409w, https:\/\/static-blogs.diariosur.es\/wp-content\/uploads\/sites\/12\/2025\/10\/modelo-americano-mi-150x150.jpg 150w, https:\/\/static-blogs.diariosur.es\/wp-content\/uploads\/sites\/12\/2025\/10\/modelo-americano-mi-768x766.jpg 768w\" sizes=\"(max-width: 1139px) 100vw, 1139px\" \/><\/a><\/p>\n<p>&nbsp;<\/p>\n<p>&nbsp;<\/p>\n<p>&nbsp;<\/p>\n<p>Ya veremos si el frente se reactiva al llegar a la provincia malague\u00f1a.<\/p>\n<p>&nbsp;<\/p>\n<p>&nbsp;<\/p>\n","protected":false},"excerpt":{"rendered":"<p>Buenos d\u00edas, amigos de la meteo. Hoy lunes estar\u00e9 en el IES Ciudad Jard\u00edn, para hablar del terral a alumnos de 2.\u00b0 de bachillerato; lo pasaremos muy bien. Amigo Ernesto, muchas gracias por invitarme para dar la charla a tus alumnos. Ayer domingo no llovi\u00f3 en tu portal; en el m\u00edo tampoco, pero en otras [&hellip;]<\/p>\n","protected":false},"author":16,"featured_media":47006,"comment_status":"open","ping_status":"open","sticky":false,"template":"","format":"standard","meta":[],"categories":[2],"tags":[94,100,151,358,569,587,800],"_links":{"self":[{"href":"https:\/\/blogs.diariosur.es\/tormentas-y-rayos\/wp-json\/wp\/v2\/posts\/46988"}],"collection":[{"href":"https:\/\/blogs.diariosur.es\/tormentas-y-rayos\/wp-json\/wp\/v2\/posts"}],"about":[{"href":"https:\/\/blogs.diariosur.es\/tormentas-y-rayos\/wp-json\/wp\/v2\/types\/post"}],"author":[{"embeddable":true,"href":"https:\/\/blogs.diariosur.es\/tormentas-y-rayos\/wp-json\/wp\/v2\/users\/16"}],"replies":[{"embeddable":true,"href":"https:\/\/blogs.diariosur.es\/tormentas-y-rayos\/wp-json\/wp\/v2\/comments?post=46988"}],"version-history":[{"count":14,"href":"https:\/\/blogs.diariosur.es\/tormentas-y-rayos\/wp-json\/wp\/v2\/posts\/46988\/revisions"}],"predecessor-version":[{"id":47008,"href":"https:\/\/blogs.diariosur.es\/tormentas-y-rayos\/wp-json\/wp\/v2\/posts\/46988\/revisions\/47008"}],"wp:featuredmedia":[{"embeddable":true,"href":"https:\/\/blogs.diariosur.es\/tormentas-y-rayos\/wp-json\/wp\/v2\/media\/47006"}],"wp:attachment":[{"href":"https:\/\/blogs.diariosur.es\/tormentas-y-rayos\/wp-json\/wp\/v2\/media?parent=46988"}],"wp:term":[{"taxonomy":"category","embeddable":true,"href":"https:\/\/blogs.diariosur.es\/tormentas-y-rayos\/wp-json\/wp\/v2\/categories?post=46988"},{"taxonomy":"post_tag","embeddable":true,"href":"https:\/\/blogs.diariosur.es\/tormentas-y-rayos\/wp-json\/wp\/v2\/tags?post=46988"}],"curies":[{"name":"wp","href":"https:\/\/api.w.org\/{rel}","templated":true}]}}