{"id":47009,"date":"2025-10-27T12:24:15","date_gmt":"2025-10-27T11:24:15","guid":{"rendered":"https:\/\/blogs.diariosur.es\/tormentas-y-rayos\/?p=47009"},"modified":"2025-10-27T12:24:15","modified_gmt":"2025-10-27T11:24:15","slug":"se-activan-avisos-amarillos-por-lluvias-para-el-miercoles-en-zonas-de-la-provincia-de-malaga","status":"publish","type":"post","link":"https:\/\/blogs.diariosur.es\/tormentas-y-rayos\/2025\/10\/27\/se-activan-avisos-amarillos-por-lluvias-para-el-miercoles-en-zonas-de-la-provincia-de-malaga\/","title":{"rendered":"Se activan avisos amarillos por lluvias para el mi\u00e9rcoles en zonas de la provincia de M\u00e1laga"},"content":{"rendered":"<p>&nbsp;<\/p>\n<p><a href=\"https:\/\/static-blogs.diariosur.es\/wp-content\/uploads\/sites\/12\/2025\/10\/444912498_10228884468795449_97962860407814916_n.jpg\"><img loading=\"lazy\" class=\"aligncenter size-thumbnail wp-image-46969\" src=\"https:\/\/static-blogs.diariosur.es\/wp-content\/uploads\/sites\/12\/2025\/10\/444912498_10228884468795449_97962860407814916_n-150x150.jpg\" alt=\"\" width=\"150\" height=\"150\" \/><\/a><\/p>\n<p>Buenas tardes amigos de la meteo. Os pongo los avisos de la provincia de M\u00e1laga para el miercoles. Si hay actualizaciones actualizar\u00e9 el blog.<\/p>\n<p>Comarca de Ronda: precipitaci\u00f3n acumulada en una hora: 25 mm.<\/p>\n<p>Sol y Guadalhorce: precipitaci\u00f3n acumulada en una hora: 25 mm.<\/p>\n<p>Sol y Guadalhorce: precipitaci\u00f3n acumulada en 12 horas: 60 mm.<\/p>\n<p>&nbsp;<\/p>\n<p><a href=\"https:\/\/static-blogs.diariosur.es\/wp-content\/uploads\/sites\/12\/2025\/10\/Captura-de-pantalla-2025-10-27-122022.jpg\"><img loading=\"lazy\" class=\"aligncenter size-full wp-image-47010\" src=\"https:\/\/static-blogs.diariosur.es\/wp-content\/uploads\/sites\/12\/2025\/10\/Captura-de-pantalla-2025-10-27-122022.jpg\" alt=\"\" width=\"1046\" height=\"826\" srcset=\"https:\/\/static-blogs.diariosur.es\/wp-content\/uploads\/sites\/12\/2025\/10\/Captura-de-pantalla-2025-10-27-122022.jpg 1046w, https:\/\/static-blogs.diariosur.es\/wp-content\/uploads\/sites\/12\/2025\/10\/Captura-de-pantalla-2025-10-27-122022-507x400.jpg 507w, https:\/\/static-blogs.diariosur.es\/wp-content\/uploads\/sites\/12\/2025\/10\/Captura-de-pantalla-2025-10-27-122022-517x408.jpg 517w, https:\/\/static-blogs.diariosur.es\/wp-content\/uploads\/sites\/12\/2025\/10\/Captura-de-pantalla-2025-10-27-122022-768x606.jpg 768w\" sizes=\"(max-width: 1046px) 100vw, 1046px\" \/><\/a><\/p>\n","protected":false},"excerpt":{"rendered":"<p>&nbsp; Buenas tardes amigos de la meteo. Os pongo los avisos de la provincia de M\u00e1laga para el miercoles. Si hay actualizaciones actualizar\u00e9 el blog. Comarca de Ronda: precipitaci\u00f3n acumulada en una hora: 25 mm. Sol y Guadalhorce: precipitaci\u00f3n acumulada en una hora: 25 mm. Sol y Guadalhorce: precipitaci\u00f3n acumulada en 12 horas: 60 mm. [&hellip;]<\/p>\n","protected":false},"author":16,"featured_media":47011,"comment_status":"open","ping_status":"open","sticky":false,"template":"","format":"standard","meta":[],"categories":[2],"tags":[94,151,587,650],"_links":{"self":[{"href":"https:\/\/blogs.diariosur.es\/tormentas-y-rayos\/wp-json\/wp\/v2\/posts\/47009"}],"collection":[{"href":"https:\/\/blogs.diariosur.es\/tormentas-y-rayos\/wp-json\/wp\/v2\/posts"}],"about":[{"href":"https:\/\/blogs.diariosur.es\/tormentas-y-rayos\/wp-json\/wp\/v2\/types\/post"}],"author":[{"embeddable":true,"href":"https:\/\/blogs.diariosur.es\/tormentas-y-rayos\/wp-json\/wp\/v2\/users\/16"}],"replies":[{"embeddable":true,"href":"https:\/\/blogs.diariosur.es\/tormentas-y-rayos\/wp-json\/wp\/v2\/comments?post=47009"}],"version-history":[{"count":1,"href":"https:\/\/blogs.diariosur.es\/tormentas-y-rayos\/wp-json\/wp\/v2\/posts\/47009\/revisions"}],"predecessor-version":[{"id":47012,"href":"https:\/\/blogs.diariosur.es\/tormentas-y-rayos\/wp-json\/wp\/v2\/posts\/47009\/revisions\/47012"}],"wp:featuredmedia":[{"embeddable":true,"href":"https:\/\/blogs.diariosur.es\/tormentas-y-rayos\/wp-json\/wp\/v2\/media\/47011"}],"wp:attachment":[{"href":"https:\/\/blogs.diariosur.es\/tormentas-y-rayos\/wp-json\/wp\/v2\/media?parent=47009"}],"wp:term":[{"taxonomy":"category","embeddable":true,"href":"https:\/\/blogs.diariosur.es\/tormentas-y-rayos\/wp-json\/wp\/v2\/categories?post=47009"},{"taxonomy":"post_tag","embeddable":true,"href":"https:\/\/blogs.diariosur.es\/tormentas-y-rayos\/wp-json\/wp\/v2\/tags?post=47009"}],"curies":[{"name":"wp","href":"https:\/\/api.w.org\/{rel}","templated":true}]}}