{"id":47013,"date":"2025-10-28T07:19:26","date_gmt":"2025-10-28T06:19:26","guid":{"rendered":"https:\/\/blogs.diariosur.es\/tormentas-y-rayos\/?p=47013"},"modified":"2025-10-28T10:06:13","modified_gmt":"2025-10-28T09:06:13","slug":"la-meteorologia-llega-al-ies-ciudad-jardin-de-malaga-prediccion-hoy-martes","status":"publish","type":"post","link":"https:\/\/blogs.diariosur.es\/tormentas-y-rayos\/2025\/10\/28\/la-meteorologia-llega-al-ies-ciudad-jardin-de-malaga-prediccion-hoy-martes\/","title":{"rendered":"La meteorolog\u00eda llega al IES Ciudad Jard\u00edn de M\u00e1laga. Predicci\u00f3n hoy martes"},"content":{"rendered":"<p data-pm-slice=\"1 1 []\"><a href=\"https:\/\/static-blogs.diariosur.es\/wp-content\/uploads\/sites\/12\/2025\/10\/444912498_10228884468795449_97962860407814916_n.jpg\"><img loading=\"lazy\" class=\"aligncenter size-thumbnail wp-image-46969\" src=\"https:\/\/static-blogs.diariosur.es\/wp-content\/uploads\/sites\/12\/2025\/10\/444912498_10228884468795449_97962860407814916_n-150x150.jpg\" alt=\"\" width=\"150\" height=\"150\" \/><\/a><\/p>\n<p data-pm-slice=\"1 1 []\">Buenos d\u00edas, amigos de la meteo. Cuando son las siete de la ma\u00f1ana en M\u00e1laga capital, el aeropuerto registra 18,6 \u00baC, los cielos est\u00e1n poco nubosos, el viento sopla flojo de direcci\u00f3n variable y la humedad ronda el 90 %. Hoy martes hay <strong>probabilidad<\/strong> de precipitaciones por la tarde-noche en la provincia malague\u00f1a; ser\u00e1 en la zona m\u00e1s occidental de la provincia donde pueden ser moderadas. Estas precipitaciones se deber\u00e1n a una l\u00ednea de inestabilidad. Las temperaturas m\u00e1ximas rondar\u00e1n en la provincia malague\u00f1a entre los 18 \u00baC y 22 \u00baC.<\/p>\n<p data-pm-slice=\"1 1 []\">M\u00e1s tarde actualizar\u00e9 el blog para daros la \u00faltima hora del frente ocluido que nos afectar\u00e1 ma\u00f1ana mi\u00e9rcoles. Como me vais a preguntar que es un frente ocluido, os doy la definici\u00f3n de la Aemet. Frente ocluido: Se forma donde un frente c\u00e1lido es alcanzado por un frente fr\u00edo con desplazamiento m\u00e1s r\u00e1pido. Tambi\u00e9n os podre los probables acumulados.<\/p>\n<h3><span style=\"color: #0000ff;\"><strong>La meteorolog\u00eda llega al IES Ciudad Jard\u00edn de M\u00e1laga<\/strong><\/span><\/h3>\n<p data-pm-slice=\"1 1 []\">Gracias a mi amigo Ernesto Garc\u00eda, profesor del instituto, y al equipo directivo, he tenido el placer de dar dos charlas de meteorolog\u00eda a dos cursos de 2.\u00ba de bachillerato en un aula preciosa. El tema principal era el Terral de M\u00e1laga, Mitos, Realidades y Curiosidades. Tambi\u00e9n hemos tenido otros temas como las famosas lluvias de barro e inundaciones que ha sufrido M\u00e1laga capital. Fue tambi\u00e9n una sorpresa saber que a uno de los alumnos le gusta la meteorolog\u00eda y que tambi\u00e9n Trini, que est\u00e1 en administraci\u00f3n, es seguidora del blog. Un fuerte abrazo a Miriam Rom\u00e1n, la directora, Mar\u00eda Jos\u00e9 C\u00f3rdoba, la vicedirectora, y a Fran Melgar, profesor de dibujo. Se me olvidaba, gracias al alumno que me ayudo para que se viera el video.<\/p>\n<p data-pm-slice=\"1 1 []\">Lo he pasado genial con todos los alumnos; os deseo mucha suerte en el 2026 con la PEVAU; lo vais a hacer muy bien.<\/p>\n<p data-pm-slice=\"1 1 []\"><a href=\"https:\/\/static-blogs.diariosur.es\/wp-content\/uploads\/sites\/12\/2025\/10\/571287307_10234990432160717_8881862829981997610_n-e1761594764730.jpg\"><img loading=\"lazy\" class=\"aligncenter size-full wp-image-47015\" src=\"https:\/\/static-blogs.diariosur.es\/wp-content\/uploads\/sites\/12\/2025\/10\/571287307_10234990432160717_8881862829981997610_n-e1761594764730.jpg\" alt=\"\" width=\"1200\" height=\"900\" \/><\/a><\/p>\n<p data-pm-slice=\"1 1 []\"><a href=\"https:\/\/static-blogs.diariosur.es\/wp-content\/uploads\/sites\/12\/2025\/10\/572172891_10234990432400723_8761043156219842422_n-e1761594794800.jpg\"><img loading=\"lazy\" class=\"aligncenter size-full wp-image-47016\" src=\"https:\/\/static-blogs.diariosur.es\/wp-content\/uploads\/sites\/12\/2025\/10\/572172891_10234990432400723_8761043156219842422_n-e1761594794800.jpg\" alt=\"\" width=\"1200\" height=\"900\" \/><\/a><\/p>\n<p data-pm-slice=\"1 1 []\"><a href=\"https:\/\/static-blogs.diariosur.es\/wp-content\/uploads\/sites\/12\/2025\/10\/571141676_10234990430880685_104503330721903289_n-e1761594824684.jpg\"><img loading=\"lazy\" class=\"aligncenter size-full wp-image-47017\" src=\"https:\/\/static-blogs.diariosur.es\/wp-content\/uploads\/sites\/12\/2025\/10\/571141676_10234990430880685_104503330721903289_n-e1761594824684.jpg\" alt=\"\" width=\"1200\" height=\"900\" \/><\/a><\/p>\n<p data-pm-slice=\"1 1 []\"><a href=\"https:\/\/static-blogs.diariosur.es\/wp-content\/uploads\/sites\/12\/2025\/10\/573413767_10234990431400698_6100619936916307543_n-e1761594852198.jpg\"><img loading=\"lazy\" class=\"aligncenter size-full wp-image-47018\" src=\"https:\/\/static-blogs.diariosur.es\/wp-content\/uploads\/sites\/12\/2025\/10\/573413767_10234990431400698_6100619936916307543_n-e1761594852198.jpg\" alt=\"\" width=\"1200\" height=\"900\" \/><\/a><\/p>\n<p data-pm-slice=\"1 1 []\"><a href=\"https:\/\/static-blogs.diariosur.es\/wp-content\/uploads\/sites\/12\/2025\/10\/571164472_10234990432880735_8939454547928488138_n-e1761594889754.jpg\"><img loading=\"lazy\" class=\"aligncenter size-full wp-image-47019\" src=\"https:\/\/static-blogs.diariosur.es\/wp-content\/uploads\/sites\/12\/2025\/10\/571164472_10234990432880735_8939454547928488138_n-e1761594889754.jpg\" alt=\"\" width=\"1200\" height=\"900\" \/><\/a><\/p>\n<p data-pm-slice=\"1 1 []\"><a href=\"https:\/\/static-blogs.diariosur.es\/wp-content\/uploads\/sites\/12\/2025\/10\/572189581_10234990433360747_2024424115314541217_n-e1761594949187.jpg\"><img loading=\"lazy\" class=\"aligncenter size-full wp-image-47020\" src=\"https:\/\/static-blogs.diariosur.es\/wp-content\/uploads\/sites\/12\/2025\/10\/572189581_10234990433360747_2024424115314541217_n-e1761594949187.jpg\" alt=\"\" width=\"1200\" height=\"900\" \/><\/a><\/p>\n<p>&nbsp;<\/p>\n<p>&nbsp;<\/p>\n","protected":false},"excerpt":{"rendered":"<p>Buenos d\u00edas, amigos de la meteo. Cuando son las siete de la ma\u00f1ana en M\u00e1laga capital, el aeropuerto registra 18,6 \u00baC, los cielos est\u00e1n poco nubosos, el viento sopla flojo de direcci\u00f3n variable y la humedad ronda el 90 %. Hoy martes hay probabilidad de precipitaciones por la tarde-noche en la provincia malague\u00f1a; ser\u00e1 en [&hellip;]<\/p>\n","protected":false},"author":16,"featured_media":47023,"comment_status":"open","ping_status":"open","sticky":false,"template":"","format":"standard","meta":[],"categories":[2],"tags":[151,2077,2076,569,587,975],"_links":{"self":[{"href":"https:\/\/blogs.diariosur.es\/tormentas-y-rayos\/wp-json\/wp\/v2\/posts\/47013"}],"collection":[{"href":"https:\/\/blogs.diariosur.es\/tormentas-y-rayos\/wp-json\/wp\/v2\/posts"}],"about":[{"href":"https:\/\/blogs.diariosur.es\/tormentas-y-rayos\/wp-json\/wp\/v2\/types\/post"}],"author":[{"embeddable":true,"href":"https:\/\/blogs.diariosur.es\/tormentas-y-rayos\/wp-json\/wp\/v2\/users\/16"}],"replies":[{"embeddable":true,"href":"https:\/\/blogs.diariosur.es\/tormentas-y-rayos\/wp-json\/wp\/v2\/comments?post=47013"}],"version-history":[{"count":8,"href":"https:\/\/blogs.diariosur.es\/tormentas-y-rayos\/wp-json\/wp\/v2\/posts\/47013\/revisions"}],"predecessor-version":[{"id":47039,"href":"https:\/\/blogs.diariosur.es\/tormentas-y-rayos\/wp-json\/wp\/v2\/posts\/47013\/revisions\/47039"}],"wp:featuredmedia":[{"embeddable":true,"href":"https:\/\/blogs.diariosur.es\/tormentas-y-rayos\/wp-json\/wp\/v2\/media\/47023"}],"wp:attachment":[{"href":"https:\/\/blogs.diariosur.es\/tormentas-y-rayos\/wp-json\/wp\/v2\/media?parent=47013"}],"wp:term":[{"taxonomy":"category","embeddable":true,"href":"https:\/\/blogs.diariosur.es\/tormentas-y-rayos\/wp-json\/wp\/v2\/categories?post=47013"},{"taxonomy":"post_tag","embeddable":true,"href":"https:\/\/blogs.diariosur.es\/tormentas-y-rayos\/wp-json\/wp\/v2\/tags?post=47013"}],"curies":[{"name":"wp","href":"https:\/\/api.w.org\/{rel}","templated":true}]}}