{"id":47028,"date":"2025-10-28T09:45:04","date_gmt":"2025-10-28T08:45:04","guid":{"rendered":"https:\/\/blogs.diariosur.es\/tormentas-y-rayos\/?p=47028"},"modified":"2025-10-28T17:32:07","modified_gmt":"2025-10-28T16:32:07","slug":"probables-acumulados-en-la-provincia-malaguena-de-distintos-modelos","status":"publish","type":"post","link":"https:\/\/blogs.diariosur.es\/tormentas-y-rayos\/2025\/10\/28\/probables-acumulados-en-la-provincia-malaguena-de-distintos-modelos\/","title":{"rendered":"Probables acumulados en la provincia malague\u00f1a de distintos modelos"},"content":{"rendered":"<p data-pm-slice=\"1 1 []\"><a href=\"https:\/\/static-blogs.diariosur.es\/wp-content\/uploads\/sites\/12\/2025\/10\/444912498_10228884468795449_97962860407814916_n.jpg\"><img loading=\"lazy\" class=\"aligncenter size-thumbnail wp-image-46969\" src=\"https:\/\/static-blogs.diariosur.es\/wp-content\/uploads\/sites\/12\/2025\/10\/444912498_10228884468795449_97962860407814916_n-150x150.jpg\" alt=\"\" width=\"150\" height=\"150\" \/><\/a><\/p>\n<p data-pm-slice=\"1 1 []\">Hola de nuevo, amigos de la meteo. Los acumulados en la provincia malague\u00f1a ma\u00f1ana mi\u00e9rcoles depender\u00e1n de si se reactiva el frente y si pasa despacio; por este motivo veis que la mayor\u00eda no coinciden a tan pocas horas. Hay algunos modelos que le dan m\u00e1s lentitud, con lo cual habr\u00eda m\u00e1s acumulados. Lo que s\u00ed est\u00e1 claro es que los mayores acumulados se dar\u00e1n en la zona m\u00e1s occidental de la provincia malague\u00f1a. Hay tambi\u00e9n probabilidad de tormentas.<\/p>\n<p data-pm-slice=\"1 1 []\"><strong>Os pido, por favor, que no empec\u00e9is diciendo &#8220;no ha llovido, yo lo sab\u00eda&#8221;, etc., etc.; esperad a que termine el mi\u00e9rcoles y el jueves os pondr\u00e9 los acumulados del episodio.<\/strong><\/p>\n<p>Os paso los distintos modelos y el cielo reparta suerte en todos los portales.<\/p>\n<p>&nbsp;<\/p>\n<p data-pm-slice=\"1 1 []\">Europeo<\/p>\n<p data-pm-slice=\"1 1 []\"><a href=\"https:\/\/static-blogs.diariosur.es\/wp-content\/uploads\/sites\/12\/2025\/10\/europeo.jpg\"><img loading=\"lazy\" class=\"aligncenter size-full wp-image-47029\" src=\"https:\/\/static-blogs.diariosur.es\/wp-content\/uploads\/sites\/12\/2025\/10\/europeo.jpg\" alt=\"\" width=\"1153\" height=\"1149\" srcset=\"https:\/\/static-blogs.diariosur.es\/wp-content\/uploads\/sites\/12\/2025\/10\/europeo.jpg 1153w, https:\/\/static-blogs.diariosur.es\/wp-content\/uploads\/sites\/12\/2025\/10\/europeo-401x400.jpg 401w, https:\/\/static-blogs.diariosur.es\/wp-content\/uploads\/sites\/12\/2025\/10\/europeo-409x408.jpg 409w, https:\/\/static-blogs.diariosur.es\/wp-content\/uploads\/sites\/12\/2025\/10\/europeo-150x150.jpg 150w, https:\/\/static-blogs.diariosur.es\/wp-content\/uploads\/sites\/12\/2025\/10\/europeo-768x765.jpg 768w\" sizes=\"(max-width: 1153px) 100vw, 1153px\" \/><\/a><\/p>\n<p data-pm-slice=\"1 1 []\">Americano<\/p>\n<p data-pm-slice=\"1 1 []\"><a href=\"https:\/\/static-blogs.diariosur.es\/wp-content\/uploads\/sites\/12\/2025\/10\/americano.jpg\"><img loading=\"lazy\" class=\"aligncenter size-full wp-image-47030\" src=\"https:\/\/static-blogs.diariosur.es\/wp-content\/uploads\/sites\/12\/2025\/10\/americano.jpg\" alt=\"\" width=\"1147\" height=\"1202\" srcset=\"https:\/\/static-blogs.diariosur.es\/wp-content\/uploads\/sites\/12\/2025\/10\/americano.jpg 1147w, https:\/\/static-blogs.diariosur.es\/wp-content\/uploads\/sites\/12\/2025\/10\/americano-382x400.jpg 382w, https:\/\/static-blogs.diariosur.es\/wp-content\/uploads\/sites\/12\/2025\/10\/americano-389x408.jpg 389w, https:\/\/static-blogs.diariosur.es\/wp-content\/uploads\/sites\/12\/2025\/10\/americano-768x805.jpg 768w\" sizes=\"(max-width: 1147px) 100vw, 1147px\" \/><\/a><\/p>\n<p data-pm-slice=\"1 1 []\">Joya<\/p>\n<p data-pm-slice=\"1 1 []\"><a href=\"https:\/\/static-blogs.diariosur.es\/wp-content\/uploads\/sites\/12\/2025\/10\/joya.jpg\"><img loading=\"lazy\" class=\"aligncenter size-full wp-image-47031\" src=\"https:\/\/static-blogs.diariosur.es\/wp-content\/uploads\/sites\/12\/2025\/10\/joya.jpg\" alt=\"\" width=\"1143\" height=\"1140\" srcset=\"https:\/\/static-blogs.diariosur.es\/wp-content\/uploads\/sites\/12\/2025\/10\/joya.jpg 1143w, https:\/\/static-blogs.diariosur.es\/wp-content\/uploads\/sites\/12\/2025\/10\/joya-401x400.jpg 401w, https:\/\/static-blogs.diariosur.es\/wp-content\/uploads\/sites\/12\/2025\/10\/joya-409x408.jpg 409w, https:\/\/static-blogs.diariosur.es\/wp-content\/uploads\/sites\/12\/2025\/10\/joya-150x150.jpg 150w, https:\/\/static-blogs.diariosur.es\/wp-content\/uploads\/sites\/12\/2025\/10\/joya-768x766.jpg 768w\" sizes=\"(max-width: 1143px) 100vw, 1143px\" \/><\/a><\/p>\n<p data-pm-slice=\"1 1 []\">Multiglobal<\/p>\n<p data-pm-slice=\"1 1 []\"><a href=\"https:\/\/static-blogs.diariosur.es\/wp-content\/uploads\/sites\/12\/2025\/10\/multiglobal.jpg\"><img loading=\"lazy\" class=\"aligncenter size-full wp-image-47032\" src=\"https:\/\/static-blogs.diariosur.es\/wp-content\/uploads\/sites\/12\/2025\/10\/multiglobal.jpg\" alt=\"\" width=\"1142\" height=\"1133\" srcset=\"https:\/\/static-blogs.diariosur.es\/wp-content\/uploads\/sites\/12\/2025\/10\/multiglobal.jpg 1142w, https:\/\/static-blogs.diariosur.es\/wp-content\/uploads\/sites\/12\/2025\/10\/multiglobal-403x400.jpg 403w, https:\/\/static-blogs.diariosur.es\/wp-content\/uploads\/sites\/12\/2025\/10\/multiglobal-411x408.jpg 411w, https:\/\/static-blogs.diariosur.es\/wp-content\/uploads\/sites\/12\/2025\/10\/multiglobal-150x150.jpg 150w, https:\/\/static-blogs.diariosur.es\/wp-content\/uploads\/sites\/12\/2025\/10\/multiglobal-768x762.jpg 768w\" sizes=\"(max-width: 1142px) 100vw, 1142px\" \/><\/a><\/p>\n<p><strong>Reino Unido<\/strong><\/p>\n<p data-pm-slice=\"1 1 []\"><a href=\"https:\/\/static-blogs.diariosur.es\/wp-content\/uploads\/sites\/12\/2025\/10\/reino-unido.jpg\"><img loading=\"lazy\" class=\"aligncenter size-full wp-image-47033\" src=\"https:\/\/static-blogs.diariosur.es\/wp-content\/uploads\/sites\/12\/2025\/10\/reino-unido.jpg\" alt=\"\" width=\"1144\" height=\"1146\" srcset=\"https:\/\/static-blogs.diariosur.es\/wp-content\/uploads\/sites\/12\/2025\/10\/reino-unido.jpg 1144w, https:\/\/static-blogs.diariosur.es\/wp-content\/uploads\/sites\/12\/2025\/10\/reino-unido-399x400.jpg 399w, https:\/\/static-blogs.diariosur.es\/wp-content\/uploads\/sites\/12\/2025\/10\/reino-unido-407x408.jpg 407w, https:\/\/static-blogs.diariosur.es\/wp-content\/uploads\/sites\/12\/2025\/10\/reino-unido-150x150.jpg 150w, https:\/\/static-blogs.diariosur.es\/wp-content\/uploads\/sites\/12\/2025\/10\/reino-unido-768x769.jpg 768w\" sizes=\"(max-width: 1144px) 100vw, 1144px\" \/><\/a><\/p>\n<p data-pm-slice=\"1 1 []\">Suizo<\/p>\n<p data-pm-slice=\"1 1 []\"><a href=\"https:\/\/static-blogs.diariosur.es\/wp-content\/uploads\/sites\/12\/2025\/10\/suizo.jpg\"><img loading=\"lazy\" class=\"aligncenter size-full wp-image-47034\" src=\"https:\/\/static-blogs.diariosur.es\/wp-content\/uploads\/sites\/12\/2025\/10\/suizo.jpg\" alt=\"\" width=\"1138\" height=\"1142\" srcset=\"https:\/\/static-blogs.diariosur.es\/wp-content\/uploads\/sites\/12\/2025\/10\/suizo.jpg 1138w, https:\/\/static-blogs.diariosur.es\/wp-content\/uploads\/sites\/12\/2025\/10\/suizo-399x400.jpg 399w, https:\/\/static-blogs.diariosur.es\/wp-content\/uploads\/sites\/12\/2025\/10\/suizo-407x408.jpg 407w, https:\/\/static-blogs.diariosur.es\/wp-content\/uploads\/sites\/12\/2025\/10\/suizo-150x150.jpg 150w, https:\/\/static-blogs.diariosur.es\/wp-content\/uploads\/sites\/12\/2025\/10\/suizo-768x771.jpg 768w\" sizes=\"(max-width: 1138px) 100vw, 1138px\" \/><\/a><\/p>\n<p data-pm-slice=\"1 1 []\"><strong>Harmonie<\/strong><\/p>\n<p data-pm-slice=\"1 1 []\"><a href=\"https:\/\/static-blogs.diariosur.es\/wp-content\/uploads\/sites\/12\/2025\/10\/harmonie-e1761640694380.jpg\"><img loading=\"lazy\" class=\"aligncenter size-full wp-image-47035\" src=\"https:\/\/static-blogs.diariosur.es\/wp-content\/uploads\/sites\/12\/2025\/10\/harmonie-e1761640694380.jpg\" alt=\"\" width=\"1200\" height=\"912\" \/><\/a><\/p>\n","protected":false},"excerpt":{"rendered":"<p>Hola de nuevo, amigos de la meteo. Los acumulados en la provincia malague\u00f1a ma\u00f1ana mi\u00e9rcoles depender\u00e1n de si se reactiva el frente y si pasa despacio; por este motivo veis que la mayor\u00eda no coinciden a tan pocas horas. Hay algunos modelos que le dan m\u00e1s lentitud, con lo cual habr\u00eda m\u00e1s acumulados. Lo que [&hellip;]<\/p>\n","protected":false},"author":16,"featured_media":47036,"comment_status":"open","ping_status":"open","sticky":false,"template":"","format":"standard","meta":[],"categories":[2],"tags":[],"_links":{"self":[{"href":"https:\/\/blogs.diariosur.es\/tormentas-y-rayos\/wp-json\/wp\/v2\/posts\/47028"}],"collection":[{"href":"https:\/\/blogs.diariosur.es\/tormentas-y-rayos\/wp-json\/wp\/v2\/posts"}],"about":[{"href":"https:\/\/blogs.diariosur.es\/tormentas-y-rayos\/wp-json\/wp\/v2\/types\/post"}],"author":[{"embeddable":true,"href":"https:\/\/blogs.diariosur.es\/tormentas-y-rayos\/wp-json\/wp\/v2\/users\/16"}],"replies":[{"embeddable":true,"href":"https:\/\/blogs.diariosur.es\/tormentas-y-rayos\/wp-json\/wp\/v2\/comments?post=47028"}],"version-history":[{"count":3,"href":"https:\/\/blogs.diariosur.es\/tormentas-y-rayos\/wp-json\/wp\/v2\/posts\/47028\/revisions"}],"predecessor-version":[{"id":47040,"href":"https:\/\/blogs.diariosur.es\/tormentas-y-rayos\/wp-json\/wp\/v2\/posts\/47028\/revisions\/47040"}],"wp:featuredmedia":[{"embeddable":true,"href":"https:\/\/blogs.diariosur.es\/tormentas-y-rayos\/wp-json\/wp\/v2\/media\/47036"}],"wp:attachment":[{"href":"https:\/\/blogs.diariosur.es\/tormentas-y-rayos\/wp-json\/wp\/v2\/media?parent=47028"}],"wp:term":[{"taxonomy":"category","embeddable":true,"href":"https:\/\/blogs.diariosur.es\/tormentas-y-rayos\/wp-json\/wp\/v2\/categories?post=47028"},{"taxonomy":"post_tag","embeddable":true,"href":"https:\/\/blogs.diariosur.es\/tormentas-y-rayos\/wp-json\/wp\/v2\/tags?post=47028"}],"curies":[{"name":"wp","href":"https:\/\/api.w.org\/{rel}","templated":true}]}}