{"id":47041,"date":"2025-10-29T07:42:51","date_gmt":"2025-10-29T06:42:51","guid":{"rendered":"https:\/\/blogs.diariosur.es\/tormentas-y-rayos\/?p=47041"},"modified":"2025-10-29T07:46:08","modified_gmt":"2025-10-29T06:46:08","slug":"ultima-hora-de-las-lluvias-en-la-provincia-de-malaga-el-huracan-melissa-llegara-a-cuba-en-unas-horas","status":"publish","type":"post","link":"https:\/\/blogs.diariosur.es\/tormentas-y-rayos\/2025\/10\/29\/ultima-hora-de-las-lluvias-en-la-provincia-de-malaga-el-huracan-melissa-llegara-a-cuba-en-unas-horas\/","title":{"rendered":"\u00daltima hora de las lluvias en la provincia de M\u00e1laga. El hurac\u00e1n Melissa llegar\u00e1 a Cuba en unas horas"},"content":{"rendered":"<p data-pm-slice=\"1 1 []\"><a href=\"https:\/\/static-blogs.diariosur.es\/wp-content\/uploads\/sites\/12\/2025\/10\/444912498_10228884468795449_97962860407814916_n.jpg\"><img loading=\"lazy\" class=\"aligncenter size-thumbnail wp-image-46969\" src=\"https:\/\/static-blogs.diariosur.es\/wp-content\/uploads\/sites\/12\/2025\/10\/444912498_10228884468795449_97962860407814916_n-150x150.jpg\" alt=\"\" width=\"150\" height=\"150\" \/><\/a><\/p>\n<p data-pm-slice=\"1 1 []\">Buenos d\u00edas, amigos de la meteo. Como coment\u00e9 ayer, las precipitaciones llegar\u00e1n a la provincia de M\u00e1laga antes del mediod\u00eda, empezando por la zona m\u00e1s occidental. A los portales de M\u00e1laga capital m\u00e1s tarde. Ma\u00f1ana pondr\u00e9 los acumulados de la provincia y veremos en que zonas ha llovido mas.<\/p>\n<h3 data-pm-slice=\"1 1 []\"><span style=\"color: #ff0000;\"><strong>El hurac\u00e1n Melissa llegar\u00e1 a Cuba en unas horas<\/strong><\/span><\/h3>\n<p data-pm-slice=\"1 1 []\">El hurac\u00e1n Melissa, despu\u00e9s de arrasar Jamaica, est\u00e1 a punto de tocar tierra en Cuba como categor\u00eda 3, con vientos sostenidos de 205\u00a0km\/h.<\/p>\n<p data-pm-slice=\"1 1 []\">El Centro Nacional de Huracanes comenta esto es su pagina traducida al espa\u00f1ol, por cierto regular<\/p>\n<p>SE ESPERA QUE MELISSA TOQUE TIERRA PRONTO EN EL SUR<\/p>\n<p>COSTA ORIENTAL DE CUBA COMO UN HURAC\u00c1N MAYOR EXTREMADAMENTE PELIGROSO&#8230;<\/p>\n<p>En el este de Cuba, se esperan precipitaciones totales de entre 10 y 20 pulgadas durante la tormenta. Se esperan precipitaciones hasta hoy, con cantidades locales de hasta 25 pulgadas.<\/p>\n<p>sobre terreno monta\u00f1oso. Esto causar\u00e1 peligro de muerte y inundaciones repentinas potencialmente catastr\u00f3ficas con numerosos deslizamientos de tierra.<\/p>\n<p>MAREJADA CICL\u00d3NICA: Existe la posibilidad de una marejada cicl\u00f3nica significativa a lo largo de la costa sureste de Cuba esta ma\u00f1ana temprano. Altura m\u00e1xima de la marejada cicl\u00f3nica.<\/p>\n<p>Podr\u00eda alcanzar de 8 a 12 pies por encima de los niveles normales de marea, cerca y hacia el al este de donde el centro de Melissa toca tierra. Esta marejada cicl\u00f3nica<\/p>\n<p>Estar\u00e1 acompa\u00f1ado de olas grandes y destructivas. Peque\u00f1as olas costeras. Es posible que se produzcan inundaciones en bah\u00edas y ensenadas a lo largo de la costa norte de Cuba oriental.<\/p>\n<p>&nbsp;<\/p>\n<pre><\/pre>\n<p>&nbsp;<\/p>\n<p>&nbsp;<\/p>\n<p data-pm-slice=\"1 1 []\"><a href=\"https:\/\/static-blogs.diariosur.es\/wp-content\/uploads\/sites\/12\/2025\/10\/m-e1761717212152.jpg\"><img loading=\"lazy\" class=\"aligncenter size-full wp-image-47042\" src=\"https:\/\/static-blogs.diariosur.es\/wp-content\/uploads\/sites\/12\/2025\/10\/m-e1761717212152.jpg\" alt=\"\" width=\"1200\" height=\"887\" \/><\/a><\/p>\n<p data-pm-slice=\"1 1 []\"><a href=\"https:\/\/static-blogs.diariosur.es\/wp-content\/uploads\/sites\/12\/2025\/10\/mm-e1761717250568.jpg\"><img loading=\"lazy\" class=\"aligncenter size-full wp-image-47043\" src=\"https:\/\/static-blogs.diariosur.es\/wp-content\/uploads\/sites\/12\/2025\/10\/mm-e1761717250568.jpg\" alt=\"\" width=\"1200\" height=\"931\" \/><\/a><\/p>\n<p data-pm-slice=\"1 1 []\">Ayer antes de arrasar Jamaica<\/p>\n<p data-pm-slice=\"1 1 []\"><a href=\"https:\/\/static-blogs.diariosur.es\/wp-content\/uploads\/sites\/12\/2025\/10\/Captura-de-pantalla-2025-10-29-065516-e1761717366506.jpg\"><img loading=\"lazy\" class=\"aligncenter size-full wp-image-47044\" src=\"https:\/\/static-blogs.diariosur.es\/wp-content\/uploads\/sites\/12\/2025\/10\/Captura-de-pantalla-2025-10-29-065516-e1761717366506.jpg\" alt=\"\" width=\"1200\" height=\"815\" \/><\/a><\/p>\n<p data-pm-slice=\"1 1 []\"><a href=\"https:\/\/static-blogs.diariosur.es\/wp-content\/uploads\/sites\/12\/2025\/10\/z.png\"><img loading=\"lazy\" class=\"aligncenter size-full wp-image-47045\" src=\"https:\/\/static-blogs.diariosur.es\/wp-content\/uploads\/sites\/12\/2025\/10\/z.png\" alt=\"\" width=\"500\" height=\"500\" srcset=\"https:\/\/static-blogs.diariosur.es\/wp-content\/uploads\/sites\/12\/2025\/10\/z.png 500w, https:\/\/static-blogs.diariosur.es\/wp-content\/uploads\/sites\/12\/2025\/10\/z-400x400.png 400w, https:\/\/static-blogs.diariosur.es\/wp-content\/uploads\/sites\/12\/2025\/10\/z-408x408.png 408w, https:\/\/static-blogs.diariosur.es\/wp-content\/uploads\/sites\/12\/2025\/10\/z-150x150.png 150w\" sizes=\"(max-width: 500px) 100vw, 500px\" \/><\/a><\/p>\n<p data-pm-slice=\"1 1 []\"><a href=\"https:\/\/static-blogs.diariosur.es\/wp-content\/uploads\/sites\/12\/2025\/10\/G4XXo0xX0AA3Pf_.jpg\"><img loading=\"lazy\" class=\"aligncenter size-full wp-image-47046\" src=\"https:\/\/static-blogs.diariosur.es\/wp-content\/uploads\/sites\/12\/2025\/10\/G4XXo0xX0AA3Pf_.jpg\" alt=\"\" width=\"1117\" height=\"1085\" srcset=\"https:\/\/static-blogs.diariosur.es\/wp-content\/uploads\/sites\/12\/2025\/10\/G4XXo0xX0AA3Pf_.jpg 1117w, https:\/\/static-blogs.diariosur.es\/wp-content\/uploads\/sites\/12\/2025\/10\/G4XXo0xX0AA3Pf_-412x400.jpg 412w, https:\/\/static-blogs.diariosur.es\/wp-content\/uploads\/sites\/12\/2025\/10\/G4XXo0xX0AA3Pf_-420x408.jpg 420w, https:\/\/static-blogs.diariosur.es\/wp-content\/uploads\/sites\/12\/2025\/10\/G4XXo0xX0AA3Pf_-768x746.jpg 768w\" sizes=\"(max-width: 1117px) 100vw, 1117px\" \/><\/a><\/p>\n","protected":false},"excerpt":{"rendered":"<p>Buenos d\u00edas, amigos de la meteo. Como coment\u00e9 ayer, las precipitaciones llegar\u00e1n a la provincia de M\u00e1laga antes del mediod\u00eda, empezando por la zona m\u00e1s occidental. A los portales de M\u00e1laga capital m\u00e1s tarde. Ma\u00f1ana pondr\u00e9 los acumulados de la provincia y veremos en que zonas ha llovido mas. El hurac\u00e1n Melissa llegar\u00e1 a Cuba [&hellip;]<\/p>\n","protected":false},"author":16,"featured_media":47043,"comment_status":"open","ping_status":"open","sticky":false,"template":"","format":"standard","meta":[],"categories":[2],"tags":[100,151,301,358,496,529,587,636,676],"_links":{"self":[{"href":"https:\/\/blogs.diariosur.es\/tormentas-y-rayos\/wp-json\/wp\/v2\/posts\/47041"}],"collection":[{"href":"https:\/\/blogs.diariosur.es\/tormentas-y-rayos\/wp-json\/wp\/v2\/posts"}],"about":[{"href":"https:\/\/blogs.diariosur.es\/tormentas-y-rayos\/wp-json\/wp\/v2\/types\/post"}],"author":[{"embeddable":true,"href":"https:\/\/blogs.diariosur.es\/tormentas-y-rayos\/wp-json\/wp\/v2\/users\/16"}],"replies":[{"embeddable":true,"href":"https:\/\/blogs.diariosur.es\/tormentas-y-rayos\/wp-json\/wp\/v2\/comments?post=47041"}],"version-history":[{"count":4,"href":"https:\/\/blogs.diariosur.es\/tormentas-y-rayos\/wp-json\/wp\/v2\/posts\/47041\/revisions"}],"predecessor-version":[{"id":47050,"href":"https:\/\/blogs.diariosur.es\/tormentas-y-rayos\/wp-json\/wp\/v2\/posts\/47041\/revisions\/47050"}],"wp:featuredmedia":[{"embeddable":true,"href":"https:\/\/blogs.diariosur.es\/tormentas-y-rayos\/wp-json\/wp\/v2\/media\/47043"}],"wp:attachment":[{"href":"https:\/\/blogs.diariosur.es\/tormentas-y-rayos\/wp-json\/wp\/v2\/media?parent=47041"}],"wp:term":[{"taxonomy":"category","embeddable":true,"href":"https:\/\/blogs.diariosur.es\/tormentas-y-rayos\/wp-json\/wp\/v2\/categories?post=47041"},{"taxonomy":"post_tag","embeddable":true,"href":"https:\/\/blogs.diariosur.es\/tormentas-y-rayos\/wp-json\/wp\/v2\/tags?post=47041"}],"curies":[{"name":"wp","href":"https:\/\/api.w.org\/{rel}","templated":true}]}}