{"id":47051,"date":"2025-10-29T22:35:30","date_gmt":"2025-10-29T21:35:30","guid":{"rendered":"https:\/\/blogs.diariosur.es\/tormentas-y-rayos\/?p=47051"},"modified":"2025-10-30T08:43:31","modified_gmt":"2025-10-30T07:43:31","slug":"47051","status":"publish","type":"post","link":"https:\/\/blogs.diariosur.es\/tormentas-y-rayos\/2025\/10\/29\/47051\/","title":{"rendered":"Acumulados m\u00e1s importantes hoy 29 de octubre en la provincia de M\u00e1laga"},"content":{"rendered":"<p data-pm-slice=\"1 1 []\"><a href=\"https:\/\/static-blogs.diariosur.es\/wp-content\/uploads\/sites\/12\/2025\/10\/444912498_10228884468795449_97962860407814916_n.jpg\"><img loading=\"lazy\" class=\"aligncenter size-thumbnail wp-image-46969\" src=\"https:\/\/static-blogs.diariosur.es\/wp-content\/uploads\/sites\/12\/2025\/10\/444912498_10228884468795449_97962860407814916_n-150x150.jpg\" alt=\"\" width=\"150\" height=\"150\" \/><\/a><\/p>\n<p data-pm-slice=\"1 1 []\">Buenas noches, amigos de la meteo. Os pongo los acumulados m\u00e1s importantes de hoy 29 de octubre en la provincia de M\u00e1laga. En algunos puntos siguen cayendo chubascos.<\/p>\n<h3 data-pm-slice=\"1 1 []\"><strong>Fuente Acamet<\/strong><\/h3>\n<p>Datos facilitados por mi amigo Antonio Jes\u00fas Galiano.<\/p>\n<p>El Juanar 71 mm<\/p>\n<p>Oreganal (Cartijama) 70 mm<\/p>\n<p>Pilones (Tolox) 55 mm<\/p>\n<p>Pereilas Alta Co\u00edn 38 mm<\/p>\n<p>Libar (Benaojan) 41 mm<\/p>\n<p>Las Corchas Co\u00edn 50 mm<\/p>\n<h3><strong>Fuente Aemet<\/strong><\/h3>\n<p>Alpande\u00edre 62,6 mm<\/p>\n<p>Gauc\u00edn 23,4 mm<\/p>\n<p>Fuengirola 43,7 mm<\/p>\n<p>Torremolinos 39,4 mm<\/p>\n<p>M\u00e1laga Centro Meteorol\u00f3gico 17,8 mm<\/p>\n<p>Marbella 23,2 mm<\/p>\n<p>Ronda 36 mm mm<\/p>\n<p>V\u00e9lez M\u00e1laga 20 mm<\/p>\n<p>Algarrobo\u00a0 19,2<\/p>\n<h3><strong>Meteoclimatic<\/strong><\/h3>\n<p>Algatoc\u00edn 29,4 mm<\/p>\n<p>Archidona Barriada del Pilar 16,3 mm<\/p>\n<p>Tolox 33 mm<\/p>\n<p>Mijas Pueblo 37,8 mm<\/p>\n<p>Ist\u00e1n 46 mm<\/p>\n<p>C\u00e1rtama\u00a0 Sierra Llana 22,6 mm<\/p>\n<p>Alhaur\u00edn el Grande 23,4 mm<\/p>\n<p>Benalm\u00e1dena Arroyo de la Miel 39,6 mm<\/p>\n<p>Nerja Las Palmeras 20,4 mm<\/p>\n<h3><strong>Fuente Red Hidrosur<\/strong><\/h3>\n<p>Sierra Mijas 34,3 mm<\/p>\n<p>Los Reales 20,3 mm<\/p>\n<p>Majada de las Lomas 30,7 mm<\/p>\n<p>R\u00edo Genal Jubrique\u00a0 31,7 mm<\/p>\n<p>Pujerra 20 mm<\/p>\n<p>Cuevas del Becerro 23,5 mm<\/p>\n<p>Oj\u00e9n 52,4 mm<\/p>\n<p>Santo Pitar 20,9 mm<\/p>\n<p>Santo Pitar 20,9 mm<\/p>\n<p>Alcauc\u00edn 17 mm<\/p>\n<p>Villanueva de la Concepci\u00f3n 16,2 mm<\/p>\n<p>Casarabonela 19,6 mm<\/p>\n<p>Alfarnatejo 22,3 mm<\/p>\n<p>Rio Benamargosa\u00a0 24,1 mm<\/p>\n<p>Torre del Mar 17,2 mm<\/p>\n<p>La Ara\u00f1a 16,5 mm<\/p>\n<p>Rio Guadiaro Majaceite 25,2 mm<\/p>\n<p>Rio Grande 17,5 mm<\/p>\n<p>Fahala 24 mm<\/p>\n<p>Rio Guadalhorce C\u00e1rtama 21,8 mm<\/p>\n<p>Embalse de la Concepci\u00f3n 15,3 mm<\/p>\n<p>Embalse de la Vi\u00f1uela 17,1 mm<\/p>\n<p>Embalse De Casasola 12,4 mm<\/p>\n<p>Embalse Guadalmansa 19,1 mm<\/p>\n<p>&nbsp;<\/p>\n<h3><strong>Fuente Wunderground<\/strong><\/h3>\n<p>Yunquera 33 mm<\/p>\n<p>Arriate 32 mm<\/p>\n<p>Periana 32 mm<\/p>\n<p>Canillas del Aceituno 35 mm<\/p>\n<p>Benamocarra\u00a0 34 mm<\/p>\n<p>El Borge 30 mm<\/p>\n<p>El Sexmo 30 mm<\/p>\n<p>Rinc\u00f3n de la Victoria\u00a0 21 mm<\/p>\n<p>Iznate 32 mm<\/p>\n<p>El Burgo 16 mm<\/p>\n<p>&nbsp;<\/p>\n","protected":false},"excerpt":{"rendered":"<p>Buenas noches, amigos de la meteo. Os pongo los acumulados m\u00e1s importantes de hoy 29 de octubre en la provincia de M\u00e1laga. En algunos puntos siguen cayendo chubascos. Fuente Acamet Datos facilitados por mi amigo Antonio Jes\u00fas Galiano. El Juanar 71 mm Oreganal (Cartijama) 70 mm Pilones (Tolox) 55 mm Pereilas Alta Co\u00edn 38 mm [&hellip;]<\/p>\n","protected":false},"author":16,"featured_media":47054,"comment_status":"open","ping_status":"open","sticky":false,"template":"","format":"standard","meta":[],"categories":[2],"tags":[45,569,587],"_links":{"self":[{"href":"https:\/\/blogs.diariosur.es\/tormentas-y-rayos\/wp-json\/wp\/v2\/posts\/47051"}],"collection":[{"href":"https:\/\/blogs.diariosur.es\/tormentas-y-rayos\/wp-json\/wp\/v2\/posts"}],"about":[{"href":"https:\/\/blogs.diariosur.es\/tormentas-y-rayos\/wp-json\/wp\/v2\/types\/post"}],"author":[{"embeddable":true,"href":"https:\/\/blogs.diariosur.es\/tormentas-y-rayos\/wp-json\/wp\/v2\/users\/16"}],"replies":[{"embeddable":true,"href":"https:\/\/blogs.diariosur.es\/tormentas-y-rayos\/wp-json\/wp\/v2\/comments?post=47051"}],"version-history":[{"count":6,"href":"https:\/\/blogs.diariosur.es\/tormentas-y-rayos\/wp-json\/wp\/v2\/posts\/47051\/revisions"}],"predecessor-version":[{"id":47064,"href":"https:\/\/blogs.diariosur.es\/tormentas-y-rayos\/wp-json\/wp\/v2\/posts\/47051\/revisions\/47064"}],"wp:featuredmedia":[{"embeddable":true,"href":"https:\/\/blogs.diariosur.es\/tormentas-y-rayos\/wp-json\/wp\/v2\/media\/47054"}],"wp:attachment":[{"href":"https:\/\/blogs.diariosur.es\/tormentas-y-rayos\/wp-json\/wp\/v2\/media?parent=47051"}],"wp:term":[{"taxonomy":"category","embeddable":true,"href":"https:\/\/blogs.diariosur.es\/tormentas-y-rayos\/wp-json\/wp\/v2\/categories?post=47051"},{"taxonomy":"post_tag","embeddable":true,"href":"https:\/\/blogs.diariosur.es\/tormentas-y-rayos\/wp-json\/wp\/v2\/tags?post=47051"}],"curies":[{"name":"wp","href":"https:\/\/api.w.org\/{rel}","templated":true}]}}