{"id":47058,"date":"2025-10-30T08:17:12","date_gmt":"2025-10-30T07:17:12","guid":{"rendered":"https:\/\/blogs.diariosur.es\/tormentas-y-rayos\/?p=47058"},"modified":"2025-10-30T08:17:12","modified_gmt":"2025-10-30T07:17:12","slug":"que-tiempo-hara-en-la-noche-de-halloween-y-primer-fin-de-semana-de-noviembre-en-la-provincia-de-malaga","status":"publish","type":"post","link":"https:\/\/blogs.diariosur.es\/tormentas-y-rayos\/2025\/10\/30\/que-tiempo-hara-en-la-noche-de-halloween-y-primer-fin-de-semana-de-noviembre-en-la-provincia-de-malaga\/","title":{"rendered":"\u00bfQu\u00e9 tiempo har\u00e1 en la noche de Halloween y primer fin de semana de noviembre en la provincia de M\u00e1laga?"},"content":{"rendered":"<p data-pm-slice=\"1 1 []\"><a href=\"https:\/\/static-blogs.diariosur.es\/wp-content\/uploads\/sites\/12\/2025\/10\/444912498_10228884468795449_97962860407814916_n.jpg\"><img loading=\"lazy\" class=\"aligncenter size-thumbnail wp-image-46969\" src=\"https:\/\/static-blogs.diariosur.es\/wp-content\/uploads\/sites\/12\/2025\/10\/444912498_10228884468795449_97962860407814916_n-150x150.jpg\" alt=\"\" width=\"150\" height=\"150\" \/><\/a><\/p>\n<p data-pm-slice=\"1 1 []\">Muy buenos d\u00edas, amigos de la meteo. Cuando son las siete de la ma\u00f1ana en M\u00e1laga capital, el Centro Meteorol\u00f3gico de M\u00e1laga registra 17,6 \u00baC, los cielos est\u00e1n despejados de momento y el viento sopla flojo de direcci\u00f3n variable. Luego, m\u00e1s tarde, tendremos viento de terral de oto\u00f1o y poniente de flojo a moderado. Las temperaturas estar\u00e1n dentro de la media. Hay probabilidad de alguna precipitaci\u00f3n d\u00e9bil y ocasional por el interior, en la mayor\u00eda de los portales no.<\/p>\n<p data-pm-slice=\"1 1 []\">Por si alguno no vio el post de anoche a \u00faltima hora, lo pongo nuevamente.<\/p>\n<h3 class=\"voc-blogs-section\"><a href=\"https:\/\/blogs.diariosur.es\/tormentas-y-rayos\/2025\/10\/29\/47051\/\"><span style=\"color: #0000ff;\">Acumulados m\u00e1s importantes 29 de octubre en la provincia de M\u00e1laga<\/span><\/a><\/h3>\n<p>&nbsp;<\/p>\n<p><a href=\"https:\/\/static-blogs.diariosur.es\/wp-content\/uploads\/sites\/12\/2025\/10\/434362780_10228615402748966_105028421815520487_n-e1711895509435.jpg\"><img loading=\"lazy\" class=\"aligncenter size-full wp-image-47054\" src=\"https:\/\/static-blogs.diariosur.es\/wp-content\/uploads\/sites\/12\/2025\/10\/434362780_10228615402748966_105028421815520487_n-e1711895509435.jpg\" alt=\"\" width=\"900\" height=\"675\" srcset=\"https:\/\/static-blogs.diariosur.es\/wp-content\/uploads\/sites\/12\/2025\/10\/434362780_10228615402748966_105028421815520487_n-e1711895509435.jpg 900w, https:\/\/static-blogs.diariosur.es\/wp-content\/uploads\/sites\/12\/2025\/10\/434362780_10228615402748966_105028421815520487_n-e1711895509435-533x400.jpg 533w, https:\/\/static-blogs.diariosur.es\/wp-content\/uploads\/sites\/12\/2025\/10\/434362780_10228615402748966_105028421815520487_n-e1711895509435-544x408.jpg 544w, https:\/\/static-blogs.diariosur.es\/wp-content\/uploads\/sites\/12\/2025\/10\/434362780_10228615402748966_105028421815520487_n-e1711895509435-768x576.jpg 768w\" sizes=\"(max-width: 900px) 100vw, 900px\" \/><\/a><\/p>\n<p>&nbsp;<\/p>\n<h3><span style=\"color: #ff0000;\">\u00bfQu\u00e9 tiempo har\u00e1 en la noche de Halloween y primer fin de semana de noviembre en la provincia de M\u00e1laga?<\/span><\/h3>\n<p><strong>Viernes 31 de octubre<\/strong><\/p>\n<p data-pm-slice=\"1 1 []\">La probabilidad de precipitaciones es muy baja en toda la provincia; las temperaturas bajar\u00e1n ligeramente. No espero rachas fuertes de viento.<\/p>\n<p data-pm-slice=\"1 1 []\">La Aemet prev\u00e9 estas temperaturas m\u00e1ximas y m\u00ednimas ma\u00f1ana.<\/p>\n<p data-pm-slice=\"1 1 []\">\n<p data-pm-slice=\"1 1 []\"><a href=\"https:\/\/static-blogs.diariosur.es\/wp-content\/uploads\/sites\/12\/2025\/10\/viernes-2.jpg\"><img loading=\"lazy\" class=\"aligncenter size-full wp-image-47059\" src=\"https:\/\/static-blogs.diariosur.es\/wp-content\/uploads\/sites\/12\/2025\/10\/viernes-2.jpg\" alt=\"\" width=\"1043\" height=\"815\" srcset=\"https:\/\/static-blogs.diariosur.es\/wp-content\/uploads\/sites\/12\/2025\/10\/viernes-2.jpg 1043w, https:\/\/static-blogs.diariosur.es\/wp-content\/uploads\/sites\/12\/2025\/10\/viernes-2-512x400.jpg 512w, https:\/\/static-blogs.diariosur.es\/wp-content\/uploads\/sites\/12\/2025\/10\/viernes-2-522x408.jpg 522w, https:\/\/static-blogs.diariosur.es\/wp-content\/uploads\/sites\/12\/2025\/10\/viernes-2-768x600.jpg 768w\" sizes=\"(max-width: 1043px) 100vw, 1043px\" \/><\/a><\/p>\n<p data-pm-slice=\"1 1 []\">\n<p data-pm-slice=\"1 1 []\"><strong>S\u00e1bado 1 de noviembre<\/strong><\/p>\n<p data-pm-slice=\"1 1 []\">El primer d\u00eda de noviembre lo comenzaremos con probabilidad muy baja de precipitaciones; la madrugada de Halloween los ni\u00f1os podr\u00e1n disfrutar. No espero rachas de viento fuerte.<\/p>\n<p data-pm-slice=\"1 1 []\">La Aemet prev\u00e9 estas temperaturas m\u00e1ximas y m\u00ednimas ma\u00f1ana.<\/p>\n<p data-pm-slice=\"1 1 []\">\n<p data-pm-slice=\"1 1 []\"><a href=\"https:\/\/static-blogs.diariosur.es\/wp-content\/uploads\/sites\/12\/2025\/10\/sabado-2.jpg\"><img loading=\"lazy\" class=\"aligncenter size-full wp-image-47060\" src=\"https:\/\/static-blogs.diariosur.es\/wp-content\/uploads\/sites\/12\/2025\/10\/sabado-2.jpg\" alt=\"\" width=\"1044\" height=\"827\" srcset=\"https:\/\/static-blogs.diariosur.es\/wp-content\/uploads\/sites\/12\/2025\/10\/sabado-2.jpg 1044w, https:\/\/static-blogs.diariosur.es\/wp-content\/uploads\/sites\/12\/2025\/10\/sabado-2-505x400.jpg 505w, https:\/\/static-blogs.diariosur.es\/wp-content\/uploads\/sites\/12\/2025\/10\/sabado-2-515x408.jpg 515w, https:\/\/static-blogs.diariosur.es\/wp-content\/uploads\/sites\/12\/2025\/10\/sabado-2-768x608.jpg 768w\" sizes=\"(max-width: 1044px) 100vw, 1044px\" \/><\/a><\/p>\n<p data-pm-slice=\"1 1 []\">\n<p data-pm-slice=\"1 1 []\"><strong>Domingo 2 de noviembre<\/strong><\/p>\n<p data-pm-slice=\"1 1 []\">El domingo se espera un frente fr\u00edo muy poco activo durante la madrugada y primeras horas de la ma\u00f1ana; puede dejar chubascos d\u00e9biles y ocasionales por el interior m\u00e1s occidental de la provincia malague\u00f1a; en las dem\u00e1s zonas de la provincia, la probabilidad es muy baja. Se esperan rachas de moderadas a fuertes de terral de oto\u00f1o y poniente en toda la costa malague\u00f1a, siendo m\u00e1s probables por la tarde. Donde entre el terral, las m\u00e1ximas estar\u00e1n por encima de la media.<\/p>\n<p data-pm-slice=\"1 1 []\">La Aemet prev\u00e9 estas temperaturas m\u00e1ximas y m\u00ednimas ma\u00f1ana.<\/p>\n<p data-pm-slice=\"1 1 []\">\n<p data-pm-slice=\"1 1 []\"><a href=\"https:\/\/static-blogs.diariosur.es\/wp-content\/uploads\/sites\/12\/2025\/10\/domingo-3.jpg\"><img loading=\"lazy\" class=\"aligncenter size-full wp-image-47061\" src=\"https:\/\/static-blogs.diariosur.es\/wp-content\/uploads\/sites\/12\/2025\/10\/domingo-3.jpg\" alt=\"\" width=\"1035\" height=\"819\" srcset=\"https:\/\/static-blogs.diariosur.es\/wp-content\/uploads\/sites\/12\/2025\/10\/domingo-3.jpg 1035w, https:\/\/static-blogs.diariosur.es\/wp-content\/uploads\/sites\/12\/2025\/10\/domingo-3-505x400.jpg 505w, https:\/\/static-blogs.diariosur.es\/wp-content\/uploads\/sites\/12\/2025\/10\/domingo-3-516x408.jpg 516w, https:\/\/static-blogs.diariosur.es\/wp-content\/uploads\/sites\/12\/2025\/10\/domingo-3-768x608.jpg 768w\" sizes=\"(max-width: 1035px) 100vw, 1035px\" \/><\/a><\/p>\n<p data-pm-slice=\"1 1 []\">\n<p>&nbsp;<\/p>\n<p>Hasta ma\u00f1ana. os dejo con esta foto de archivo de hace unos a\u00f1os; tuvimos un impresionante candilazo.<\/p>\n<p>&nbsp;<\/p>\n<p><a href=\"https:\/\/static-blogs.diariosur.es\/wp-content\/uploads\/sites\/12\/2025\/10\/G4W32_vW0AAsjTL-e1761808552251.jpg\"><img loading=\"lazy\" class=\"aligncenter size-full wp-image-47062\" src=\"https:\/\/static-blogs.diariosur.es\/wp-content\/uploads\/sites\/12\/2025\/10\/G4W32_vW0AAsjTL-e1761808552251.jpg\" alt=\"\" width=\"1200\" height=\"800\" \/><\/a><\/p>\n<p>&nbsp;<\/p>\n","protected":false},"excerpt":{"rendered":"<p>Muy buenos d\u00edas, amigos de la meteo. Cuando son las siete de la ma\u00f1ana en M\u00e1laga capital, el Centro Meteorol\u00f3gico de M\u00e1laga registra 17,6 \u00baC, los cielos est\u00e1n despejados de momento y el viento sopla flojo de direcci\u00f3n variable. Luego, m\u00e1s tarde, tendremos viento de terral de oto\u00f1o y poniente de flojo a moderado. Las [&hellip;]<\/p>\n","protected":false},"author":16,"featured_media":47062,"comment_status":"open","ping_status":"open","sticky":false,"template":"","format":"standard","meta":[],"categories":[2],"tags":[100,358,1865,587,800],"_links":{"self":[{"href":"https:\/\/blogs.diariosur.es\/tormentas-y-rayos\/wp-json\/wp\/v2\/posts\/47058"}],"collection":[{"href":"https:\/\/blogs.diariosur.es\/tormentas-y-rayos\/wp-json\/wp\/v2\/posts"}],"about":[{"href":"https:\/\/blogs.diariosur.es\/tormentas-y-rayos\/wp-json\/wp\/v2\/types\/post"}],"author":[{"embeddable":true,"href":"https:\/\/blogs.diariosur.es\/tormentas-y-rayos\/wp-json\/wp\/v2\/users\/16"}],"replies":[{"embeddable":true,"href":"https:\/\/blogs.diariosur.es\/tormentas-y-rayos\/wp-json\/wp\/v2\/comments?post=47058"}],"version-history":[{"count":1,"href":"https:\/\/blogs.diariosur.es\/tormentas-y-rayos\/wp-json\/wp\/v2\/posts\/47058\/revisions"}],"predecessor-version":[{"id":47063,"href":"https:\/\/blogs.diariosur.es\/tormentas-y-rayos\/wp-json\/wp\/v2\/posts\/47058\/revisions\/47063"}],"wp:featuredmedia":[{"embeddable":true,"href":"https:\/\/blogs.diariosur.es\/tormentas-y-rayos\/wp-json\/wp\/v2\/media\/47062"}],"wp:attachment":[{"href":"https:\/\/blogs.diariosur.es\/tormentas-y-rayos\/wp-json\/wp\/v2\/media?parent=47058"}],"wp:term":[{"taxonomy":"category","embeddable":true,"href":"https:\/\/blogs.diariosur.es\/tormentas-y-rayos\/wp-json\/wp\/v2\/categories?post=47058"},{"taxonomy":"post_tag","embeddable":true,"href":"https:\/\/blogs.diariosur.es\/tormentas-y-rayos\/wp-json\/wp\/v2\/tags?post=47058"}],"curies":[{"name":"wp","href":"https:\/\/api.w.org\/{rel}","templated":true}]}}