{"id":47067,"date":"2025-10-31T08:03:03","date_gmt":"2025-10-31T07:03:03","guid":{"rendered":"https:\/\/blogs.diariosur.es\/tormentas-y-rayos\/?p=47067"},"modified":"2025-10-31T08:03:03","modified_gmt":"2025-10-31T07:03:03","slug":"hoy-31-de-octubre-el-aeropuerto-de-malaga-registra-la-minima-mas-baja-desde-que-comenzo-el-mes","status":"publish","type":"post","link":"https:\/\/blogs.diariosur.es\/tormentas-y-rayos\/2025\/10\/31\/hoy-31-de-octubre-el-aeropuerto-de-malaga-registra-la-minima-mas-baja-desde-que-comenzo-el-mes\/","title":{"rendered":"Hoy 31 de octubre el aeropuerto de M\u00e1laga registra la m\u00ednima m\u00e1s baja desde que comenz\u00f3 el mes"},"content":{"rendered":"<p data-pm-slice=\"1 1 []\"><a href=\"https:\/\/static-blogs.diariosur.es\/wp-content\/uploads\/sites\/12\/2025\/10\/444912498_10228884468795449_97962860407814916_n.jpg\"><img loading=\"lazy\" class=\"aligncenter size-thumbnail wp-image-46969\" src=\"https:\/\/static-blogs.diariosur.es\/wp-content\/uploads\/sites\/12\/2025\/10\/444912498_10228884468795449_97962860407814916_n-150x150.jpg\" alt=\"\" width=\"150\" height=\"150\" \/><\/a><\/p>\n<p data-pm-slice=\"1 1 []\">Buenos d\u00edas, amigos de la meteo. El 20 de octubre la estaci\u00f3n de la Aemet del aeropuerto registr\u00f3 una m\u00ednima de 14,3 \u00baC y una m\u00e1xima de 29,7 \u00baC; hoy viernes 31 la m\u00ednima ha sido de <span style=\"color: #0000ff;\"><strong>13,9 \u00baC<\/strong><\/span>; la m\u00e1xima la sabremos a las cinco de la tarde; no creo que sobrepasemos los 25 \u00baC. Al no tener viento, la sensaci\u00f3n t\u00e9rmica no es de mucho fr\u00edo.<\/p>\n<p data-pm-slice=\"1 1 []\">Curiosamente, solo dos capitales de Andaluc\u00eda han tenido una m\u00ednima m\u00e1s baja: Granada aeropuerto con <span style=\"color: #0000ff;\"><strong>10,4 \u00baC<\/strong><\/span> y Ja\u00e9n con <span style=\"color: #0000ff;\"><strong>13,1 \u00baC.\u00a0<\/strong><\/span><\/p>\n<p>Las dem\u00e1s capitales de Andaluc\u00eda han registrado estas m\u00ednimas.<\/p>\n<p>Almer\u00eda aeropuerto 16,4 \u00baC<\/p>\n<p>C\u00f3rdoba aeropuerto 15,8 \u00b0C<\/p>\n<p>Sevilla aeropuerto 15,6 \u00baC<\/p>\n<p>C\u00e1diz 18,4 \u00b0C<\/p>\n<p>Huelva 16,6 \u00baC<\/p>\n<p><strong>Datos con los sinop actualizados\u00a0<\/strong><\/p>\n<p>&nbsp;<\/p>\n<p>&nbsp;<\/p>\n","protected":false},"excerpt":{"rendered":"<p>Buenos d\u00edas, amigos de la meteo. El 20 de octubre la estaci\u00f3n de la Aemet del aeropuerto registr\u00f3 una m\u00ednima de 14,3 \u00baC y una m\u00e1xima de 29,7 \u00baC; hoy viernes 31 la m\u00ednima ha sido de 13,9 \u00baC; la m\u00e1xima la sabremos a las cinco de la tarde; no creo que sobrepasemos los 25 [&hellip;]<\/p>\n","protected":false},"author":16,"featured_media":47070,"comment_status":"open","ping_status":"open","sticky":false,"template":"","format":"standard","meta":[],"categories":[2],"tags":[100,358,587,659,800],"_links":{"self":[{"href":"https:\/\/blogs.diariosur.es\/tormentas-y-rayos\/wp-json\/wp\/v2\/posts\/47067"}],"collection":[{"href":"https:\/\/blogs.diariosur.es\/tormentas-y-rayos\/wp-json\/wp\/v2\/posts"}],"about":[{"href":"https:\/\/blogs.diariosur.es\/tormentas-y-rayos\/wp-json\/wp\/v2\/types\/post"}],"author":[{"embeddable":true,"href":"https:\/\/blogs.diariosur.es\/tormentas-y-rayos\/wp-json\/wp\/v2\/users\/16"}],"replies":[{"embeddable":true,"href":"https:\/\/blogs.diariosur.es\/tormentas-y-rayos\/wp-json\/wp\/v2\/comments?post=47067"}],"version-history":[{"count":3,"href":"https:\/\/blogs.diariosur.es\/tormentas-y-rayos\/wp-json\/wp\/v2\/posts\/47067\/revisions"}],"predecessor-version":[{"id":47071,"href":"https:\/\/blogs.diariosur.es\/tormentas-y-rayos\/wp-json\/wp\/v2\/posts\/47067\/revisions\/47071"}],"wp:featuredmedia":[{"embeddable":true,"href":"https:\/\/blogs.diariosur.es\/tormentas-y-rayos\/wp-json\/wp\/v2\/media\/47070"}],"wp:attachment":[{"href":"https:\/\/blogs.diariosur.es\/tormentas-y-rayos\/wp-json\/wp\/v2\/media?parent=47067"}],"wp:term":[{"taxonomy":"category","embeddable":true,"href":"https:\/\/blogs.diariosur.es\/tormentas-y-rayos\/wp-json\/wp\/v2\/categories?post=47067"},{"taxonomy":"post_tag","embeddable":true,"href":"https:\/\/blogs.diariosur.es\/tormentas-y-rayos\/wp-json\/wp\/v2\/tags?post=47067"}],"curies":[{"name":"wp","href":"https:\/\/api.w.org\/{rel}","templated":true}]}}